{"id":22723,"date":"2026-01-28T20:21:20","date_gmt":"2026-01-29T00:21:20","guid":{"rendered":"https:\/\/samantharadionline.com\/?p=22723"},"modified":"2026-01-28T20:21:20","modified_gmt":"2026-01-29T00:21:20","slug":"funcionarios-no-participaran-en-empresas-del-estado","status":"publish","type":"post","link":"https:\/\/samantharadionline.com\/index.php\/2026\/01\/28\/funcionarios-no-participaran-en-empresas-del-estado\/","title":{"rendered":"Funcionarios no participaran en empresas del Estado"},"content":{"rendered":"\n<p class=\"has-medium-font-size\"><em>El mandatario afirm\u00f3 que, a partir de hoy, todas las instituciones sujetas al \u00e1mbito de aplicaci\u00f3n del marco normativo deben aplicarlo de manera obligatoria<\/em><\/p>\n\n\n\n<figure class=\"wp-block-image\"><img decoding=\"async\" src=\"https:\/\/listindiario.com\/files\/image_60_60\/uploads\/2023\/05\/16\/64638cfd2419c.jpeg\" alt=\"Avatar del Javier Flores\"\/><\/figure>\n\n\n\n<p><strong><em>\u00a0<\/em>Javier Flores, Santo Domingo, RD<\/strong><\/p>\n\n\n\n<p id=\"m108355-108354-108356\">A partir de la firma del<strong>&nbsp;presidente Luis Abinader&nbsp;<\/strong>en el reglamento de aplicaci\u00f3n entra en vigencia la nueva&nbsp;<strong>ley 47-25<\/strong>, de&nbsp;<strong>Contrataciones P\u00fablicas<\/strong>, m\u00e1s de 180 d\u00edas despu\u00e9s de su promulgaci\u00f3n a finales del mes de julio del 2025.<\/p>\n\n\n\n<p id=\"m108360-108359-108361\">En un acto reliazado en el Palacio Nacional, el director de General de Contrataciones P\u00fablicas,&nbsp;<strong>Carlos Pimentel<\/strong>, explic\u00f3 que con la entrada en vigencia de la ley, los funcionarios y legisladores no podr\u00e1n tener ning\u00fan tipo de participaci\u00f3n en las empresas que negocien con alguna instituci\u00f3n p\u00fablica.<\/p>\n\n\n\n<p id=\"m108365-108364-108366\">\u00abEsta normativa devuelve el r\u00e9gimen de consecuencias a la ley que fue suprimido en el 2006. La normativa fortalece el r\u00e9gimen de incompatibilidad, quienes no pueden contratar con el Estado; funcionarios, enti\u00e9ndase ministros, directores, senadores y diputados, alcaldes, regidores, entre otros, no pueden contratar con el Estado independientemente de la participaci\u00f3n accionaria que tengan en la empresa\u00bb, manifest\u00f3 Pimentel al ser abordado por periodistas.<\/p>\n\n\n\n<p id=\"m108370-108369-108371\">Agreg\u00f3 que en la legislaci\u00f3n anterior, los funcionarios, legisladores y ediles podr\u00edan tener una participaci\u00f3n accionaria de un 10% o menos en la empresa que desee ser contratada por el Estado. Pimentel indic\u00f3 que las diferentes violaciones tendr\u00e1n sanciones administrativas y penales, incluyendo la privaci\u00f3n de libertad, entre dos y 10 a\u00f1os.<\/p>\n\n\n\n<h3 class=\"wp-block-heading\">Normas claras<\/h3>\n\n\n\n<p id=\"m108375-108374-108376\">Abinader manifest\u00f3 que el objetivo principal de la puesta en funcionamiento de la ley es que el Estado Dominicano comience a funcionar con \u00abnormas claras y permanentes\u201d.<\/p>\n\n\n\n<p id=\"m108380-108379-108381\">\u201cEste Gobierno ha apostado a algo fundamental: que las instituciones sean m\u00e1s fuertes que las personas; que las reglas sean m\u00e1s duraderas que los cargos; que el inter\u00e9s general est\u00e9 siempre por encima de cualquier conveniencia particular. Ese es el pa\u00eds que creemos. Ese es el pa\u00eds que estamos construyendo\u201d, indic\u00f3 el presidente.<\/p>\n\n\n\n<p id=\"m108385-108384-108386\">Al pronunciar las palabras centrales, el mandatario asegur\u00f3 que el nuevo sistema refuerza la planificaci\u00f3n, mejora la competencia, fortalece los controles y promueve una cultura de prevenci\u00f3n, en consonancia con el compromiso asumido al inicio de su gesti\u00f3n de fortalecer las instituciones, proteger los&nbsp;<strong>recursos p\u00fablicos&nbsp;<\/strong>y cerrar los espacios donde hist\u00f3ricamente se ha producido el abuso, la improvisaci\u00f3n y la falta de controles.<\/p>\n\n\n\n<p id=\"m108390-108389-108391\">\u201cEsta reforma no busca obstaculizar la gesti\u00f3n p\u00fablica. Busca fortalecerla. No busca paralizar al Estado. Busca hacerlo m\u00e1s eficiente, m\u00e1s previsible y m\u00e1s confiable\u201d, subray\u00f3 Abinader, tras afirmar que la nueva ley consolida un modelo de gesti\u00f3n donde las decisiones dejan rastro, tienen responsables y pueden ser verificadas en cualquier momento.<\/p>\n\n\n\n<p id=\"m108395-108394-108396\">En su discurso, el jefe del Estado destac\u00f3 que esta reforma alinea a la Rep\u00fablica Dominicana con est\u00e1ndares internacionales de buena gobernanza, competitividad y confianza institucional, asegurando que las reglas permanezcan m\u00e1s all\u00e1 de cualquier Gobierno.<\/p>\n\n\n\n<h3 class=\"wp-block-heading\">Decreto<\/h3>\n\n\n\n<p id=\"m108400-108399-108401\">El reglamento est\u00e1 contenido en el decreto 52-26.<\/p>\n\n\n\n<p id=\"m108405-108404-108406\">El mandatario tambi\u00e9n aprovech\u00f3 para reconocer el trabajo realizado por la&nbsp;<strong>Direcci\u00f3n General de Contrataciones P\u00fablicas<\/strong>&nbsp;(DGCP), la Consultor\u00eda Jur\u00eddica del Poder Ejecutivo y los equipos t\u00e9cnicos que hicieron posible el nuevo marco normativo, el cual contribuir\u00e1 al fortalecimiento institucional del pa\u00eds.<\/p>\n","protected":false},"excerpt":{"rendered":"<p>El mandatario afirm\u00f3 que, a partir de hoy, todas las instituciones sujetas al \u00e1mbito de<\/p>\n","protected":false},"author":1,"featured_media":22724,"comment_status":"open","ping_status":"open","sticky":false,"template":"","format":"standard","meta":{"footnotes":""},"categories":[10],"tags":[],"class_list":["post-22723","post","type-post","status-publish","format-standard","has-post-thumbnail","hentry","category-economica"],"_links":{"self":[{"href":"https:\/\/samantharadionline.com\/index.php\/wp-json\/wp\/v2\/posts\/22723","targetHints":{"allow":["GET"]}}],"collection":[{"href":"https:\/\/samantharadionline.com\/index.php\/wp-json\/wp\/v2\/posts"}],"about":[{"href":"https:\/\/samantharadionline.com\/index.php\/wp-json\/wp\/v2\/types\/post"}],"author":[{"embeddable":true,"href":"https:\/\/samantharadionline.com\/index.php\/wp-json\/wp\/v2\/users\/1"}],"replies":[{"embeddable":true,"href":"https:\/\/samantharadionline.com\/index.php\/wp-json\/wp\/v2\/comments?post=22723"}],"version-history":[{"count":1,"href":"https:\/\/samantharadionline.com\/index.php\/wp-json\/wp\/v2\/posts\/22723\/revisions"}],"predecessor-version":[{"id":22725,"href":"https:\/\/samantharadionline.com\/index.php\/wp-json\/wp\/v2\/posts\/22723\/revisions\/22725"}],"wp:featuredmedia":[{"embeddable":true,"href":"https:\/\/samantharadionline.com\/index.php\/wp-json\/wp\/v2\/media\/22724"}],"wp:attachment":[{"href":"https:\/\/samantharadionline.com\/index.php\/wp-json\/wp\/v2\/media?parent=22723"}],"wp:term":[{"taxonomy":"category","embeddable":true,"href":"https:\/\/samantharadionline.com\/index.php\/wp-json\/wp\/v2\/categories?post=22723"},{"taxonomy":"post_tag","embeddable":true,"href":"https:\/\/samantharadionline.com\/index.php\/wp-json\/wp\/v2\/tags?post=22723"}],"curies":[{"name":"wp","href":"https:\/\/api.w.org\/{rel}","templated":true}]}}