{"id":22720,"date":"2026-01-28T20:18:44","date_gmt":"2026-01-29T00:18:44","guid":{"rendered":"https:\/\/samantharadionline.com\/?p=22720"},"modified":"2026-01-28T20:18:45","modified_gmt":"2026-01-29T00:18:45","slug":"la-investigacion-no-se-ha-cerrado-sobre-desaparicion-de-la-nina-brianna","status":"publish","type":"post","link":"https:\/\/samantharadionline.com\/index.php\/2026\/01\/28\/la-investigacion-no-se-ha-cerrado-sobre-desaparicion-de-la-nina-brianna\/","title":{"rendered":"\u201cLa investigaci\u00f3n no se ha cerrado\u201d sobre desaparici\u00f3n de la ni\u00f1a Brianna"},"content":{"rendered":"\n<p class=\"has-medium-font-size\"><em>La ministra de Interior y Polic\u00eda dijo que las autoridades disponen de un solo testimonio<\/em><\/p>\n\n\n\n<p><br><strong>Santo Domingo, RD<\/strong><\/p>\n\n\n\n<p id=\"m3295-3294-3296\">La&nbsp;<strong>ministra de Interior y Polic\u00eda<\/strong>,<strong>&nbsp;Faride Raful,<\/strong>&nbsp;dijo este mi\u00e9rcoles que la investigaci\u00f3n en torno a la desaparici\u00f3n de la&nbsp;<strong>ni\u00f1a Brianna Genao Gonz\u00e1lez<\/strong>&nbsp;\u201cno se ha cerrado\u201d.<\/p>\n\n\n\n<p id=\"m3300-3299-3301\">Brianna, de 3 a\u00f1os, desapareci\u00f3 el pasado 31 de diciembre de 2025 en la comunidad de Barrero, en Puerto Plata, al norte de Rep\u00fablica Dominicana.<\/p>\n\n\n\n<p id=\"m3305-3304-3306\">Desde entonces, las autoridades han desplegado un operativo de<strong>&nbsp;b\u00fasqueda<\/strong>&nbsp;que cont\u00f3 con la colaboraci\u00f3n de t\u00e9cnico y unidades caninas del&nbsp;<strong>Bur\u00f3 Federal de Investigaci\u00f3n&nbsp;<\/strong>(<strong>FBI<\/strong>).<\/p>\n\n\n\n<p id=\"m3310-3309-3311\">\u201cLa investigaci\u00f3n no se ha cerrado. Desde el primer d\u00eda se dio asistencia. La familia notific\u00f3 a las ocho de la noche a la Polic\u00eda Nacional y se aperson\u00f3\u201d, record\u00f3 Raful.<\/p>\n\n\n\n<p id=\"m3315-3314-3316\">\u201cDesde entonces, conjuntamente con el Ministerio P\u00fablico, se ha estado en&nbsp;<strong>investigaciones<\/strong>,&nbsp;<strong>interrogatorios<\/strong>, y en todo lo que ustedes se puedan imaginar\u201d, a\u00f1adi\u00f3.<\/p>\n\n\n\n<figure class=\"wp-block-image\" id=\"m3320-3319-3321\"><img decoding=\"async\" src=\"https:\/\/listindiario.com\/files\/vertical_main_image\/files\/fp\/uploads\/2026\/01\/22\/69726edb6bc0e.r_d.78-65.jpeg\" alt=\"Disminuyen los rescatistas en la busqueda de Bianna Genao.\"\/><figcaption class=\"wp-element-caption\">Disminuyen los rescatistas en la busqueda de Bianna Genao.Listin Diario<\/figcaption><\/figure>\n\n\n\n<p id=\"m3332-3331-3333\">La funcionaria habl\u00f3 del tema durante una entrevista televisada en el programa \u2018Hoy Mismo Matinal\u2019, que se transmite por Color Visi\u00f3n (Canal 9).<\/p>\n\n\n\n<p id=\"m3337-3336-3338\">Preguntada por la supuesta golpiza por parte de polic\u00edas a los\u00a0<strong>t\u00edos de Brianna<\/strong>, que hab\u00edan revelado presuntas agresiones a la ni\u00f1a, Raful respondi\u00f3: \u201c<strong>No hay evidencias de eso<\/strong>\u201d.<\/p>\n\n\n\n<p id=\"m3342-3341-3343\">La ministra indic\u00f3 que las autoridades disponen de un solo testimonio, que no especific\u00f3 si era uno de los t\u00edos.<\/p>\n\n\n\n<p id=\"m3347-3346-3348\">Sin embargo, subray\u00f3 que \u201cm\u00e1s que el testimonio, debemos tambi\u00e9n encontrar hallazgos y pruebas para vincular la responsabilidad penal de una persona\u201d.<\/p>\n\n\n\n<p id=\"m3352-3351-3353\">\u201cNo se puede actuar a la ligera. Por eso se sigue buscando\u201d, afirm\u00f3. \u201cEl Ministerio P\u00fablico no se ha detenido en la b\u00fasqueda. No vamos a descansar hasta encontrarla\u201d, agreg\u00f3.<\/p>\n\n\n\n<h3 class=\"wp-block-heading\">Tr\u00e1fico de \u00f3rganos<\/h3>\n\n\n\n<p id=\"m3357-3356-3358\">La ministra Raful volvi\u00f3 a descartar que en el pa\u00eds existan redes dedicadas al tr\u00e1fico de \u00f3rganos.<\/p>\n\n\n\n<p id=\"m3362-3361-3363\">\u201cComo autoridades no tenemos constancia de que exista una mafia dedicada, organizada, al tr\u00e1fico de \u00f3rganos\u201d, asegur\u00f3.<\/p>\n\n\n\n<p id=\"m3367-3366-3368\">El pasado 19 de enero Raful tambi\u00e9n habl\u00f3 del tema y afirm\u00f3: \u201cNo tenemos constatado de que exista una red con herramientas que permita que este tipo de cosas ocurran en territorio nacional\u201d.<\/p>\n","protected":false},"excerpt":{"rendered":"<p>La ministra de Interior y Polic\u00eda dijo que las autoridades disponen de un solo testimonio<\/p>\n","protected":false},"author":1,"featured_media":22721,"comment_status":"open","ping_status":"open","sticky":false,"template":"","format":"standard","meta":{"footnotes":""},"categories":[12],"tags":[],"class_list":["post-22720","post","type-post","status-publish","format-standard","has-post-thumbnail","hentry","category-nacionales"],"_links":{"self":[{"href":"https:\/\/samantharadionline.com\/index.php\/wp-json\/wp\/v2\/posts\/22720","targetHints":{"allow":["GET"]}}],"collection":[{"href":"https:\/\/samantharadionline.com\/index.php\/wp-json\/wp\/v2\/posts"}],"about":[{"href":"https:\/\/samantharadionline.com\/index.php\/wp-json\/wp\/v2\/types\/post"}],"author":[{"embeddable":true,"href":"https:\/\/samantharadionline.com\/index.php\/wp-json\/wp\/v2\/users\/1"}],"replies":[{"embeddable":true,"href":"https:\/\/samantharadionline.com\/index.php\/wp-json\/wp\/v2\/comments?post=22720"}],"version-history":[{"count":1,"href":"https:\/\/samantharadionline.com\/index.php\/wp-json\/wp\/v2\/posts\/22720\/revisions"}],"predecessor-version":[{"id":22722,"href":"https:\/\/samantharadionline.com\/index.php\/wp-json\/wp\/v2\/posts\/22720\/revisions\/22722"}],"wp:featuredmedia":[{"embeddable":true,"href":"https:\/\/samantharadionline.com\/index.php\/wp-json\/wp\/v2\/media\/22721"}],"wp:attachment":[{"href":"https:\/\/samantharadionline.com\/index.php\/wp-json\/wp\/v2\/media?parent=22720"}],"wp:term":[{"taxonomy":"category","embeddable":true,"href":"https:\/\/samantharadionline.com\/index.php\/wp-json\/wp\/v2\/categories?post=22720"},{"taxonomy":"post_tag","embeddable":true,"href":"https:\/\/samantharadionline.com\/index.php\/wp-json\/wp\/v2\/tags?post=22720"}],"curies":[{"name":"wp","href":"https:\/\/api.w.org\/{rel}","templated":true}]}}