{"id":22713,"date":"2026-01-28T11:34:56","date_gmt":"2026-01-28T15:34:56","guid":{"rendered":"https:\/\/samantharadionline.com\/?p=22713"},"modified":"2026-01-28T11:34:56","modified_gmt":"2026-01-28T15:34:56","slug":"llaman-a-no-subestimar-sintomas-de-las-infecciones-respiratoria","status":"publish","type":"post","link":"https:\/\/samantharadionline.com\/index.php\/2026\/01\/28\/llaman-a-no-subestimar-sintomas-de-las-infecciones-respiratoria\/","title":{"rendered":"Llaman a no subestimar s\u00edntomas de las infecciones respiratoria"},"content":{"rendered":"\n<p class=\"has-medium-font-size\"><em>Est\u00e1 circulaci\u00f3n de una cepa de influenza A (H3N2), la cual \u201cpuede afectar con mayor gravedad a adultos mayores y personas con comorbilidades\u201d<\/em><\/p>\n\n\n\n<p><strong>RLD, Santo Domingo, RD<\/strong><\/p>\n\n\n\n<p id=\"m49479-49478-49480\">La&nbsp;<strong>Sociedad Dominicana de Neumolog\u00eda y Cirug\u00eda del T\u00f3rax<\/strong>&nbsp;emiti\u00f3 este mi\u00e9rcoles una alerta a la poblaci\u00f3n y a los profesionales de la salud ante el incremento de<strong>&nbsp;infecciones respiratorias<\/strong>, al tiempo que report\u00f3 \u201ccasos leves\u201d de&nbsp;<strong>Covid-19<\/strong>.<\/p>\n\n\n\n<p id=\"m49484-49483-49485\">Las infecciones respiratorias est\u00e1n asociadas a la circulaci\u00f3n simult\u00e1nea de diversos agentes infecciones, entre ellos&nbsp;<strong>influenza A y B<\/strong>, virus sincitial respiratorio, virus de la parainfluenza, y la presencia de&nbsp;<strong>bacterias at\u00edpicas<\/strong>, explic\u00f3 el gremio.<\/p>\n\n\n\n<p id=\"m49489-49488-49490\">Tambi\u00e9n inform\u00f3 sobre la circulaci\u00f3n de una cepa de influenza A (H3N2), la cual \u201c<strong>puede afectar con mayor gravedad a adultos mayores y personas con comorbilidades<\/strong>\u201d.<\/p>\n\n\n\n<p id=\"m49494-49493-49495\">\u201cLos neum\u00f3logos del pa\u00eds hemos observado con preocupaci\u00f3n la coexistencia de dos o m\u00e1s virus respiratorios en un mismo paciente\u201d, indic\u00f3 el gremio en un comunicado.<\/p>\n\n\n\n<p id=\"m49499-49498-49500\">Tambi\u00e9n han observado \u201cla asociaci\u00f3n de virus con bacterias at\u00edpicas, situaci\u00f3n que est\u00e1 generando&nbsp;<strong>cuadros cl\u00ednicos m\u00e1s severos<\/strong>, de mayor duraci\u00f3n y con incremento del riesgo de complicaciones\u201d.<\/p>\n\n\n\n<p id=\"m49504-49503-49505\">Esa condici\u00f3n, explic\u00f3, afecta de manera especial a ni\u00f1os, adultos mayores y personas con enfermedades coexistentes, tales como c\u00e1ncer,&nbsp;<strong>enfermedades cr\u00f3nicas<\/strong>, hipertensi\u00f3n, diabetes, fumadores y pacientes inmunocomprometidos.<\/p>\n\n\n\n<p id=\"m49509-49508-49510\">\u201cEste aumento coincide con la temporada de circulaci\u00f3n estacional de virus respiratorios, as\u00ed como con&nbsp;<strong>cambios clim\u00e1ticos<\/strong>&nbsp;y una mayor interacci\u00f3n social\u201d, inform\u00f3 el gremio.<\/p>\n\n\n\n<p id=\"m49514-49513-49515\">La organizaci\u00f3n&nbsp;<strong>llam\u00f3 a la poblaci\u00f3n a no \u201csubestimar los s\u00edntomas respiratorios<\/strong>\u201d, aunque se presenten como una \u201cgripe com\u00fan\u201d.<\/p>\n\n\n\n<p id=\"m49519-49518-49520\">Exhort\u00f3 a acudir oportunamente al m\u00e9dico para una evaluaci\u00f3n adecuada y un diagn\u00f3stico preciso.<\/p>\n\n\n\n<p id=\"m49524-49523-49525\">\u201cReiteramos que no debe practicarse la automedicaci\u00f3n, ya que cada paciente requiere un manejo individualizado\u201d. \u201c<strong>Se debe buscar atenci\u00f3n m\u00e9dica inmediata&nbsp;<\/strong>ante dificultad respiratoria, fiebre persistente, decaimiento marcado o empeoramiento de los s\u00edntomas\u201d.<\/p>\n","protected":false},"excerpt":{"rendered":"<p>Est\u00e1 circulaci\u00f3n de una cepa de influenza A (H3N2), la cual \u201cpuede afectar con mayor<\/p>\n","protected":false},"author":1,"featured_media":22714,"comment_status":"open","ping_status":"open","sticky":false,"template":"","format":"standard","meta":{"footnotes":""},"categories":[12],"tags":[],"class_list":["post-22713","post","type-post","status-publish","format-standard","has-post-thumbnail","hentry","category-nacionales"],"_links":{"self":[{"href":"https:\/\/samantharadionline.com\/index.php\/wp-json\/wp\/v2\/posts\/22713","targetHints":{"allow":["GET"]}}],"collection":[{"href":"https:\/\/samantharadionline.com\/index.php\/wp-json\/wp\/v2\/posts"}],"about":[{"href":"https:\/\/samantharadionline.com\/index.php\/wp-json\/wp\/v2\/types\/post"}],"author":[{"embeddable":true,"href":"https:\/\/samantharadionline.com\/index.php\/wp-json\/wp\/v2\/users\/1"}],"replies":[{"embeddable":true,"href":"https:\/\/samantharadionline.com\/index.php\/wp-json\/wp\/v2\/comments?post=22713"}],"version-history":[{"count":1,"href":"https:\/\/samantharadionline.com\/index.php\/wp-json\/wp\/v2\/posts\/22713\/revisions"}],"predecessor-version":[{"id":22715,"href":"https:\/\/samantharadionline.com\/index.php\/wp-json\/wp\/v2\/posts\/22713\/revisions\/22715"}],"wp:featuredmedia":[{"embeddable":true,"href":"https:\/\/samantharadionline.com\/index.php\/wp-json\/wp\/v2\/media\/22714"}],"wp:attachment":[{"href":"https:\/\/samantharadionline.com\/index.php\/wp-json\/wp\/v2\/media?parent=22713"}],"wp:term":[{"taxonomy":"category","embeddable":true,"href":"https:\/\/samantharadionline.com\/index.php\/wp-json\/wp\/v2\/categories?post=22713"},{"taxonomy":"post_tag","embeddable":true,"href":"https:\/\/samantharadionline.com\/index.php\/wp-json\/wp\/v2\/tags?post=22713"}],"curies":[{"name":"wp","href":"https:\/\/api.w.org\/{rel}","templated":true}]}}