{"id":22704,"date":"2026-01-28T11:26:03","date_gmt":"2026-01-28T15:26:03","guid":{"rendered":"https:\/\/samantharadionline.com\/?p=22704"},"modified":"2026-01-28T11:26:03","modified_gmt":"2026-01-28T15:26:03","slug":"kristin-alerta-por-nieve-lluvia-y-viento-en-madrid","status":"publish","type":"post","link":"https:\/\/samantharadionline.com\/index.php\/2026\/01\/28\/kristin-alerta-por-nieve-lluvia-y-viento-en-madrid\/","title":{"rendered":"Kristin alerta por nieve, lluvia y viento en Madrid"},"content":{"rendered":"\n<p class=\"has-medium-font-size\"><em>Pedro S\u00e1nchez, llam\u00f3 a la ciudadan\u00eda a tener precauci\u00f3n, evitando desplazamientos no esenciales<\/em><\/p>\n\n\n\n<figure class=\"wp-block-image\"><img decoding=\"async\" src=\"https:\/\/listindiario.com\/files\/image_60_60\/uploads\/2024\/03\/25\/660189de1ba71.png\" alt=\"Avatar del Carolis Mella Ram\u00edrez\"\/><\/figure>\n\n\n\n<p><strong><em>\u00a0<\/em>Carolis Mella Ram\u00edrez, Madrid, Espa\u00f1a.<\/strong><\/p>\n\n\n\n<p id=\"m96162-96161-96163\">Durante las primeras horas de la ma\u00f1ana de este mi\u00e9rcoles, residentes en Madrid comenzaron a sentir los efectos del paso de la borrasca Kristin, temporal que mantiene en&nbsp;<strong>alerta por nieve, lluvia y viento a varios municipios de la<\/strong>&nbsp;<strong>Comunidad de Madrid.<\/strong><\/p>\n\n\n\n<p id=\"m96167-96166-96168\">La nevada se registr\u00f3 principalmente en los barrios ubicados al norte de la capital espa\u00f1ola. Entre las zonas donde usuarios reportaron la ca\u00edda de nieve se encuentran&nbsp;<strong>San Sebasti\u00e1n de los Reyes, Alcobendas y los distritos de Chamart\u00edn y Tetu\u00e1n<\/strong>. El temporal tambi\u00e9n alcanz\u00f3 el centro de la ciudad, en puntos emblem\u00e1ticos como la Puerta del Sol y la Gran V\u00eda.<\/p>\n\n\n\n<p id=\"m96172-96171-96173\">Ante esta situaci\u00f3n, el presidente del Gobierno espa\u00f1ol,&nbsp;<strong>Pedro S\u00e1nchez, llam\u00f3 a la ciudadan\u00eda a tener precauci\u00f3n<\/strong>, evitando desplazamientos no esenciales.<\/p>\n\n\n\n<p id=\"m96177-96176-96178\">\u201cHoy muchos puntos de nuestra geograf\u00eda se encuentran con avisos activos por nieve, lluvia y rachas fuertes de viento.&nbsp;<strong>Seamos muy prudentes y evitemos desplazamientos innecesarios.<\/strong>&nbsp;Consulta la previsi\u00f3n en @AEMET_Esp y el estado de las carreteras en @DGTes\u201d, indic\u00f3 el funcionario en una publicaci\u00f3n en su cuenta de X.<\/p>\n\n\n\n<figure class=\"wp-block-image\" id=\"m96182-96181-96183\"><img decoding=\"async\" src=\"https:\/\/listindiario.com\/files\/vertical_main_image\/uploads\/2026\/01\/28\/6979edd65e7c1.jpeg\" alt=\"La Direcci\u00f3n General de Tr\u00e1fico inform\u00f3 de una retenci\u00f3n en nivel rojo en la circunvalaci\u00f3n M-40.\"\/><figcaption class=\"wp-element-caption\">La Direcci\u00f3n General de Tr\u00e1fico inform\u00f3 de una retenci\u00f3n en nivel rojo en la circunvalaci\u00f3n M-40.<\/figcaption><\/figure>\n\n\n\n<p id=\"m96194-96193-96195\">Asimismo, la Direcci\u00f3n General de Tr\u00e1fico inform\u00f3 de una retenci\u00f3n&nbsp;<strong>en nivel rojo en la circunvalaci\u00f3n M-40, v\u00eda que rodea la capital&nbsp;<\/strong>y conecta con varios municipios, y solicit\u00f3 a los conductores mantener libre el carril izquierdo para facilitar el paso de los veh\u00edculos quitanieves que operan en la zona.<\/p>\n\n\n\n<p id=\"m96199-96198-96200\">Tambi\u00e9n, la Agencia Estatal de Meteorolog\u00eda (Aemet) public\u00f3 un aviso especial por viento, temporal mar\u00edtimo, lluvia y nieve, y recomend\u00f3&nbsp;<strong>prestar especial atenci\u00f3n a las nevadas en cotas bajas<\/strong>, las rachas muy fuertes de viento en amplias zonas y las lluvias intensas.<\/p>\n\n\n\n<p id=\"m96204-96203-96205\">Adem\u00e1s, algunas compa\u00f1\u00edas de servicios ferroviarios de larga distancia presentaron demoras de hasta una hora a causa de las condiciones meteorol\u00f3gicas.<\/p>\n","protected":false},"excerpt":{"rendered":"<p>Pedro S\u00e1nchez, llam\u00f3 a la ciudadan\u00eda a tener precauci\u00f3n, evitando desplazamientos no esenciales \u00a0Carolis Mella<\/p>\n","protected":false},"author":1,"featured_media":22705,"comment_status":"open","ping_status":"open","sticky":false,"template":"","format":"standard","meta":{"footnotes":""},"categories":[4],"tags":[],"class_list":["post-22704","post","type-post","status-publish","format-standard","has-post-thumbnail","hentry","category-mundiales"],"_links":{"self":[{"href":"https:\/\/samantharadionline.com\/index.php\/wp-json\/wp\/v2\/posts\/22704","targetHints":{"allow":["GET"]}}],"collection":[{"href":"https:\/\/samantharadionline.com\/index.php\/wp-json\/wp\/v2\/posts"}],"about":[{"href":"https:\/\/samantharadionline.com\/index.php\/wp-json\/wp\/v2\/types\/post"}],"author":[{"embeddable":true,"href":"https:\/\/samantharadionline.com\/index.php\/wp-json\/wp\/v2\/users\/1"}],"replies":[{"embeddable":true,"href":"https:\/\/samantharadionline.com\/index.php\/wp-json\/wp\/v2\/comments?post=22704"}],"version-history":[{"count":1,"href":"https:\/\/samantharadionline.com\/index.php\/wp-json\/wp\/v2\/posts\/22704\/revisions"}],"predecessor-version":[{"id":22706,"href":"https:\/\/samantharadionline.com\/index.php\/wp-json\/wp\/v2\/posts\/22704\/revisions\/22706"}],"wp:featuredmedia":[{"embeddable":true,"href":"https:\/\/samantharadionline.com\/index.php\/wp-json\/wp\/v2\/media\/22705"}],"wp:attachment":[{"href":"https:\/\/samantharadionline.com\/index.php\/wp-json\/wp\/v2\/media?parent=22704"}],"wp:term":[{"taxonomy":"category","embeddable":true,"href":"https:\/\/samantharadionline.com\/index.php\/wp-json\/wp\/v2\/categories?post=22704"},{"taxonomy":"post_tag","embeddable":true,"href":"https:\/\/samantharadionline.com\/index.php\/wp-json\/wp\/v2\/tags?post=22704"}],"curies":[{"name":"wp","href":"https:\/\/api.w.org\/{rel}","templated":true}]}}