{"id":22699,"date":"2026-01-28T08:58:48","date_gmt":"2026-01-28T12:58:48","guid":{"rendered":"https:\/\/samantharadionline.com\/?p=22699"},"modified":"2026-01-28T08:58:48","modified_gmt":"2026-01-28T12:58:48","slug":"fundacion-retono-de-gracia-celebra-jornada-vale-la-pena-sonar","status":"publish","type":"post","link":"https:\/\/samantharadionline.com\/index.php\/2026\/01\/28\/fundacion-retono-de-gracia-celebra-jornada-vale-la-pena-sonar\/","title":{"rendered":"Fundaci\u00f3n Reto\u00f1o de Gracia celebra jornada \u201cVale la Pena So\u00f1ar\u201d"},"content":{"rendered":"\n<p class=\"has-medium-font-size\"><em>Una iniciativa solidaria que llev\u00f3 alegr\u00eda y esperanza a la ni\u00f1ez dominicana<\/em><\/p>\n\n\n\n<p><strong>Por Melvin Herrera, Santo Domingo Norte, RD<\/strong><\/p>\n\n\n\n<p>La Fundaci\u00f3n Reto\u00f1o de Gracia realiz\u00f3 una emotiva jornada titulada \u201cVale la Pena So\u00f1ar\u201d, dedicada a brindar momentos de alegr\u00eda, esperanza y amor a ni\u00f1os y ni\u00f1as de escasos recursos en la Rep\u00fablica Dominicana.<\/p>\n\n\n\n<p>La actividad estuvo encabezada por el presidente de la fundaci\u00f3n, Gabriel Brioso, junto a su equipo de colaboradores, quienes organizaron din\u00e1micas recreativas y espacios de convivencia que hicieron realidad los sue\u00f1os de muchos peque\u00f1os. La participaci\u00f3n especial del payaso Yopin a\u00f1adi\u00f3 un toque de diversi\u00f3n y entusiasmo que marc\u00f3 la jornada.<\/p>\n\n\n\n<p>Los ni\u00f1os y ni\u00f1as disfrutaron de pinta caritas, juegos, juguetes, golosinas y helados, en un ambiente cargado de sonrisas y emociones. La celebraci\u00f3n se convirti\u00f3 en un espacio de felicidad compartida, donde la inocencia y la ilusi\u00f3n fueron protagonistas.<\/p>\n\n\n\n<p>El objetivo central de la actividad fue sembrar esperanza en la ni\u00f1ez, record\u00e1ndoles que sus sue\u00f1os tienen valor y que no est\u00e1n solos. En ese sentido, la Fundaci\u00f3n Reto\u00f1o de Gracia hizo un llamado a la sociedad para apoyar iniciativas que impacten de manera positiva en los sectores m\u00e1s vulnerables.<\/p>\n\n\n\n<p>\u201cInvertir en la ni\u00f1ez es garantizar una mejor sociedad para todos\u201d, expresaron representantes de la fundaci\u00f3n, reafirmando su compromiso con el bienestar integral de los ni\u00f1os y ni\u00f1as dominicanos. La organizaci\u00f3n asegur\u00f3 que continuar\u00e1 desarrollando programas que promuevan valores, oportunidades y esperanza.<\/p>\n\n\n\n<p>La Fundaci\u00f3n agradeci\u00f3 de manera especial a su equipo de trabajo y colaboradores, entre ellos Altagracia Reynoso, Yudelka Brioso, Sony Aquino, Dileiny Cuesta, Melvin Herrera, Katy Brioso, Dra. Clara Rodr\u00edguez, Edilianny Abigail Encarnaci\u00f3n, Yohairis Mariel Corpor\u00e1n, Jade Nicole Mercedes, Dilieisy Encarnaci\u00f3n, Haismar Guerra, Ram\u00f3n Brioso, Juan Cuesta, Georgy Dimov y Santiago Francisco, quienes hicieron posible esta jornada solidaria.<\/p>\n","protected":false},"excerpt":{"rendered":"<p>Una iniciativa solidaria que llev\u00f3 alegr\u00eda y esperanza a la ni\u00f1ez dominicana Por Melvin Herrera,<\/p>\n","protected":false},"author":1,"featured_media":22700,"comment_status":"open","ping_status":"open","sticky":false,"template":"","format":"standard","meta":{"footnotes":""},"categories":[12],"tags":[],"class_list":["post-22699","post","type-post","status-publish","format-standard","has-post-thumbnail","hentry","category-nacionales"],"_links":{"self":[{"href":"https:\/\/samantharadionline.com\/index.php\/wp-json\/wp\/v2\/posts\/22699","targetHints":{"allow":["GET"]}}],"collection":[{"href":"https:\/\/samantharadionline.com\/index.php\/wp-json\/wp\/v2\/posts"}],"about":[{"href":"https:\/\/samantharadionline.com\/index.php\/wp-json\/wp\/v2\/types\/post"}],"author":[{"embeddable":true,"href":"https:\/\/samantharadionline.com\/index.php\/wp-json\/wp\/v2\/users\/1"}],"replies":[{"embeddable":true,"href":"https:\/\/samantharadionline.com\/index.php\/wp-json\/wp\/v2\/comments?post=22699"}],"version-history":[{"count":1,"href":"https:\/\/samantharadionline.com\/index.php\/wp-json\/wp\/v2\/posts\/22699\/revisions"}],"predecessor-version":[{"id":22701,"href":"https:\/\/samantharadionline.com\/index.php\/wp-json\/wp\/v2\/posts\/22699\/revisions\/22701"}],"wp:featuredmedia":[{"embeddable":true,"href":"https:\/\/samantharadionline.com\/index.php\/wp-json\/wp\/v2\/media\/22700"}],"wp:attachment":[{"href":"https:\/\/samantharadionline.com\/index.php\/wp-json\/wp\/v2\/media?parent=22699"}],"wp:term":[{"taxonomy":"category","embeddable":true,"href":"https:\/\/samantharadionline.com\/index.php\/wp-json\/wp\/v2\/categories?post=22699"},{"taxonomy":"post_tag","embeddable":true,"href":"https:\/\/samantharadionline.com\/index.php\/wp-json\/wp\/v2\/tags?post=22699"}],"curies":[{"name":"wp","href":"https:\/\/api.w.org\/{rel}","templated":true}]}}