{"id":22687,"date":"2026-01-28T08:37:18","date_gmt":"2026-01-28T12:37:18","guid":{"rendered":"https:\/\/samantharadionline.com\/?p=22687"},"modified":"2026-01-28T08:37:47","modified_gmt":"2026-01-28T12:37:47","slug":"sanz-dice-conozco-a-julio-iglesias-y-me-cuesta-mucho-creer-que-pueda-intentar-abusar","status":"publish","type":"post","link":"https:\/\/samantharadionline.com\/index.php\/2026\/01\/28\/sanz-dice-conozco-a-julio-iglesias-y-me-cuesta-mucho-creer-que-pueda-intentar-abusar\/","title":{"rendered":"Sanz dice \u00abConozco a Julio Iglesias y me cuesta mucho creer que pueda intentar abusar\u00bb"},"content":{"rendered":"\n<p class=\"has-medium-font-size\"><em>La Fiscal\u00eda de la Audiencia Nacional acord\u00f3 archivar las diligencias abiertas contra el cantante por las presuntas agresiones sexuales contra dos exempleadas<\/em><\/p>\n\n\n\n<figure class=\"wp-block-image\"><img decoding=\"async\" src=\"https:\/\/listindiario.com\/files\/image_60_60\/uploads\/2025\/12\/15\/694079c19abfa.jpeg\" alt=\"Avatar del Europa Press\"\/><\/figure>\n\n\n\n<p><strong><em>\u00a0<\/em>Europa Press<\/strong><\/p>\n\n\n\n<p id=\"m101952-101951-101953\"><strong>Alejandro Sanz&nbsp;<\/strong>ha valorado las acusaciones contra el tambi\u00e9n cantante&nbsp;<strong>Julio Iglesias<\/strong>&nbsp;presentadas por dos exempleadas de su servicio dom\u00e9stico por presuntas agresiones sexuales. Sanz llama a la prudencia y a esperar<strong>&nbsp;\u00aba ver qu\u00e9 dice un juez\u00bb,<\/strong>&nbsp;aunque se\u00f1ala que, desde su experiencia personal con Iglesias, le cuesta \u00ab<strong>mucho<\/strong>\u00bb creer que el artista \u00abpueda intentar abusar\u00bb.<\/p>\n\n\n\n<p id=\"m101957-101956-101958\"><strong>\u00abCuando haya un juicio podr\u00e9 dar mi opini\u00f3n. Eso tiene un proceso que tiene que seguir su curso. Es muy dif\u00edcil ponerse de un lado un otro. Yo conozco a Julio y a m\u00ed me cuesta mucho creer que pueda intentar abusar, pero hay que esperar a ver qu\u00e9 dice un juez\u00bb,<\/strong>&nbsp;ha afirmado el artista en una entrevista concedida a Europa Press con motivo del estreno de &#8216;Cuando nadie me ve&#8217;, la serie documental original Movistar Plus+.<\/p>\n\n\n\n<p id=\"m101962-101961-101963\">En su reflexi\u00f3n, Sanz pide esperar para&nbsp;<strong>\u00abver las pruebas y todo esto\u00bb<\/strong>&nbsp;ya que ahora mismo, asegura, \u00abno tenemos nadie nada para tener una opini\u00f3n formada y que sea definitiva\u00bb. \u00abHay que esperar\u00bb, insiste para despu\u00e9s alertar del da\u00f1o reputacional que pueden supone el \u00abjuicio medi\u00e1tico\u00bb y la vulneraci\u00f3n de la \u00abpresunci\u00f3n de inocencia.<\/p>\n\n\n\n<p id=\"m101967-101966-101968\"><strong>\u00abHay que tener mucho cuidado con este tipo de cosas. Por supuesto que hay que proteger a una mujer si hay un abuso y para eso existen los mecanismos judiciales y se deben seguir a rajatabla. Pero la presunci\u00f3n de inocencia tambi\u00e9n debe ir por delante porque ya hemos visto muchos casos en los que ha ocurrido esto&#8230; y tambi\u00e9n es terrible\u00bb,<\/strong>&nbsp;afirma.<\/p>\n\n\n\n<h3 class=\"wp-block-heading\">ARCHIVO DE LAS DILIGENCIAS POR FALTA DE COMPETENCIA<\/h3>\n\n\n\n<p id=\"m101972-101971-101973\">El pasado viernes 23 de enero la Fiscal\u00eda de la Audiencia Nacional acord\u00f3 archivar las diligencias abiertas contra el cantante por las presuntas agresiones sexuales contra dos exempleadas de su servicio dom\u00e9stico ante la \u00abfalta de competencia\u00bb del tribunal para entrar a conocer de hechos que habr\u00edan ocurrido en el Caribe.<\/p>\n\n\n\n<p id=\"m101977-101976-101978\">En su decreto de archivo, recogido por Europa Press, el Ministerio P\u00fablico se\u00f1ala que tomaba esta decisi\u00f3n destacando la \u00abfalta de jurisdicci\u00f3n de los tribunales espa\u00f1oles y por lo tanto la falta de competencia de la Fiscal\u00eda de la Audiencia Nacional para conocer de la investigaci\u00f3n preprocesal de los hechos denunciados\u00bb.<\/p>\n\n\n\n<p id=\"m101982-101981-101983\">Fuentes jur\u00eddicas explicaron a Europa Press que esta decisi\u00f3n no es recurrible. En la resoluci\u00f3n, el Ministerio Fiscal explica a las denunciantes que la v\u00eda que deben de seguir ahora, si as\u00ed lo consideran, es la de \u00abreproducir su denuncia ante los \u00f3rganos judiciales\u00bb competentes.<\/p>\n\n\n\n<p id=\"m101987-101986-101988\">La Fiscal\u00eda recuerda que, seg\u00fan la jurisprudencia del Tribunal Supremo, \u00abno corresponde a Espa\u00f1a investigar hechos cometidos allende sus fronteras cuando otro Estado tiene competencia clara y efectiva para ello, y no existe motivo para no iniciar las correspondientes acciones penales en el mismo\u00bb.<\/p>\n\n\n\n<p id=\"m101992-101991-101993\">El escrito se\u00f1ala que aunque el delito de trata de seres humanos &#8211;uno de los denunciados&#8211; se persigue extraterritorialmente, el mismo necesita que el procedimiento se dirija contra un espa\u00f1ol y que existan elementos de conexi\u00f3n material con Espa\u00f1a, como que las v\u00edctimas sean nacionales o residan en el pa\u00eds.<\/p>\n\n\n\n<p id=\"m101997-101996-101998\">El Ministerio Fiscal recuerda, al respecto, que \u00ablas v\u00edctimas son extranjeras\u00bb, que \u00abno residen en Espa\u00f1a\u00bb y que \u00ablos hechos se atribuyen a pa\u00edses plenamente competentes\u00bb para conocer los mismos. Adem\u00e1s, indica que los denunciados &#8211;adem\u00e1s de Iglesias, un ciudadano brasile\u00f1o y otro colombiano&#8211; tampoco residen en Espa\u00f1a.<\/p>\n\n\n\n<p id=\"m102002-102001-102003\">La resoluci\u00f3n explica que la Audiencia Nacional ha confirmado en otros supuestos que Espa\u00f1a \u00abno es competente para investigar delitos cometidos en el extranjero cuando no existan v\u00ednculos relevantes con nuestro pa\u00eds\u00bb. \u00abEspecialmente cuando las v\u00edctimas son extranjeras y no son residentes en Espa\u00f1a, los presuntos autores tambi\u00e9n lo son o no se encuentran en Espa\u00f1a y los hechos se investigan o pueden investigarse en el Estado donde ocurrieron\u00bb, concluye.<\/p>\n","protected":false},"excerpt":{"rendered":"<p>La Fiscal\u00eda de la Audiencia Nacional acord\u00f3 archivar las diligencias abiertas contra el cantante por<\/p>\n","protected":false},"author":1,"featured_media":22689,"comment_status":"open","ping_status":"open","sticky":false,"template":"","format":"standard","meta":{"footnotes":""},"categories":[11],"tags":[],"class_list":["post-22687","post","type-post","status-publish","format-standard","has-post-thumbnail","hentry","category-entretenimiento"],"_links":{"self":[{"href":"https:\/\/samantharadionline.com\/index.php\/wp-json\/wp\/v2\/posts\/22687","targetHints":{"allow":["GET"]}}],"collection":[{"href":"https:\/\/samantharadionline.com\/index.php\/wp-json\/wp\/v2\/posts"}],"about":[{"href":"https:\/\/samantharadionline.com\/index.php\/wp-json\/wp\/v2\/types\/post"}],"author":[{"embeddable":true,"href":"https:\/\/samantharadionline.com\/index.php\/wp-json\/wp\/v2\/users\/1"}],"replies":[{"embeddable":true,"href":"https:\/\/samantharadionline.com\/index.php\/wp-json\/wp\/v2\/comments?post=22687"}],"version-history":[{"count":1,"href":"https:\/\/samantharadionline.com\/index.php\/wp-json\/wp\/v2\/posts\/22687\/revisions"}],"predecessor-version":[{"id":22688,"href":"https:\/\/samantharadionline.com\/index.php\/wp-json\/wp\/v2\/posts\/22687\/revisions\/22688"}],"wp:featuredmedia":[{"embeddable":true,"href":"https:\/\/samantharadionline.com\/index.php\/wp-json\/wp\/v2\/media\/22689"}],"wp:attachment":[{"href":"https:\/\/samantharadionline.com\/index.php\/wp-json\/wp\/v2\/media?parent=22687"}],"wp:term":[{"taxonomy":"category","embeddable":true,"href":"https:\/\/samantharadionline.com\/index.php\/wp-json\/wp\/v2\/categories?post=22687"},{"taxonomy":"post_tag","embeddable":true,"href":"https:\/\/samantharadionline.com\/index.php\/wp-json\/wp\/v2\/tags?post=22687"}],"curies":[{"name":"wp","href":"https:\/\/api.w.org\/{rel}","templated":true}]}}