{"id":22678,"date":"2026-01-27T11:54:12","date_gmt":"2026-01-27T15:54:12","guid":{"rendered":"https:\/\/samantharadionline.com\/?p=22678"},"modified":"2026-01-27T11:54:13","modified_gmt":"2026-01-27T15:54:13","slug":"cambian-entrega-de-la-nueva-cedula-dominicana","status":"publish","type":"post","link":"https:\/\/samantharadionline.com\/index.php\/2026\/01\/27\/cambian-entrega-de-la-nueva-cedula-dominicana\/","title":{"rendered":"Cambian entrega de la nueva c\u00e9dula dominicana"},"content":{"rendered":"\n<p class=\"has-medium-font-size\"><em>Las primeras entregas\u00a0 ser\u00e1n el 12 de abril, d\u00eda en el cual esa entidad celebra su 103 aniversario<\/em><\/p>\n\n\n\n<figure class=\"wp-block-image\"><img decoding=\"async\" src=\"https:\/\/listindiario.com\/files\/image_60_60\/uploads\/2023\/05\/16\/64637a1e3ff38.jpeg\" alt=\"Avatar del \u00c1ngel Valdez\"\/><\/figure>\n\n\n\n<p><strong><em>\u00a0<\/em>\u00c1ngel Valdez, Santo Domingo, RD<\/strong>.<\/p>\n\n\n\n<p id=\"m5606-5605-5607\">Con la entrega realizada al presidente\u00a0<strong>Luis Abinader<\/strong>\u00a0y la primera dama\u00a0<strong>Raquel Arbaje<\/strong>, la Junta Central Electoral\u00a0<strong>(JCE)<\/strong>\u00a0formaliz\u00f3 ayer el proceso que concluir\u00e1 con la entrega de la nueva c\u00e9dula.<\/p>\n\n\n\n<p id=\"m5611-5610-5612\">La\u00a0<strong>JCE<\/strong>\u00a0ha definido un cronograma de trabajo, elaborando una lista de algunos sectores que ser\u00edan priorizados en la distribuci\u00f3n del documento de identidad y electoral. Los pr\u00f3ximos en recibir el pl\u00e1stico modernizado ser\u00edan\u00a0<strong>peloteros<\/strong>,\u00a0<strong>empresarios,<\/strong>\u00a0<strong>senadores<\/strong>, diputados, acad\u00e9micos, religiosos, entre otras personalidades.<\/p>\n\n\n\n<p id=\"m5616-5615-5617\">Inicialmente, el \u00f3rgano electoral hab\u00eda establecido el pr\u00f3ximo<strong>&nbsp;8 de abril<\/strong>&nbsp;como la fecha en la cual los dominicanos residentes en el territorio nacional podr\u00edan recibir este documento, que se encuentra vencido desde agosto de 2024.<\/p>\n\n\n\n<p id=\"m5621-5620-5622\">Sin embargo, el pleno de la\u00a0<strong>JCE<\/strong>\u00a0inform\u00f3 que\u00a0<strong>la fecha fue modificada,<\/strong>\u00a0ya que durante esos d\u00edas el pa\u00eds estar\u00eda en actividades religiosas provocadas por la Semana Santa. Raz\u00f3n por la cual aprovechar\u00e1n la ocasi\u00f3n para desarrollar las primeras entregas masivas el\u00a0<strong>12 de abril,\u00a0<\/strong>d\u00eda en el cual esa entidad celebra su 103 aniversario.<\/p>\n\n\n\n<p><strong>Lea tambi\u00e9n<\/strong><\/p>\n\n\n\n<p id=\"m5631-5630-5632\">As\u00ed lo anunci\u00f3 el magistrado titular,\u00a0<strong>Rom\u00e1n J\u00e1quez Liranzo,<\/strong>\u00a0quien no mencion\u00f3 ninguna variaci\u00f3n sobre la convocatoria que recibir\u00e1 la di\u00e1spora dominicana en el exterior. Esa comunidad podr\u00e1 asistir a partir de mayo del presente a\u00f1o. Ambas poblaciones ser\u00e1n recibidas en el mes en el cual hayan nacido y, sin importar su ocupaci\u00f3n laboral, tendr\u00e1n el derecho de aplicar totalmente gratis.<\/p>\n\n\n\n<h3 class=\"wp-block-heading\">Este ser\u00e1 el procedimiento<\/h3>\n\n\n\n<p id=\"m5636-5635-5637\">Durante el acto desarrollado en el auditorio situado en la sede de la&nbsp;<strong>JCE<\/strong>, las autoridades electorales ejemplificaron con el mandatario&nbsp;<strong><a href=\"https:\/\/listindiario.com\/tag\/luis-abinader\">Abinader&nbsp;<\/a><\/strong>y su esposa,&nbsp;<strong>Arbaje<\/strong>, los pasos que deber\u00e1n superar los m\u00e1s de 9.4 millones de dominicanos cuando acudan a renovar su c\u00e9dula.<\/p>\n\n\n\n<p id=\"m5641-5640-5642\">\u201cEl primero es el gestor de turno: el ciudadano es recibido por el coordinador del centro, el cual le solicita la c\u00e9dula f\u00edsica para la validaci\u00f3n de su identidad\u201d, explic\u00f3&nbsp;<strong>J\u00e1quez Liranzo.<\/strong><\/p>\n\n\n\n<p id=\"m5646-5645-5647\">El usuario tendr\u00e1 un ticket de turno \u00fanico que le servir\u00e1 a las autoridades para identificarlo hasta tanto pueda culminar con la impresi\u00f3n de la c\u00e9dula.<\/p>\n\n\n\n<p id=\"m5651-5650-5652\">Dentro de los requisitos se encuentra presentar su&nbsp;<strong>n\u00famero de contacto,<\/strong>&nbsp;facilitar la captura en imagen de su rostro, formalizar su firma digital y otorgar las&nbsp;<strong>huellas dactilares.<\/strong><\/p>\n\n\n\n<p><strong>Lea tambi\u00e9n<\/strong><\/p>\n\n\n\n<p id=\"m5661-5660-5662\">Posteriormente, el ciudadano deber\u00e1 revisar y validar los datos personales que dispondr\u00e1 el documento de identidad. Al terminar, tendr\u00e1 que colocar sus huellas dactilares como muestra de aceptaci\u00f3n.<\/p>\n\n\n\n<p id=\"m5666-5665-5667\">Por \u00faltimo, se trasladar\u00e1 hacia el espacio en el cual se encuentra la m\u00e1quina de grabado en l\u00e1ser, donde entregar\u00e1 la c\u00e9dula vencida, la cual ser\u00e1&nbsp;<strong>\u201cperforada en presencia del ciudadano\u201d.<\/strong><\/p>\n\n\n\n<p id=\"m5671-5670-5672\"><strong>Jaquez Liranzo<\/strong>&nbsp;expres\u00f3 que para completar la entrega, \u201cse solicitar\u00e1 nuevamente la colocaci\u00f3n de cualquier huella dactilar en el lector y ya el ciudadano se va con su nueva c\u00e9dula\u201d.<\/p>\n\n\n\n<h3 class=\"wp-block-heading\">Vigencia<\/h3>\n\n\n\n<p id=\"m5676-5675-5677\"><strong>Liranzo<\/strong>&nbsp;record\u00f3 que el documento de identidad de los menores de 16 y 17 tendr\u00e1 vigencia hasta la mayor\u00eda de edad,&nbsp;<strong>\u201ces decir, 18 a\u00f1os\u201d.<\/strong><\/p>\n\n\n\n<p id=\"m5681-5680-5682\">En tanto, las personas entre&nbsp;<strong>18 y 35 a\u00f1os<\/strong>&nbsp;dispondr\u00e1n de&nbsp;<strong>12 a\u00f1os<\/strong>&nbsp;de vigencia. Los de 36 a 60 a\u00f1os de edad tendr\u00e1n 16 a\u00f1os de vigencia y los de 61 a\u00f1os o m\u00e1s, 20 a\u00f1os de vigencia.<\/p>\n\n\n\n<h3 class=\"wp-block-heading\">\u201cUn ejemplo de democracia\u201d<\/h3>\n\n\n\n<p id=\"m5686-5685-5687\">El gobernante felicit\u00f3 a la&nbsp;<strong>JCE<\/strong>&nbsp;por haber desarrollado sin imprevistos la impresi\u00f3n del primer documento.<\/p>\n\n\n\n<p><strong>Lea tambi\u00e9n<\/strong><\/p>\n\n\n\n<p id=\"m5696-5695-5697\">\u201cMuy bueno y muy seguro. Este es uno de los procesos m\u00e1s importantes; es una nueva c\u00e9dula, vamos a garantizar una identidad nacional, la vamos a asegurar\u201d, dijo&nbsp;<strong>Abinader.<\/strong><\/p>\n\n\n\n<p id=\"m5701-5700-5702\">La compa\u00f1era del jefe del Estado,&nbsp;<strong>Arbaje<\/strong>, exhort\u00f3 a los diversos sectores de la sociedad, sin importar preferencias pol\u00edticas, a cuidar la democracia dominicana.<\/p>\n\n\n\n<p id=\"m5706-5705-5707\">\u201cEs un ejemplo de democracia que est\u00e9 toda la representaci\u00f3n. Cuidamos esta democracia, respet\u00e9monos con nuestras diferencias\u201d, expres\u00f3 a los periodistas.<\/p>\n\n\n\n<h3 class=\"wp-block-heading\">Opositor sin quejas<\/h3>\n\n\n\n<p id=\"m5711-5710-5712\">En la sala tambi\u00e9n estaban presentes los representantes de las organizaciones pol\u00edticas ante la JCE.<\/p>\n\n\n\n<p id=\"m5716-5715-5717\">Uno de estos fue el delegado pol\u00edtico de la&nbsp;<strong>Fuerza del Pueblo (FP)<\/strong>, Javier Ubiera, quien no manifest\u00f3 ninguna queja al evaluar las labores realizadas por el \u00f3rgano electoral, a petici\u00f3n de los periodistas.<\/p>\n\n\n\n<p><strong>Lea tambi\u00e9n<\/strong><\/p>\n\n\n\n<p id=\"m5726-5725-5727\">\u201cTendremos que ver cuando finalice todo el proceso. Pero, por el momento, va bien. La Junta ha dado garant\u00eda de resguardar los datos de los dominicanos; es un momento correcto para sanear el registro civil y resolver muchos problemas de identidad\u201d, afirm\u00f3.<\/p>\n","protected":false},"excerpt":{"rendered":"<p>Las primeras entregas\u00a0 ser\u00e1n el 12 de abril, d\u00eda en el cual esa entidad celebra<\/p>\n","protected":false},"author":1,"featured_media":22679,"comment_status":"open","ping_status":"open","sticky":false,"template":"","format":"standard","meta":{"footnotes":""},"categories":[12],"tags":[],"class_list":["post-22678","post","type-post","status-publish","format-standard","has-post-thumbnail","hentry","category-nacionales"],"_links":{"self":[{"href":"https:\/\/samantharadionline.com\/index.php\/wp-json\/wp\/v2\/posts\/22678","targetHints":{"allow":["GET"]}}],"collection":[{"href":"https:\/\/samantharadionline.com\/index.php\/wp-json\/wp\/v2\/posts"}],"about":[{"href":"https:\/\/samantharadionline.com\/index.php\/wp-json\/wp\/v2\/types\/post"}],"author":[{"embeddable":true,"href":"https:\/\/samantharadionline.com\/index.php\/wp-json\/wp\/v2\/users\/1"}],"replies":[{"embeddable":true,"href":"https:\/\/samantharadionline.com\/index.php\/wp-json\/wp\/v2\/comments?post=22678"}],"version-history":[{"count":1,"href":"https:\/\/samantharadionline.com\/index.php\/wp-json\/wp\/v2\/posts\/22678\/revisions"}],"predecessor-version":[{"id":22680,"href":"https:\/\/samantharadionline.com\/index.php\/wp-json\/wp\/v2\/posts\/22678\/revisions\/22680"}],"wp:featuredmedia":[{"embeddable":true,"href":"https:\/\/samantharadionline.com\/index.php\/wp-json\/wp\/v2\/media\/22679"}],"wp:attachment":[{"href":"https:\/\/samantharadionline.com\/index.php\/wp-json\/wp\/v2\/media?parent=22678"}],"wp:term":[{"taxonomy":"category","embeddable":true,"href":"https:\/\/samantharadionline.com\/index.php\/wp-json\/wp\/v2\/categories?post=22678"},{"taxonomy":"post_tag","embeddable":true,"href":"https:\/\/samantharadionline.com\/index.php\/wp-json\/wp\/v2\/tags?post=22678"}],"curies":[{"name":"wp","href":"https:\/\/api.w.org\/{rel}","templated":true}]}}