{"id":22672,"date":"2026-01-27T09:51:43","date_gmt":"2026-01-27T13:51:43","guid":{"rendered":"https:\/\/samantharadionline.com\/?p=22672"},"modified":"2026-01-27T09:51:44","modified_gmt":"2026-01-27T13:51:44","slug":"profanan-tumbas-para-robar-en-el-cristo-redentor","status":"publish","type":"post","link":"https:\/\/samantharadionline.com\/index.php\/2026\/01\/27\/profanan-tumbas-para-robar-en-el-cristo-redentor\/","title":{"rendered":"Profanan tumbas para robar en el Cristo Redentor"},"content":{"rendered":"\n<p class=\"has-medium-font-size\"><em>\u00a0El pasado domingo desconocidos forzaron las estructuras de sus panteones, reportando el robo de tapas de nichos y aldabones de hierro<\/em><\/p>\n\n\n\n<p><strong>Nayrobi Cruz, Santo Domingo, RD<\/strong><\/p>\n\n\n\n<p id=\"m103699-103698-103700\">Vandalismo,&nbsp;<strong>robo&nbsp;<\/strong>de objetos y una profunda&nbsp;<strong>inseguridad&nbsp;<\/strong>son las denuncias recurrentes de los ciudadanos que visitan el&nbsp;<strong>Cementerio Cristo Redentor<\/strong>.&nbsp;<\/p>\n\n\n\n<p id=\"m103704-103703-103705\">En fechas recientes, la situaci\u00f3n ha escalado con reportes de&nbsp;<strong>profanaci\u00f3n de nichos&nbsp;<\/strong>y panteones en la avenida Monumental.<\/p>\n\n\n\n<p id=\"m103709-103708-103710\">De acuerdo con una denuncia formal presentada por las familias Rosa de Le\u00f3n y Bonetti-Dubreil, el pasado domingo desconocidos forzaron las estructuras de sus panteones. Reportaron, adem\u00e1s, el&nbsp;<strong>robo de tapas de nichos<\/strong>&nbsp;y aldabones de hierro.<\/p>\n\n\n\n<p id=\"m103714-103713-103715\">\u201cVarios panteones fueron vandalizados durante la noche o madrugada del domingo. Al de la familia Bonetti-Dubreil le forzaron la puerta principal y violentaron una ventana lateral reforzada con barrotes\u201d, establece una denuncia sobre el caso, en la que tambi\u00e9n se se\u00f1alan da\u00f1os en el interior de la estructura, como bancos de hierro removidos.<\/p>\n\n\n\n<p id=\"m103719-103718-103720\">Hubo cr\u00edticas por la falta de respuesta de la&nbsp;<strong>Alcald\u00eda del Distrito Nacional&nbsp;<\/strong>(<strong>ADN<\/strong>). \u201cLa familia Rosa ya hab\u00eda denunciado actos previos donde se robaron las tapas de nichos vac\u00edos. El ADN nunca respondi\u00f3\u201d, agrega.<\/p>\n\n\n\n<h3 class=\"wp-block-heading\">\u00abUna red de ladrones\u00bb<\/h3>\n\n\n\n<p id=\"m103724-103723-103725\">Un maestro constructor del camposanto, quien solicit\u00f3 el anonimato por temor a represalias, afirm\u00f3 que el<strong>&nbsp;ambiente delictivo<\/strong>&nbsp;est\u00e1 ahuyentando a los usuarios hacia cementerios privados.<\/p>\n\n\n\n<p id=\"m103729-103728-103730\">\u201cAqu\u00ed es una sinverg\u00fcenzada que no hay quien la aguante. La gente de categor\u00eda se est\u00e1 yendo al&nbsp;<strong>Jard\u00edn Memorial&nbsp;<\/strong>o a&nbsp;<strong>Puerta del Cielo&nbsp;<\/strong>porque aqu\u00ed no hay respeto\u201d, exclam\u00f3 el hombre.<\/p>\n\n\n\n<p id=\"m103734-103733-103735\">El trabajador denunci\u00f3 la existencia de una red de delincuentes que extorsiona a los deudos durante los entierros.<\/p>\n\n\n\n<p id=\"m103739-103738-103740\">&nbsp;\u201cHay una red de ladrones que pone a la gente en zozobra; tienen que dar dinero obligados\u201d, dijo.<\/p>\n\n\n\n<p id=\"m103744-103743-103745\">\u201cLa&nbsp;<strong>delincuencia&nbsp;<\/strong>es m\u00e1s fuerte que la Polic\u00eda Municipal\u201d, asegur\u00f3, al tiempo que critic\u00f3 la actual gesti\u00f3n por la falta de vigilancia y la escasez de terrenos para nuevas sepulturas.<\/p>\n\n\n\n<p id=\"m103749-103748-103750\">Tras ser consultada, la Alcald\u00eda del Distrito Nacional inform\u00f3 que investiga las denuncias para ofrecer una respuesta oportuna, mientras confirmaron la detenci\u00f3n de dos personas presuntamente involucradas en los actos de vandalismo.<\/p>\n\n\n\n<h3 class=\"wp-block-heading\">53 a\u00f1os de historia<\/h3>\n\n\n\n<p id=\"m103754-103753-103755\">Inaugurado en 1973 durante el gobierno de Joaqu\u00edn Balaguer, el&nbsp;<strong>Cristo Redentor<\/strong>&nbsp;es el cementerio m\u00e1s amplio del \u00e1rea metropolitana.<\/p>\n\n\n\n<p id=\"m103759-103758-103760\">En sus terrenos descansan figuras hist\u00f3ricas como Johnny Ventura, el propio Balaguer, Jos\u00e9 Francisco Pe\u00f1a G\u00f3mez, Jacobo Majluta y Salvador Jorge Blanco. Pese a su valor hist\u00f3rico y arquitect\u00f3nico, hoy se debate entre el abandono y la inseguridad.<\/p>\n","protected":false},"excerpt":{"rendered":"<p>\u00a0El pasado domingo desconocidos forzaron las estructuras de sus panteones, reportando el robo de tapas<\/p>\n","protected":false},"author":1,"featured_media":22673,"comment_status":"open","ping_status":"open","sticky":false,"template":"","format":"standard","meta":{"footnotes":""},"categories":[12],"tags":[],"class_list":["post-22672","post","type-post","status-publish","format-standard","has-post-thumbnail","hentry","category-nacionales"],"_links":{"self":[{"href":"https:\/\/samantharadionline.com\/index.php\/wp-json\/wp\/v2\/posts\/22672","targetHints":{"allow":["GET"]}}],"collection":[{"href":"https:\/\/samantharadionline.com\/index.php\/wp-json\/wp\/v2\/posts"}],"about":[{"href":"https:\/\/samantharadionline.com\/index.php\/wp-json\/wp\/v2\/types\/post"}],"author":[{"embeddable":true,"href":"https:\/\/samantharadionline.com\/index.php\/wp-json\/wp\/v2\/users\/1"}],"replies":[{"embeddable":true,"href":"https:\/\/samantharadionline.com\/index.php\/wp-json\/wp\/v2\/comments?post=22672"}],"version-history":[{"count":1,"href":"https:\/\/samantharadionline.com\/index.php\/wp-json\/wp\/v2\/posts\/22672\/revisions"}],"predecessor-version":[{"id":22674,"href":"https:\/\/samantharadionline.com\/index.php\/wp-json\/wp\/v2\/posts\/22672\/revisions\/22674"}],"wp:featuredmedia":[{"embeddable":true,"href":"https:\/\/samantharadionline.com\/index.php\/wp-json\/wp\/v2\/media\/22673"}],"wp:attachment":[{"href":"https:\/\/samantharadionline.com\/index.php\/wp-json\/wp\/v2\/media?parent=22672"}],"wp:term":[{"taxonomy":"category","embeddable":true,"href":"https:\/\/samantharadionline.com\/index.php\/wp-json\/wp\/v2\/categories?post=22672"},{"taxonomy":"post_tag","embeddable":true,"href":"https:\/\/samantharadionline.com\/index.php\/wp-json\/wp\/v2\/tags?post=22672"}],"curies":[{"name":"wp","href":"https:\/\/api.w.org\/{rel}","templated":true}]}}