{"id":22659,"date":"2026-01-26T17:54:42","date_gmt":"2026-01-26T21:54:42","guid":{"rendered":"https:\/\/samantharadionline.com\/?p=22659"},"modified":"2026-01-26T17:54:43","modified_gmt":"2026-01-26T21:54:43","slug":"investigan-el-asesinato-de-alex-pretti-en-minneapolis","status":"publish","type":"post","link":"https:\/\/samantharadionline.com\/index.php\/2026\/01\/26\/investigan-el-asesinato-de-alex-pretti-en-minneapolis\/","title":{"rendered":"Investigan el asesinato de Alex Pretti en Minneapolis"},"content":{"rendered":"\n<p class=\"has-medium-font-size\"><em>Un enfermero de cuidados intensivos, fue asesinado por agentes del ICE el s\u00e1bado por la ma\u00f1ana en una calle de Minneapolis<\/em><\/p>\n\n\n\n<figure class=\"wp-block-image\"><img decoding=\"async\" src=\"https:\/\/listindiario.com\/files\/image_60_60\/uploads\/2023\/05\/23\/646cd02f4f53e.jpeg\" alt=\"Avatar del Agencia EFE\"\/><\/figure>\n\n\n\n<p><em>\u00a0<\/em><strong>Agencia EFE, Redacci\u00f3n internacional<\/strong><\/p>\n\n\n\n<p id=\"m108378-108377-108379\">El presidente de\u00a0<strong>Estados Unidos<\/strong>,<strong>\u00a0Donald Trump<\/strong>, afirmo este domingo que se est\u00e1 investigando el incidente en el que result\u00f3 muerto<strong>\u00a0Alex Pretti<\/strong>\u00a0en Minneapolis, por disparos de un agente de inmigraci\u00f3n (ICE), e indic\u00f3 su disposici\u00f3n a retirar a los agentes de la ciudad, aunque no mencion\u00f3 fecha alguna.<\/p>\n\n\n\n<p id=\"m108383-108382-108384\">En una breve entrevista exclusiva que publica hoy el diario Wall Street Journal, Trump dijo que su gobierno estaba investigando el incidente y no respondi\u00f3, seg\u00fan el diario, cuando se le pregunt\u00f3 dos veces si el agente que dispar\u00f3 a<strong>\u00a0Alex Pretti\u00a0<\/strong>hab\u00eda actuado correctamente.<\/p>\n\n\n\n<p id=\"m108388-108387-108389\">\u00abEstamos investigando, revisando todo y emitiremos una resoluci\u00f3n\u00bb, dijo Trump, matizando lo que hasta entonces hab\u00edan manifestado p\u00fablicamente algunos miembros de su administraci\u00f3n.<\/p>\n\n\n\n<p id=\"m108393-108392-108394\">Alex Pretti, un enfermero de cuidados intensivos, fue asesinado por\u00a0<strong>agentes del ICE\u00a0<\/strong>el s\u00e1bado por la ma\u00f1ana en una calle de Minneapolis, tras reducirlo cuando grababa con su tel\u00e9fono m\u00f3vil a los agentes durante una manifestaci\u00f3n contra la pol\u00edtica migratoria de la Administraci\u00f3n Trump.<\/p>\n\n\n\n<p id=\"m108398-108397-108399\">El comandante general de la Patrulla Fronteriza de EE. UU., Gregory Bovino, dijo este domingo que hay \u00abmucha especulaci\u00f3n\u00bb sobre si los agentes hab\u00edan visto a Alex Pretti blandiendo un arma antes de matarlo a tiros, y que los agentes \u00abtuvieron una fracci\u00f3n de segundo para tomar una decisi\u00f3n\u00bb.<\/p>\n\n\n\n<p id=\"m108403-108402-108404\">No obstante, los v\u00eddeos publicados hasta el momento contradicen la versi\u00f3n oficial.<\/p>\n\n\n\n<p id=\"m108408-108407-108409\">El Departamento de&nbsp;<strong>Seguridad Nacional<\/strong>&nbsp;aleg\u00f3 que Pretti se \u00abresisti\u00f3 violentamente\u00bb a ser desarmado hasta que los agentes realizaron \u00abdisparos defensivos\u00bb, aunque las im\u00e1genes grabadas por los transe\u00fantes contradicen esa versi\u00f3n y muestran a un agente federal disparando varias veces contra Pretti, seg\u00fan recuerda el WSJ.<\/p>\n\n\n\n<p id=\"m108413-108412-108414\">En la entrevista con el WSJ, el presidente Trump critic\u00f3 a Pretti por llevar un arma: \u00abNo me gustan los disparos. No me gustan\u00bb, a\u00f1adi\u00f3 Trump. \u00abPero no me gusta que alguien entre en una protesta con un arma muy potente, completamente cargada y con dos cargadores llenos de balas. Eso tampoco es una buena se\u00f1al\u00bb.<\/p>\n\n\n\n<p id=\"m108418-108417-108419\">Trump afirm\u00f3 que Pretti portaba un \u00abarma muy peligrosa, un arma peligrosa e impredecible\u00bb, y agreg\u00f3: \u00abEs un arma que se dispara sin que la gente lo sepa\u00bb.<\/p>\n\n\n\n<p id=\"m108423-108422-108424\">Sobre una posible retirada de los agentes del ICE, Trump afirm\u00f3 que \u00aben alg\u00fan momento nos iremos\u00bb, sin indicar fecha alguna, que los agentes hab\u00edan \u00abhecho un trabajo fenomenal\u00bb y que se dejar\u00eda all\u00ed \u00aba un grupo de personas por el fraude financiero\u00bb, en referencia al presunto \u00abfraude a la asistencia social\u00bb que ha utilizado como justificaci\u00f3n para incrementar en la ciudad la aplicaci\u00f3n de las leyes antiinmigratorias.<\/p>\n\n\n\n<p id=\"m108428-108427-108429\">Seg\u00fan el WSJ, los asesores de Trump llevan semanas debatiendo las pol\u00edticas de deportaci\u00f3n y han llegado a considerar la situaci\u00f3n en Minneapolis como un lastre pol\u00edtico.<\/p>\n\n\n\n<p id=\"m108433-108432-108434\">\u00abAlgunos miembros de la administraci\u00f3n temen que las encuestas y la opini\u00f3n p\u00fablica se hayan vuelto en contra de las medidas de inmigraci\u00f3n de la administraci\u00f3n en las ciudades, y algunas discusiones se han centrado en c\u00f3mo continuar con las deportaciones sin chocar con los manifestantes\u00bb, dice el Wall Street Journal.<\/p>\n","protected":false},"excerpt":{"rendered":"<p>Un enfermero de cuidados intensivos, fue asesinado por agentes del ICE el s\u00e1bado por la<\/p>\n","protected":false},"author":1,"featured_media":22660,"comment_status":"open","ping_status":"open","sticky":false,"template":"","format":"standard","meta":{"footnotes":""},"categories":[4],"tags":[],"class_list":["post-22659","post","type-post","status-publish","format-standard","has-post-thumbnail","hentry","category-mundiales"],"_links":{"self":[{"href":"https:\/\/samantharadionline.com\/index.php\/wp-json\/wp\/v2\/posts\/22659","targetHints":{"allow":["GET"]}}],"collection":[{"href":"https:\/\/samantharadionline.com\/index.php\/wp-json\/wp\/v2\/posts"}],"about":[{"href":"https:\/\/samantharadionline.com\/index.php\/wp-json\/wp\/v2\/types\/post"}],"author":[{"embeddable":true,"href":"https:\/\/samantharadionline.com\/index.php\/wp-json\/wp\/v2\/users\/1"}],"replies":[{"embeddable":true,"href":"https:\/\/samantharadionline.com\/index.php\/wp-json\/wp\/v2\/comments?post=22659"}],"version-history":[{"count":1,"href":"https:\/\/samantharadionline.com\/index.php\/wp-json\/wp\/v2\/posts\/22659\/revisions"}],"predecessor-version":[{"id":22661,"href":"https:\/\/samantharadionline.com\/index.php\/wp-json\/wp\/v2\/posts\/22659\/revisions\/22661"}],"wp:featuredmedia":[{"embeddable":true,"href":"https:\/\/samantharadionline.com\/index.php\/wp-json\/wp\/v2\/media\/22660"}],"wp:attachment":[{"href":"https:\/\/samantharadionline.com\/index.php\/wp-json\/wp\/v2\/media?parent=22659"}],"wp:term":[{"taxonomy":"category","embeddable":true,"href":"https:\/\/samantharadionline.com\/index.php\/wp-json\/wp\/v2\/categories?post=22659"},{"taxonomy":"post_tag","embeddable":true,"href":"https:\/\/samantharadionline.com\/index.php\/wp-json\/wp\/v2\/tags?post=22659"}],"curies":[{"name":"wp","href":"https:\/\/api.w.org\/{rel}","templated":true}]}}