{"id":22656,"date":"2026-01-26T17:52:16","date_gmt":"2026-01-26T21:52:16","guid":{"rendered":"https:\/\/samantharadionline.com\/?p=22656"},"modified":"2026-01-26T17:52:16","modified_gmt":"2026-01-26T21:52:16","slug":"abinader-y-raquel-reciben-la-nueva-cedula-de-identidad","status":"publish","type":"post","link":"https:\/\/samantharadionline.com\/index.php\/2026\/01\/26\/abinader-y-raquel-reciben-la-nueva-cedula-de-identidad\/","title":{"rendered":"Abinader y Raquel reciben la nueva c\u00e9dula de identidad"},"content":{"rendered":"\n<p class=\"has-medium-font-size\"><em>En la lista de la JCE, seguir\u00e1n los peloteros, empresarios, acad\u00e9micos, senadores, diputados, magistrados del Poder Judicial, entre otras personalidades.<\/em><\/p>\n\n\n\n<figure class=\"wp-block-image\"><img decoding=\"async\" src=\"https:\/\/listindiario.com\/files\/image_60_60\/uploads\/2023\/05\/16\/64637a1e3ff38.jpeg\" alt=\"Avatar del \u00c1ngel Valdez\"\/><\/figure>\n\n\n\n<p><strong><em>\u00a0<\/em>\u00c1ngel Valdez, SANTO DOMINGO, RD<\/strong><\/p>\n\n\n\n<p id=\"m28267-28266-28268\">Tras varios cambios en la fecha programada registrados desde el pasado a\u00f1o, la Junta Central Electoral (JCE) logr\u00f3 este lunes realizar la primera entrega de lo que ser\u00e1 la nueva c\u00e9dula de los dominicanos.<\/p>\n\n\n\n<p id=\"m28272-28271-28273\">El presidente Luis Abinader, acompa\u00f1ado de la primera dama Raquel Arbaje, recibi\u00f3 en sus manos el pl\u00e1stico elaborado con materiales de policarbonato y grabado en l\u00e1ser para garantizar la protecci\u00f3n de los datos.<\/p>\n\n\n\n<p id=\"m28277-28276-28278\">Antes que cualquier ciudadano pueda acceder al documento modernizado, ser\u00e1n los deportistas, empresarios, senadores, diputados, magistrados del Poder Judicial, acad\u00e9micos y religiosos los que tienen prioridad en la lista.<\/p>\n\n\n\n<p id=\"m28282-28281-28283\">La JCE decidi\u00f3 postergar la fecha que estableci\u00f3 dentro del cronograma, la cual habilita este proceso para la sociedad en general.<\/p>\n\n\n\n<p id=\"m28287-28286-28288\">El presidente de ese \u00f3rgano institucional,&nbsp;<strong>Rom\u00e1n Jaques Liranzo<\/strong>,&nbsp;<strong>explic\u00f3 que ahora ser\u00e1 el 12 de abril para aprovechar la conmemoraci\u00f3n del aniversario 103 de la JCE<\/strong>. Este funcionario hab\u00eda convocado inicialmente a la ciudadan\u00eda para el 8 de abril.<\/p>\n\n\n\n<p id=\"m28292-28291-28293\">Seg\u00fan precis\u00f3, los ciudadanos residentes en el territorio nacional deber\u00e1n acudir a la JCE, a partir de abril, cuando sea el mes de su cumplea\u00f1os, y no tendr\u00e1n que pagar por la adquisici\u00f3n de la c\u00e9dula. \u00danicamente deber\u00e1n hacerlo en caso de requerir un duplicado.<\/p>\n\n\n\n<p id=\"m28297-28296-28298\">Mientras que&nbsp;<strong>la di\u00e1spora comenzar\u00e1 en el pr\u00f3ximo mes de mayo.<\/strong><\/p>\n\n\n\n<p id=\"m28302-28301-28303\"><strong>Ahora es casado<\/strong><\/p>\n\n\n\n<p id=\"m28307-28306-28308\">Luego de aproximadamente 10 minutos entregando sus datos a los representantes de la JCE, el mandatario se acerc\u00f3 a la prensa para mostrar su nuevo documento.<\/p>\n\n\n\n<p id=\"m28312-28311-28313\">Fue en ese momento en el cual aprovech\u00f3 para destacar una novedad que no ten\u00eda en el pl\u00e1stico anterior.<\/p>\n\n\n\n<p id=\"m28317-28316-28318\">\u201c<strong>Hay un cambio ahora, es que estoy casado, en la otra dec\u00eda soltero<\/strong>\u201d, dijo a los reporteros en el auditorio de la JCE situado en la sede de esa entidad.<\/p>\n\n\n\n<p id=\"m28322-28321-28323\">Momentos despu\u00e9s, la primera dama repiti\u00f3 el mismo proceso, terminando con la pregunta de los periodistas: \u00bfUsted tambi\u00e9n era soltera?<\/p>\n\n\n\n<p id=\"m28327-28326-28328\">\u201cS\u00ed, porque uno se descuida\u2026 se\u00f1ores, revisen sus cosas\u201d, dijo Arbaje, respondiendo entre risas al igual que Abinader.<\/p>\n\n\n\n<p id=\"m28332-28331-28333\"><strong>\u201cUn ejemplo de democracia\u201d<\/strong><\/p>\n\n\n\n<p id=\"m28337-28336-28338\">El gobernante felicit\u00f3 a la JCE por haber desarrollado sin imprevistos la impresi\u00f3n del primer documento.<\/p>\n\n\n\n<p id=\"m28342-28341-28343\">\u201cMuy bueno y muy seguro. Este es uno de los procesos m\u00e1s importantes; es una nueva c\u00e9dula, vamos a garantizar una identidad nacional, la vamos a asegurar\u201d, dijo Abinader.<\/p>\n\n\n\n<p id=\"m28347-28346-28348\">La compa\u00f1era del jefe del Estado, Arbaje, exhort\u00f3 a los diversos sectores de la sociedad, sin importar preferencias pol\u00edticas, a&nbsp;<strong>cuidar la democracia dominicana.<\/strong><\/p>\n\n\n\n<p id=\"m28352-28351-28353\">\u201cEs un ejemplo de democracia que est\u00e9 toda la representaci\u00f3n. Cuidamos esta democracia, respet\u00e9monos con nuestras diferencias\u201d, expres\u00f3 a los periodistas.<\/p>\n\n\n\n<p id=\"m28357-28356-28358\"><strong>La oposici\u00f3n sin quejas<\/strong><\/p>\n\n\n\n<p id=\"m28362-28361-28363\">En la sala tambi\u00e9n estaban presentes los representantes de las organizaciones pol\u00edticas ante la JCE.<\/p>\n\n\n\n<p id=\"m28367-28366-28368\">Uno de estos fue el delegado pol\u00edtico de la Fuerza del Pueblo (FP), Javier Ubiera, quien no manifest\u00f3 ninguna queja al evaluar las labores realizadas por el \u00f3rgano electoral, a petici\u00f3n de los periodistas.<\/p>\n\n\n\n<p id=\"m28372-28371-28373\">\u201cTendremos que ver cuando finalice todo el proceso. Pero, por el momento, va bien. La Junta ha dado garant\u00eda de resguardar los datos de los dominicanos; es un momento correcto para sanear el registro civil y resolver muchos problemas de identidad\u201d, afirm\u00f3.<\/p>\n","protected":false},"excerpt":{"rendered":"<p>En la lista de la JCE, seguir\u00e1n los peloteros, empresarios, acad\u00e9micos, senadores, diputados, magistrados del<\/p>\n","protected":false},"author":1,"featured_media":22657,"comment_status":"open","ping_status":"open","sticky":false,"template":"","format":"standard","meta":{"footnotes":""},"categories":[12],"tags":[],"class_list":["post-22656","post","type-post","status-publish","format-standard","has-post-thumbnail","hentry","category-nacionales"],"_links":{"self":[{"href":"https:\/\/samantharadionline.com\/index.php\/wp-json\/wp\/v2\/posts\/22656","targetHints":{"allow":["GET"]}}],"collection":[{"href":"https:\/\/samantharadionline.com\/index.php\/wp-json\/wp\/v2\/posts"}],"about":[{"href":"https:\/\/samantharadionline.com\/index.php\/wp-json\/wp\/v2\/types\/post"}],"author":[{"embeddable":true,"href":"https:\/\/samantharadionline.com\/index.php\/wp-json\/wp\/v2\/users\/1"}],"replies":[{"embeddable":true,"href":"https:\/\/samantharadionline.com\/index.php\/wp-json\/wp\/v2\/comments?post=22656"}],"version-history":[{"count":1,"href":"https:\/\/samantharadionline.com\/index.php\/wp-json\/wp\/v2\/posts\/22656\/revisions"}],"predecessor-version":[{"id":22658,"href":"https:\/\/samantharadionline.com\/index.php\/wp-json\/wp\/v2\/posts\/22656\/revisions\/22658"}],"wp:featuredmedia":[{"embeddable":true,"href":"https:\/\/samantharadionline.com\/index.php\/wp-json\/wp\/v2\/media\/22657"}],"wp:attachment":[{"href":"https:\/\/samantharadionline.com\/index.php\/wp-json\/wp\/v2\/media?parent=22656"}],"wp:term":[{"taxonomy":"category","embeddable":true,"href":"https:\/\/samantharadionline.com\/index.php\/wp-json\/wp\/v2\/categories?post=22656"},{"taxonomy":"post_tag","embeddable":true,"href":"https:\/\/samantharadionline.com\/index.php\/wp-json\/wp\/v2\/tags?post=22656"}],"curies":[{"name":"wp","href":"https:\/\/api.w.org\/{rel}","templated":true}]}}