{"id":22644,"date":"2026-01-24T07:49:59","date_gmt":"2026-01-24T11:49:59","guid":{"rendered":"https:\/\/samantharadionline.com\/?p=22644"},"modified":"2026-01-24T07:50:00","modified_gmt":"2026-01-24T11:50:00","slug":"lamentable-el-archivo-de-la-fiscalia","status":"publish","type":"post","link":"https:\/\/samantharadionline.com\/index.php\/2026\/01\/24\/lamentable-el-archivo-de-la-fiscalia\/","title":{"rendered":"\u00ablamentable\u00bb el archivo de la Fiscal\u00eda"},"content":{"rendered":"\n<p class=\"has-medium-font-size\"><em>El ministerio p\u00fablico dict\u00f3 un decreto, conocido este viernes, en el que concluye que no se dan los requisitos exigidos por la ley para que la Justicia espa\u00f1ola pueda investigar la denuncia, presentada por los delitos de trata de seres humanos con fines de imposici\u00f3n de trabajo forzado y servidumbre<\/em><\/p>\n\n\n\n<p> <\/p>\n\n\n\n<figure class=\"wp-block-image\"><img decoding=\"async\" src=\"https:\/\/listindiario.com\/files\/image_60_60\/uploads\/2023\/05\/23\/646cd02f4f53e.jpeg\" alt=\"Avatar del Agencia EFE\"\/><\/figure>\n\n\n\n<p><em>\u00a0<\/em><strong>Agencia EFE, Madrid, Espa\u00f1a<\/strong><\/p>\n\n\n\n<p id=\"m52418-52417-52419\">Las organizaciones&nbsp;<strong>Women&#8217;s Link y Amnist\u00eda Internacional<\/strong>, que asesoran a las exempleadas de&nbsp;<strong>Julio Iglesias<\/strong>&nbsp;que denunciaron al artista por acoso y agresi\u00f3n sexual, consideran \u00ablamentable\u00bb la decisi\u00f3n de la Fiscal\u00eda espa\u00f1ola de<strong>&nbsp;archivar la investigaci\u00f3n&nbsp;<\/strong>y anuncian que las dos mujeres \u00abseguir\u00e1n luchando por justicia y acudir\u00e1n a las v\u00edas legales disponibles\u00bb.<\/p>\n\n\n\n<p id=\"m52423-52422-52424\">Ambas organizaciones publicaron este viernes un comunicado en el que critican la decisi\u00f3n de la Fiscal\u00eda de la Audiencia Nacional de archivar la investigaci\u00f3n abierta a ra\u00edz de una denuncia de dos exempleadas contra el cantante por presunto acoso y agresi\u00f3n sexual en 2021 en Rep\u00fablica Dominicana y Bahamas, ante la \u00abfalta de jurisdicci\u00f3n\u00bb y competencia de los tribunales espa\u00f1oles.<\/p>\n\n\n\n<p id=\"m52428-52427-52429\">El ministerio p\u00fablico dict\u00f3 un decreto, conocido este viernes, en el que concluye que no se dan los requisitos exigidos por la ley para que la Justicia espa\u00f1ola pueda investigar la denuncia, presentada por los delitos de trata de seres humanos con fines de imposici\u00f3n de trabajo forzado y servidumbre, agresi\u00f3n sexual, lesiones y delito contra los derechos de los trabajadores.<\/p>\n\n\n\n<p><strong>Lea tambi\u00e9n<\/strong><\/p>\n\n\n\n<p id=\"m52438-52437-52439\">Para las organizaciones que respaldan a las denunciantes, la decisi\u00f3n de la Fiscal\u00eda es \u00ablamentable\u00bb porque \u00abpierde la oportunidad de investigar los hechos y considerar toda la evidencia que Rebeca y Laura incluyeron en su denuncia\u00bb.<\/p>\n\n\n\n<p id=\"m52443-52442-52444\">Opinan que \u00abno ha existido un an\u00e1lisis de fondo sobre la culpabilidad o no del denunciado, por lo que las denunciantes podr\u00edan reproducir su denuncia ante los \u00f3rganos judiciales pertinentes\u00bb.<\/p>\n\n\n\n<p id=\"m52448-52447-52449\">\u00abLa idea de que un ciudadano espa\u00f1ol podr\u00eda ser eximido de afrontar un proceso de justicia si los presuntos delitos de los que es acusado no ocurrieron en Espa\u00f1a y fueron cometidos contra mujeres no espa\u00f1olas desconoce el principio de extraterritorialidad y, adem\u00e1s, el derecho humano fundamental para que todas las mujeres y ni\u00f1as puedan vivir en un mundo libre de violencias\u00bb, a\u00f1ade el comunicado.<\/p>\n\n\n\n<p id=\"m52453-52452-52454\">Women&#8217;s Link y Amnist\u00eda Internacional subrayan que el Convenio de Varsovia y el Convenio de Estambul \u00abobligan a los Estados a investigar violaciones de derechos humanos cuando el presunto autor es nacional del pa\u00eds, incluso si los hechos ocurrieron fuera del territorio\u00bb.<\/p>\n\n\n\n<p id=\"m52458-52457-52459\">Los hechos denunciados afectan a una exempleada del hogar del cantante y a una fisioterapeuta, que aportaron documentos laborales, fotograf\u00edas, grabaciones, mensajes de WhatsApp o registros de llamadas para demostrar sus acusaciones, que incluyen agresiones sexuales, vejaciones y humillaciones laborales sistem\u00e1ticas.<\/p>\n\n\n\n<p id=\"m52463-52462-52464\">Las dos mujeres presentaron la denuncia el pasado 5 de enero, representadas por la organizaci\u00f3n Women&#8217;s Link, y se\u00f1alaron que lo hac\u00edan para que otras lo denuncien y no vuelvan a sufrir abusos de este tipo.<\/p>\n\n\n\n<p id=\"m52468-52467-52469\">Rebeca y Laura seguir\u00e1n luchando por justicia<\/p>\n\n\n\n<p id=\"m52473-52472-52474\">Seg\u00fan Women&#8217;s Link y Amnist\u00eda Internacional, \u00abRebeca y Laura seguir\u00e1n luchando por justicia\u00bb y \u00abno aceptar\u00e1n un tecnicismo legal para que su denuncia no sea investigada\u00bb.<\/p>\n\n\n\n<p id=\"m52478-52477-52479\">As\u00ed, exigen a la Fiscal\u00eda de la Audiencia Nacional que \u00abconsidere toda la informaci\u00f3n y evidencia presentada\u00bb, ya que hay tres escritos a los que no contest\u00f3, y destacan que, teniendo seis meses para investigar, haya tomado la decisi\u00f3n en menos de dos semanas.<\/p>\n\n\n\n<p id=\"m52483-52482-52484\">\u00abRebeca y Laura han pedido que se respete su privacidad mientras determinan sus pr\u00f3ximos pasos legales. Temen por posibles represalias. Sin embargo, han reiterado que seguir\u00e1n luchando por justicia y acudir\u00e1n a las v\u00edas legales disponibles que, tal como se\u00f1ala la decisi\u00f3n de la Fiscal\u00eda de la Audiencia Nacional, les permiten garantizar sus derechos\u00bb, concluye el comunicado.<\/p>\n","protected":false},"excerpt":{"rendered":"<p>El ministerio p\u00fablico dict\u00f3 un decreto, conocido este viernes, en el que concluye que no<\/p>\n","protected":false},"author":1,"featured_media":22645,"comment_status":"open","ping_status":"open","sticky":false,"template":"","format":"standard","meta":{"footnotes":""},"categories":[11],"tags":[],"class_list":["post-22644","post","type-post","status-publish","format-standard","has-post-thumbnail","hentry","category-entretenimiento"],"_links":{"self":[{"href":"https:\/\/samantharadionline.com\/index.php\/wp-json\/wp\/v2\/posts\/22644","targetHints":{"allow":["GET"]}}],"collection":[{"href":"https:\/\/samantharadionline.com\/index.php\/wp-json\/wp\/v2\/posts"}],"about":[{"href":"https:\/\/samantharadionline.com\/index.php\/wp-json\/wp\/v2\/types\/post"}],"author":[{"embeddable":true,"href":"https:\/\/samantharadionline.com\/index.php\/wp-json\/wp\/v2\/users\/1"}],"replies":[{"embeddable":true,"href":"https:\/\/samantharadionline.com\/index.php\/wp-json\/wp\/v2\/comments?post=22644"}],"version-history":[{"count":1,"href":"https:\/\/samantharadionline.com\/index.php\/wp-json\/wp\/v2\/posts\/22644\/revisions"}],"predecessor-version":[{"id":22646,"href":"https:\/\/samantharadionline.com\/index.php\/wp-json\/wp\/v2\/posts\/22644\/revisions\/22646"}],"wp:featuredmedia":[{"embeddable":true,"href":"https:\/\/samantharadionline.com\/index.php\/wp-json\/wp\/v2\/media\/22645"}],"wp:attachment":[{"href":"https:\/\/samantharadionline.com\/index.php\/wp-json\/wp\/v2\/media?parent=22644"}],"wp:term":[{"taxonomy":"category","embeddable":true,"href":"https:\/\/samantharadionline.com\/index.php\/wp-json\/wp\/v2\/categories?post=22644"},{"taxonomy":"post_tag","embeddable":true,"href":"https:\/\/samantharadionline.com\/index.php\/wp-json\/wp\/v2\/tags?post=22644"}],"curies":[{"name":"wp","href":"https:\/\/api.w.org\/{rel}","templated":true}]}}