{"id":22635,"date":"2026-01-24T07:41:12","date_gmt":"2026-01-24T11:41:12","guid":{"rendered":"https:\/\/samantharadionline.com\/?p=22635"},"modified":"2026-01-24T07:41:12","modified_gmt":"2026-01-24T11:41:12","slug":"inacif-opera-con-dificultades","status":"publish","type":"post","link":"https:\/\/samantharadionline.com\/index.php\/2026\/01\/24\/inacif-opera-con-dificultades\/","title":{"rendered":"Inacif opera con dificultades"},"content":{"rendered":"\n<p class=\"has-medium-font-size\"><em>Fatima Frometa, directora del Inacif en Santiago, explic\u00f3 a LIST\u00cdN DIARIO que con el recorte de sus instalaciones, se vieron en la obligaci\u00f3n de trasladar a los m\u00e9dicos legistas, ya que no contaban con un lugar para realizar las consultas<\/em><\/p>\n\n\n\n<p><strong><em>\u00a0<\/em>Ashley Mart\u00ednez,\u00a0Indira V\u00e1squez, Santiago, RD\u00a0<\/strong><\/p>\n\n\n\n<p id=\"m12789-12788-12790\">Hasta el a\u00f1o 2012, el Instituto Nacional de Ciencias Forenses (INACIF) de Santiago funcionaba, casi en su totalidad, dentro del hospital Jos\u00e9 Mar\u00eda Cabral y B\u00e1ez.<\/p>\n\n\n\n<p id=\"m12794-12793-12795\">La sala de autopsias operaba en la morgue, los m\u00e9dicos legistas evaluaban y diagnosticaban pacientes en la parte trasera del centro, donde permanecen parte de sus instalaciones y all\u00ed mismo coexist\u00edan la subdirecci\u00f3n y otras \u00e1reas administrativas y t\u00e9cnicas.<\/p>\n\n\n\n<p id=\"m12799-12798-12800\">Pero en 2013, con el inicio de la remodelaci\u00f3n del Cabral y B\u00e1ez, ese equilibrio comenz\u00f3 a fracturarse, cuando se acord\u00f3 ceder parte de las instalaciones del Inacif para habilitar espacios provisionales destinados a ingenieros, contratistas y \u00e1reas en desplazamiento, bajo la promesa de que, una vez concluida la obra, la instituci\u00f3n contar\u00eda con un espacio nuevo que nunca termin\u00f3 de materializarse como se hab\u00eda planteado.<\/p>\n\n\n\n<p id=\"m12804-12803-12805\">El resultado fue espacios recortados para la atenci\u00f3n al usuario, laboratorios en condiciones deplorables y todo su personal disperso en diferentes localidades y departamentos.<\/p>\n\n\n\n<p id=\"m12809-12808-12810\">Cuando iniciaron los trabajos de la readecuaci\u00f3n de este centro de salud, el espacio f\u00edsico del Inacif fue disminuido, permaneciendo solamente la subdirecci\u00f3n m\u00e9dica donde actualmente se trabajan todos los informes m\u00e9dicos legales y las documentaciones que realiza la instituci\u00f3n, con dos secretarias digitadoras, y el laboratorio de anatom\u00eda patol\u00f3gica, rodeados de un mont\u00f3n de archivos.<\/p>\n\n\n\n<p id=\"m12814-12813-12815\">La doctora F\u00e1tima Fr\u00f3meta, directora del Inacif en Santiago, explic\u00f3 que, con el recorte de sus instalaciones, se vieron en la obligaci\u00f3n de trasladar a los m\u00e9dicos legistas, ya que no contaban con un lugar para realizar las consultas y evaluaciones medicas-legales, ni sala de espera para los usuarios, ni parqueos para el personal que all\u00ed laboraba.<\/p>\n\n\n\n<p id=\"m12819-12818-12820\">Actualmente, esos m\u00e9dicos legistas brindan sus servicios en la antigua base \u00e1rea de Santiago, compartiendo local con el Departamento de Denuncias y Querellas de la Procuradur\u00eda Fiscal de Santiago.<\/p>\n\n\n\n<p id=\"m12824-12823-12825\">En tanto que otros m\u00e9dicos legistas, se encuentran dispersos en San Jos\u00e9 de las Matas y Navarrete, y los m\u00e9dicos forenses en el cementerio del Ingenio en Santiago Oeste. Adem\u00e1s, los departamentos y laboratorios de bal\u00edstica, sustancias y documentos, en un local ubicado frente al Hospital Metropolitano de Santiago (HOMS).<\/p>\n\n\n\n<h3 class=\"wp-block-heading\">otra instituci\u00f3n ocupa local destinado al inacif<\/h3>\n\n\n\n<p id=\"m12829-12828-12830\">Con el proyecto de remodelaci\u00f3n del Cabral y B\u00e1ez, se construy\u00f3 un local en el \u00e1rea frontal del centro de salud, que estaba destinada para el funcionamiento integral del Inacif, contempl\u00e1ndose las operaciones de la oficina de la subdirecci\u00f3n m\u00e9dica, dos oficinas para realizar las evaluaciones m\u00e9dicas de los m\u00e9dicos legistas, una sala de espera para los usuarios, un \u00e1rea para el laboratorio de anatom\u00eda patol\u00f3gica, una cocina y dormitorios para el equipo que trabaja en servicios de 24 horas.<\/p>\n\n\n\n<p id=\"m12834-12833-12835\">La infraestructura, que estaba a cargo del ingeniero Marcos L\u00f3pez, fue entregada en el a\u00f1o 2022, y contaba con un letrero enorme, de color rojo, que se\u00f1alizaba que all\u00ed funcionar\u00eda el Inacif, as\u00ed como mobiliario que consist\u00eda en escritorios, sillas y camarotes para los empleados que les tocaban las guardias nocturnas.<\/p>\n\n\n\n<p id=\"m12839-12838-12840\">Sin embargo, de acuerdo a la directora del Inacif en Santiago, F\u00e1tima Fr\u00f3meta, las instalaciones nunca fueron entregadas al Instituto Nacional de Ciencias Forenses, no obstante, se han visto en la obligaci\u00f3n de hacerse cargo de las facturas de la energ\u00eda el\u00e9ctrica y el agua potable que consume la otra instituci\u00f3n de Salud P\u00fablica que all\u00ed funciona.<\/p>\n\n\n\n<p id=\"m12844-12843-12845\">Fr\u00f3meta asegura que el letrero del local fue quitado de manera abrupta y sin ning\u00fan tipo de comunicaci\u00f3n ni consultas, entregando el edificio a la Direcci\u00f3n Regional de Habilitaci\u00f3n de Servicios y Establecimientos de Salud.<\/p>\n\n\n\n<p id=\"m12849-12848-12850\">\u201cTrabajamos bajo condiciones cr\u00edticas, mientras tanto la inversi\u00f3n se destruye sin utilizar\u201d, dijo Fr\u00f3meta  <\/p>\n\n\n\n<p id=\"m12854-12853-12855\">El edificio donde funciona actualmente el Inacif, ubicado en la parte trasera del Cabral y B\u00e1ez, fue destinado en el a\u00f1o 1982 al doctor Bol\u00edvar Garc\u00eda, quien era m\u00e9dico pat\u00f3logo forense, para que all\u00ed funcionaria el Instituto de Patolog\u00eda Forense de la ciudad de Santiago. Para el a\u00f1o 2004, fue convertido en el Instituto Nacional de Ciencias Forenses.<\/p>\n\n\n\n<p>Situaci\u00f3n<\/p>\n\n\n\n<h3 class=\"wp-block-heading\">Deplorable&nbsp;<\/h3>\n\n\n\n<p>Anteriormente en el Cabral y B\u00e1ez funcionaba tambi\u00e9n la sala de autopsias. Sin embargo, estos procedimientos ahora se realizan en las instalaciones del cementerio del Ingenio, en condiciones deplorables, efectu\u00e1ndose autopsias y necropsias en un mismo laboratorio, sin aumentar siquiera el personal de limpieza.<\/p>\n","protected":false},"excerpt":{"rendered":"<p>Fatima Frometa, directora del Inacif en Santiago, explic\u00f3 a LIST\u00cdN DIARIO que con el recorte<\/p>\n","protected":false},"author":1,"featured_media":22636,"comment_status":"open","ping_status":"open","sticky":false,"template":"","format":"standard","meta":{"footnotes":""},"categories":[10],"tags":[],"class_list":["post-22635","post","type-post","status-publish","format-standard","has-post-thumbnail","hentry","category-economica"],"_links":{"self":[{"href":"https:\/\/samantharadionline.com\/index.php\/wp-json\/wp\/v2\/posts\/22635","targetHints":{"allow":["GET"]}}],"collection":[{"href":"https:\/\/samantharadionline.com\/index.php\/wp-json\/wp\/v2\/posts"}],"about":[{"href":"https:\/\/samantharadionline.com\/index.php\/wp-json\/wp\/v2\/types\/post"}],"author":[{"embeddable":true,"href":"https:\/\/samantharadionline.com\/index.php\/wp-json\/wp\/v2\/users\/1"}],"replies":[{"embeddable":true,"href":"https:\/\/samantharadionline.com\/index.php\/wp-json\/wp\/v2\/comments?post=22635"}],"version-history":[{"count":1,"href":"https:\/\/samantharadionline.com\/index.php\/wp-json\/wp\/v2\/posts\/22635\/revisions"}],"predecessor-version":[{"id":22637,"href":"https:\/\/samantharadionline.com\/index.php\/wp-json\/wp\/v2\/posts\/22635\/revisions\/22637"}],"wp:featuredmedia":[{"embeddable":true,"href":"https:\/\/samantharadionline.com\/index.php\/wp-json\/wp\/v2\/media\/22636"}],"wp:attachment":[{"href":"https:\/\/samantharadionline.com\/index.php\/wp-json\/wp\/v2\/media?parent=22635"}],"wp:term":[{"taxonomy":"category","embeddable":true,"href":"https:\/\/samantharadionline.com\/index.php\/wp-json\/wp\/v2\/categories?post=22635"},{"taxonomy":"post_tag","embeddable":true,"href":"https:\/\/samantharadionline.com\/index.php\/wp-json\/wp\/v2\/tags?post=22635"}],"curies":[{"name":"wp","href":"https:\/\/api.w.org\/{rel}","templated":true}]}}