{"id":22629,"date":"2026-01-24T07:34:58","date_gmt":"2026-01-24T11:34:58","guid":{"rendered":"https:\/\/samantharadionline.com\/?p=22629"},"modified":"2026-01-24T07:34:58","modified_gmt":"2026-01-24T11:34:58","slug":"posible-destitucion-del-primer-ministro-agrava-nuevamente-la-crisis-en-haiti","status":"publish","type":"post","link":"https:\/\/samantharadionline.com\/index.php\/2026\/01\/24\/posible-destitucion-del-primer-ministro-agrava-nuevamente-la-crisis-en-haiti\/","title":{"rendered":"Posible destituci\u00f3n del primer ministro agrava nuevamente la crisis en Hait\u00ed"},"content":{"rendered":"\n<p class=\"has-medium-font-size\"><em>Despu\u00e9s de que el jueves se revelara el plan de los cinco consejeros y pese al rechazo de la comunidad internacional, el asesor presidencial, Edgard Leblanc Fils, confirm\u00f3 este viernes en rueda de prensa que \u00abla decisi\u00f3n\u00bb sobre Fils-Aim\u00e9 \u00abest\u00e1 tomada\u00bb<\/em><\/p>\n\n\n\n<figure class=\"wp-block-image\"><img decoding=\"async\" src=\"https:\/\/listindiario.com\/files\/image_60_60\/uploads\/2023\/05\/23\/646cd02f4f53e.jpeg\" alt=\"Avatar del Agencia EFE\"\/><\/figure>\n\n\n\n<p><strong><em>\u00a0<\/em>Agencia EFE, Puerto Pr\u00edncipe, Hait\u00ed<\/strong><\/p>\n\n\n\n<p id=\"m42770-42769-42771\">La decisi\u00f3n de cinco de los siete miembros con derecho a voto del Consejo Presidencial de Transici\u00f3n (CPT) de Hait\u00ed, cuyo mandato vence el pr\u00f3ximo 7 de febrero, de destituir al primer ministro, Alix Didier Fils-Aim\u00e9, agrava la situaci\u00f3n en el deprimido pa\u00eds caribe\u00f1o, envuelto desde hace a\u00f1os en una compleja crisis que parece no tener fin.<\/p>\n\n\n\n<p id=\"m42775-42774-42776\">Despu\u00e9s de que el jueves se revelara el plan de los cinco consejeros y pese al rechazo de la comunidad internacional, en especial de Estados Unidos, el asesor presidencial, Edgard Leblanc Fils, confirm\u00f3 este viernes en rueda de prensa que \u00abla decisi\u00f3n\u00bb sobre Fils-Aim\u00e9 \u00abest\u00e1 tomada\u00bb.<\/p>\n\n\n\n<p id=\"m42780-42779-42781\">\u00abSe est\u00e1n siguiendo los procedimientos normales para que se publique en la imprenta nacional\u00bb la destituci\u00f3n, afirm\u00f3.<\/p>\n\n\n\n<h3 class=\"wp-block-heading\">A continuaci\u00f3n algunas claves de esta nueva crisis:<\/h3>\n\n\n\n<h3 class=\"wp-block-heading\">1. Origen del Consejo Presidencial de Transici\u00f3n<\/h3>\n\n\n\n<p id=\"m42785-42784-42786\">El CPT, compuesto por representantes de partidos pol\u00edticos, sociedad civil y el sector privado, se instal\u00f3 en abril de 2024 despu\u00e9s de que el primer ministro, Ariel Henry, quien asumi\u00f3 las riendas del pa\u00eds tras el asesinato del presidente Jovenel Mo\u00efse el 7 de julio de 2021, anunciara en marzo de ese a\u00f1o su dimisi\u00f3n en medio de una ofensiva sin precedentes de la coalici\u00f3n de bandas armadas Vivre Ensemble (Vivir Juntos), del poderoso Jimmy Ch\u00e9rizier, alias &#8216;Barbecue&#8217;.<\/p>\n\n\n\n<p id=\"m42790-42789-42791\">El CPT asumi\u00f3 entonces el rumbo de Hait\u00ed con la misi\u00f3n de restablecer la seguridad en los territorios en poder de las bandas armadas, organizar elecciones generales inclusivas, honestas y democr\u00e1ticas, celebrar un refer\u00e9ndum sobre un proyecto de Constituci\u00f3n y favorecer la reanudaci\u00f3n de las actividades econ\u00f3micas, algo que no se ha logrado.<\/p>\n\n\n\n<h3 class=\"wp-block-heading\">2. Intentos por sostener la transici\u00f3n<\/h3>\n\n\n\n<p id=\"m42795-42794-42796\">El acad\u00e9mico y pol\u00edtico haitiano Garry Conille, quien ya hab\u00eda ocupado el cargo de primer ministro entre 2011 y 2012, fue nombrado por el CPT en el cargo el 28 de mayo de 2024 y juramentado seis d\u00edas despu\u00e9s con el objetivo de liderar la transici\u00f3n hacia las elecciones, las cuales se han ido aplazando.<\/p>\n\n\n\n<p id=\"m42800-42799-42801\">Cinco meses despu\u00e9s, el 11 de noviembre, fue destituido y reemplazado por el empresario Alix Didier Fils-Aim\u00e9, en medio de acusaciones de corrupci\u00f3n y diferencias con miembros del CPT.<\/p>\n\n\n\n<p id=\"m42805-42804-42806\">Fils-Aim\u00e9 tom\u00f3 entonces el cargo y se fij\u00f3 como tarea esencial \u00abla seguridad de la gente, seguridad de los bienes y de las infraestructuras, seguridad alimentaria y libertad de circulaci\u00f3n en todo el pa\u00eds\u00bb, unos puntos que est\u00e1n lejos de lograrse en un pa\u00eds que el a\u00f1o pasado registr\u00f3 m\u00e1s de 8.100 asesinatos y en el que las bandas armadas siguen controlando una buena parte del territorio, principalmente la capital, Puerto Pr\u00edncipe.<\/p>\n\n\n\n<h3 class=\"wp-block-heading\">3. Fils-Aim\u00e9, respaldado por la comunidad internacional<\/h3>\n\n\n\n<p id=\"m42810-42809-42811\">Tras conocerse los planes de la mayor\u00eda del CPT, organismos internacionales y varios pa\u00edses expresaron este viernes su preocupaci\u00f3n por los \u00faltimos acontecimientos, pero tambi\u00e9n sus respaldo al actual primer ministro.<\/p>\n\n\n\n<p id=\"m42815-42814-42816\">En un comunicado, la Delegaci\u00f3n de la Uni\u00f3n Europea en Hait\u00ed y las embajadas de Alemania, Espa\u00f1a y Francia instaron a las autoridades haitianas de transici\u00f3n a que act\u00faen \u00abcon responsabilidad y sentido del inter\u00e9s general\u00bb, y se\u00f1alaron que \u00abcualquier cambio en la c\u00fapula del Gobierno a pocos d\u00edas de que finalice el Consejo Presidencial de Transici\u00f3n pondr\u00eda en peligro la din\u00e1mica alentadora de las fuerzas de seguridad contra las bandas criminales\u00bb.<\/p>\n\n\n\n<p id=\"m42820-42819-42821\">En tanto, Estados Unidos acus\u00f3 a pol\u00edticos \u00abcorruptos\u00bb de Hait\u00ed de utilizar las bandas criminales armadas para sembrar el caos en el pa\u00eds, y expres\u00f3 su apoyo \u00abindefectible\u00bb al primer ministro y a la estabilidad y la seguridad en Hait\u00ed.<\/p>\n\n\n\n<h3 class=\"wp-block-heading\">4. Celebrar elecciones, el gran reto de Hait\u00ed<\/h3>\n\n\n\n<p id=\"m42825-42824-42826\">Las \u00faltimas elecciones presidenciales se celebraron en 2016, cuando result\u00f3 elegido Jovenel Mo\u00efse, asesinado por mercenarios en su residencia en 2021, por lo que el pa\u00eds no cuenta con autoridades electas en las urnas.<\/p>\n\n\n\n<p id=\"m42830-42829-42831\">Despu\u00e9s de varios aplazamientos, las autoridades han previsto la celebraci\u00f3n de la primera vuelta de las elecciones presidenciales el 30 de agosto de 2026 y la segunda el 6 de diciembre.<\/p>\n\n\n\n<p id=\"m42835-42834-42836\">Sin embargo, el Consejo Electoral Provisional ha se\u00f1alado dos requisitos previos para el cumplimiento del calendario: un clima de seguridad aceptable y la disponibilidad de recursos financieros, algo poco probable de momento.<\/p>\n","protected":false},"excerpt":{"rendered":"<p>Despu\u00e9s de que el jueves se revelara el plan de los cinco consejeros y pese<\/p>\n","protected":false},"author":1,"featured_media":22630,"comment_status":"open","ping_status":"open","sticky":false,"template":"","format":"standard","meta":{"footnotes":""},"categories":[4],"tags":[],"class_list":["post-22629","post","type-post","status-publish","format-standard","has-post-thumbnail","hentry","category-mundiales"],"_links":{"self":[{"href":"https:\/\/samantharadionline.com\/index.php\/wp-json\/wp\/v2\/posts\/22629","targetHints":{"allow":["GET"]}}],"collection":[{"href":"https:\/\/samantharadionline.com\/index.php\/wp-json\/wp\/v2\/posts"}],"about":[{"href":"https:\/\/samantharadionline.com\/index.php\/wp-json\/wp\/v2\/types\/post"}],"author":[{"embeddable":true,"href":"https:\/\/samantharadionline.com\/index.php\/wp-json\/wp\/v2\/users\/1"}],"replies":[{"embeddable":true,"href":"https:\/\/samantharadionline.com\/index.php\/wp-json\/wp\/v2\/comments?post=22629"}],"version-history":[{"count":1,"href":"https:\/\/samantharadionline.com\/index.php\/wp-json\/wp\/v2\/posts\/22629\/revisions"}],"predecessor-version":[{"id":22631,"href":"https:\/\/samantharadionline.com\/index.php\/wp-json\/wp\/v2\/posts\/22629\/revisions\/22631"}],"wp:featuredmedia":[{"embeddable":true,"href":"https:\/\/samantharadionline.com\/index.php\/wp-json\/wp\/v2\/media\/22630"}],"wp:attachment":[{"href":"https:\/\/samantharadionline.com\/index.php\/wp-json\/wp\/v2\/media?parent=22629"}],"wp:term":[{"taxonomy":"category","embeddable":true,"href":"https:\/\/samantharadionline.com\/index.php\/wp-json\/wp\/v2\/categories?post=22629"},{"taxonomy":"post_tag","embeddable":true,"href":"https:\/\/samantharadionline.com\/index.php\/wp-json\/wp\/v2\/tags?post=22629"}],"curies":[{"name":"wp","href":"https:\/\/api.w.org\/{rel}","templated":true}]}}