{"id":22625,"date":"2026-01-24T07:32:34","date_gmt":"2026-01-24T11:32:34","guid":{"rendered":"https:\/\/samantharadionline.com\/?p=22625"},"modified":"2026-01-24T07:32:34","modified_gmt":"2026-01-24T11:32:34","slug":"destituyen-al-rector-del-itla","status":"publish","type":"post","link":"https:\/\/samantharadionline.com\/index.php\/2026\/01\/24\/destituyen-al-rector-del-itla\/","title":{"rendered":"Destituyen al rector del ITLA"},"content":{"rendered":"\n<p class=\"has-medium-font-size\"><em>De acuerdo con lo establecido en el art\u00edculo 1 del decreto, queda derogado el art\u00edculo 13 del decreto n\u00fam. 390-24, del 17 de julio de 2024, mediante el cual se design\u00f3 a F\u00e9liz Garc\u00eda como rector de esa instituci\u00f3n de educaci\u00f3n superior<\/em><\/p>\n\n\n\n<p><strong>RLD, Santo Domingo, RD<\/strong><\/p>\n\n\n\n<p id=\"m97193-97192-97194\">El presidente de la Rep\u00fablica, Luis Abinader, destituy\u00f3 al rector del<strong>&nbsp;Instituto Tecnol\u00f3gico de las Am\u00e9ricas (ITLA)<\/strong>,&nbsp;<strong>Rafael F\u00e9liz Garc\u00eda<\/strong>, mediante el decreto 39-26.<\/p>\n\n\n\n<p id=\"m97198-97197-97199\">De acuerdo con lo establecido en el art\u00edculo 1 del decreto, queda derogado el art\u00edculo 13 del decreto 390-24, del 17 de julio de 2024, mediante el cual se design\u00f3 a F\u00e9liz Garc\u00eda como rector de esa instituci\u00f3n de educaci\u00f3n superior.<\/p>\n\n\n\n<p id=\"m97203-97202-97204\">\u00abLa disposici\u00f3n forma parte de las atribuciones constitucionales del Poder Ejecutivo y se enmarca dentro de los procesos de evaluaci\u00f3n y fortalecimiento institucional impulsados por el Gobierno dominicano\u00bb, le\u00eda parte de un comunicado emitido por la Direcci\u00f3n de Prensa del presidente.<\/p>\n\n\n\n<p id=\"m97208-97207-97209\">La destituci\u00f3n ocurri\u00f3 luego de que la periodista Nuria Piera present\u00f3 el resultado de una de sus investigaciones, en la que afirmaba que&nbsp;<strong>el ahora exrector del ITLA supuestamente realizaba deducciones salariales a empleados del instituto<\/strong>, dinero que era destinado a los fondos del movimiento pol\u00edtico \u00abJ\u00f3venes Unidos por el Cambio\u00bb, fundado por el propio F\u00e9liz Garc\u00eda.<\/p>\n\n\n\n<p id=\"m97213-97212-97214\">Tras la publicaci\u00f3n del reportaje, en la cuenta de la red social Instagram del&nbsp;<strong>ITLA&nbsp;<\/strong>fue publicado un comunicado&nbsp;<strong>neg\u00f3 la existencia<\/strong>&nbsp;de una \u00abdisposici\u00f3n institucional, instrucci\u00f3n administrativa o procedimiento de n\u00f3mina que autorice descuentos, retenciones o&nbsp;<strong>deducciones salariales destinados a movimientos pol\u00edticos<\/strong>&nbsp;o a cualquier actividad distinta a los fines del instituto\u00bb.<\/p>\n\n\n\n<figure class=\"wp-block-image size-full\"><img loading=\"lazy\" decoding=\"async\" width=\"407\" height=\"592\" src=\"https:\/\/samantharadionline.com\/wp-content\/uploads\/2026\/01\/image-5.png\" alt=\"\" class=\"wp-image-22627\" srcset=\"https:\/\/samantharadionline.com\/wp-content\/uploads\/2026\/01\/image-5.png 407w, https:\/\/samantharadionline.com\/wp-content\/uploads\/2026\/01\/image-5-206x300.png 206w\" sizes=\"auto, (max-width: 407px) 100vw, 407px\" \/><\/figure>\n\n\n\n<h3 class=\"wp-block-heading\">SOBRE&nbsp;Rafael F\u00e9liz Garc\u00eda<\/h3>\n\n\n\n<p id=\"m97223-97222-97224\">Es soci\u00f3logo egresado de la Universidad Aut\u00f3noma de Santo Domingo y tiene una maestr\u00eda en Estudios Caribe\u00f1os de la Pontificia Universidad Cat\u00f3lica Madre y Maestra (PUCMM) y ha sido consultor de varios proyectos nacionales e internacionales de investigaci\u00f3n social en materia de pol\u00edtica, cultura y juventud.<\/p>\n\n\n\n<p id=\"m97228-97227-97229\">Ha ocupado diferentes posiciones directivas en organizaciones y movimientos sociales desde su adolescencia.<\/p>\n\n\n\n<p id=\"m97233-97232-97234\">Fue secretario de Deportes y Recreaci\u00f3n Movimiento \u00abLa Multitud\u00bb (2010-2014), secretario de Bienestar estudiantil, Asociaci\u00f3n de estudiantes de Sociolog\u00eda (UASD) (2015-2018); y secretario de Relaciones Internacionales, Fuerza Juvenil Dominicana (UASD) (2015-2018).<\/p>\n\n\n\n<p id=\"m97238-97237-97239\">Durante la campa\u00f1a presidencial de Abinader en 2020,&nbsp;<strong>se desenvolvi\u00f3 como coordinador nacional del movimiento \u00abJ\u00f3venes Unidos por el Cambio\u00bb<\/strong>.<\/p>\n\n\n\n<p id=\"m97243-97242-97244\">Posteriormente&nbsp;<strong>fue nombrado como ministro de la Juventud<\/strong>&nbsp;y luego como rector del ITLA.<\/p>\n","protected":false},"excerpt":{"rendered":"<p>De acuerdo con lo establecido en el art\u00edculo 1 del decreto, queda derogado el art\u00edculo<\/p>\n","protected":false},"author":1,"featured_media":22626,"comment_status":"open","ping_status":"open","sticky":false,"template":"","format":"standard","meta":{"footnotes":""},"categories":[12],"tags":[],"class_list":["post-22625","post","type-post","status-publish","format-standard","has-post-thumbnail","hentry","category-nacionales"],"_links":{"self":[{"href":"https:\/\/samantharadionline.com\/index.php\/wp-json\/wp\/v2\/posts\/22625","targetHints":{"allow":["GET"]}}],"collection":[{"href":"https:\/\/samantharadionline.com\/index.php\/wp-json\/wp\/v2\/posts"}],"about":[{"href":"https:\/\/samantharadionline.com\/index.php\/wp-json\/wp\/v2\/types\/post"}],"author":[{"embeddable":true,"href":"https:\/\/samantharadionline.com\/index.php\/wp-json\/wp\/v2\/users\/1"}],"replies":[{"embeddable":true,"href":"https:\/\/samantharadionline.com\/index.php\/wp-json\/wp\/v2\/comments?post=22625"}],"version-history":[{"count":1,"href":"https:\/\/samantharadionline.com\/index.php\/wp-json\/wp\/v2\/posts\/22625\/revisions"}],"predecessor-version":[{"id":22628,"href":"https:\/\/samantharadionline.com\/index.php\/wp-json\/wp\/v2\/posts\/22625\/revisions\/22628"}],"wp:featuredmedia":[{"embeddable":true,"href":"https:\/\/samantharadionline.com\/index.php\/wp-json\/wp\/v2\/media\/22626"}],"wp:attachment":[{"href":"https:\/\/samantharadionline.com\/index.php\/wp-json\/wp\/v2\/media?parent=22625"}],"wp:term":[{"taxonomy":"category","embeddable":true,"href":"https:\/\/samantharadionline.com\/index.php\/wp-json\/wp\/v2\/categories?post=22625"},{"taxonomy":"post_tag","embeddable":true,"href":"https:\/\/samantharadionline.com\/index.php\/wp-json\/wp\/v2\/tags?post=22625"}],"curies":[{"name":"wp","href":"https:\/\/api.w.org\/{rel}","templated":true}]}}