{"id":22613,"date":"2026-01-23T10:22:19","date_gmt":"2026-01-23T14:22:19","guid":{"rendered":"https:\/\/samantharadionline.com\/?p=22613"},"modified":"2026-01-23T10:22:19","modified_gmt":"2026-01-23T14:22:19","slug":"datos-de-la-jce-sobre-nacimientos-y-defunciones-en-el-pais","status":"publish","type":"post","link":"https:\/\/samantharadionline.com\/index.php\/2026\/01\/23\/datos-de-la-jce-sobre-nacimientos-y-defunciones-en-el-pais\/","title":{"rendered":"Datos de la JCE sobre nacimientos y defunciones en el pa\u00eds"},"content":{"rendered":"\n<p class=\"has-medium-font-size\"><em>El dato muestra como van cambiando las curvas: los nacimientos caen con fuerza en el 2020 (pandemia del Covid-19) y no vuelven a su tendencia previa<\/em><\/p>\n\n\n\n<figure class=\"wp-block-image\"><img decoding=\"async\" src=\"https:\/\/listindiario.com\/files\/image_60_60\/uploads\/2024\/10\/23\/671950122bcfa.jpeg\" alt=\"Avatar del Paul Mathiasen\"\/><\/figure>\n\n\n\n<p><strong><em>\u00a0<\/em>Paul Mathiasen, Santo Domingo, RD<\/strong><\/p>\n\n\n\n<p id=\"m46229-46228-46230\">Entre los a\u00f1os 2005 y 2025, el<strong>&nbsp;Registro Civil dominicano<\/strong>&nbsp;contabiliz\u00f3 un total de 4,386,222 nacimientos y 808,174 defunciones, arrojando un crecimiento natural acumulado de 3,578,048 personas.<\/p>\n\n\n\n<p id=\"m46234-46233-46235\">Seg\u00fan una extracci\u00f3n y an\u00e1lisis de datos del visor estad\u00edsticos del Observatorio del Sistema Nacional del Registro Civil (Onarec) de la Junta Central Electoral (JCE), los nacimientos siguen superando ampliamente las defunciones, pero con un ligero cambio en los \u00faltimos a\u00f1os.<\/p>\n\n\n\n<p id=\"m46239-46238-46240\">El dato muestra como van cambiando las curvas: los nacimientos caen con fuerza en el 2020 (<strong>pandemia del Covid-19<\/strong>) y no vuelven a su tendencia previa. Mientras que las defunciones suben y se estabilizan cerca de 50 mil al a\u00f1o tras un pico del 2021. Esto refleja que cada a\u00f1o la distancia entre nacimientos y defunciones se est\u00e1 haciendo m\u00e1s corta.<\/p>\n\n\n\n<h3 class=\"wp-block-heading\">Nacimientos contra defunciones<\/h3>\n\n\n\n<p id=\"m46244-46243-46245\">En el per\u00edodo analizado (2005\u20132025), el a\u00f1o con m\u00e1s nacimientos registrados fue 2015, con 262,096. Ese nivel contrasta con el m\u00ednimo que se dio en 2020, con 171,412. La ca\u00edda entre 2019 (225,999) y 2020 (171,412) fue de 54,587 nacimientos, un desplome de 24,2 % en un solo a\u00f1o, el movimiento m\u00e1s brusco de toda la serie, pudieron haber estado influenciado por la pandemia del Covid-19.<\/p>\n\n\n\n<p><strong>Lea tambi\u00e9n<\/strong><\/p>\n\n\n\n<p id=\"m46254-46253-46255\">Despu\u00e9s de la ca\u00edda de 2020, los nacimientos rebotan en 2021 (208,260) y 2022 (212,410), pero desde 2023 (206,244) la tendencia comenz\u00f3 a bajar: 2024 (188,811) y 2025 (177,228). Precisamente este \u00faltimo a\u00f1o termin\u00f3 como el segundo registro anual m\u00e1s bajo en las dos d\u00e9cadas analizadas, solo por encima de 2020.<\/p>\n\n\n\n<p id=\"m46259-46258-46260\">En el caso de las defunciones, estas muestran otra din\u00e1mica: 2005 aparece con 14,970 personas fallecidas, pero ya en 2014 la cifra se ubica en 39,474. Ese incremento progresivo puede sugerir, en parte, un fen\u00f3meno habitual en aspectos administrativos como una mejor cobertura del registro (m\u00e1s captaci\u00f3n, menos subregistro o rezagos), m\u00e1s que un cambio \u201creal\u201d de mortalidad por cada a\u00f1o.<\/p>\n\n\n\n<p id=\"m46264-46263-46265\">Desde 2015, las defunciones entran en una franja m\u00e1s \u201cestable\u201d comenzando con 40,269 (2015) y manteni\u00e9ndose cerca de 43 a 47 mil entre 2016 y 2019, y 45,789 en el a\u00f1o pand\u00e9mico (2020). Un a\u00f1o despu\u00e9s (2021), el m\u00e1ximo llega con 53,584&nbsp;<strong>fallecimientos registrados<\/strong>, y desde entonces se mantiene superando los 50 mil: 51,357 (2022), 50,112 (2023), 50,219 (2024) y 51,649 (2025).<\/p>\n\n\n\n<p id=\"m46269-46268-46270\">Tomando en consideraci\u00f3n todos los datos mostrados, se puede ver un contraste significativo con el cambio de d\u00e9cadas.<\/p>\n\n\n\n<p id=\"m46274-46273-46275\">La mayor brecha entre nacimientos y defunci\u00f3n se dio en el a\u00f1o 2015 con 262,096 nacimientos contra 40,269 defunciones, para una diferencia de 221,827 personas, a favor de los nacimientos.<\/p>\n\n\n\n<p id=\"m46279-46278-46280\">Pero, 10 a\u00f1os m\u00e1s tarde, en el 2025, fue considerablemente menos la brecha: 177,228 nacimientos contra 51,649 defunciones, para una diferencia de 125,579 personas. Sumando un dato adicional a este, en el a\u00f1o 2020 tambi\u00e9n se dio una situaci\u00f3n similar, pero con 44 casos m\u00e1s que el per\u00edodo comparado.<\/p>\n\n\n\n<p id=\"m46284-46283-46285\">Teniendo en consideraci\u00f3n lo planteando, se puede observar como el contraste en el per\u00edodo 2005\u20132025 muestra tres hechos claros: los nacimientos registrados no regresaron a los niveles previos a 2020; las defunciones registradas, tras el pico de 2021, se sostienen alrededor de 50 mil y la brecha entre ambos se est\u00e1 estrechando, al punto de que el a\u00f1o 2025 marc\u00f3 el balance natural registrado m\u00e1s bajo de las dos d\u00e9cadas analizadas.<\/p>\n\n\n\n<p id=\"m46289-46288-46290\">Un detalle adicional, es que en el per\u00edodo analizado, los nacimientos muestran que se han dado a luz m\u00e1s hombres (50.6 %) que mujeres (49.4 %). Mientras que en las defunciones la brecha es mayor, siendo los hombres (58.2 %) los que m\u00e1s han fallecido por encima de las mujeres (41.8 %).<\/p>\n\n\n\n<h3 class=\"wp-block-heading\">Registro y razones<\/h3>\n\n\n\n<p id=\"m46294-46293-46295\">Otro dato que muestra la JCE es el tipo de registro, donde se observa un volumen masivo de nacimientos anotados \u201cfuera de plazo\u201d con 1,039,630 en el per\u00edodo. En ese mismo rengl\u00f3n, hay dos categor\u00edas que conectan directamente con debates p\u00fablicos de los \u00faltimos a\u00f1os: \u201cextranjeros\u201d (276,454) y \u201ctranscripciones\u201d (221,318).<\/p>\n\n\n\n<p id=\"m46299-46298-46300\">Del lado de las defunciones, el visor deja otra lectura: la gran mayor\u00eda cae de fallecimientos cae en categor\u00edas no violentas. Muerte natural lidera las estad\u00edsticas con 343,329, seguido de enfermedad (236,935) y \u201cotras causas\u201d con 168,080 personas.<\/p>\n\n\n\n<p id=\"m46304-46303-46305\">A estas le siguen las violentas con \u201ctr\u00e1nsito\u201d (33,189);&nbsp;<strong>homicidios&nbsp;<\/strong>(15,616) y&nbsp;<strong>suicidios&nbsp;<\/strong>(5,886)<\/p>\n\n\n\n<p id=\"m46309-46308-46310\">El&nbsp;<strong>Observatorio del Sistema Nacional del Registro Civil<\/strong>&nbsp;(Onarec) indica en su portal digital que los datos corresponde \u00fanicamente a estad\u00edsticas de la&nbsp;<strong>Junta Central Electoral<\/strong>, por lo que pueden diferir contras fuentes oficiales por metodolog\u00edas distintas.<\/p>\n","protected":false},"excerpt":{"rendered":"<p>El dato muestra como van cambiando las curvas: los nacimientos caen con fuerza en el<\/p>\n","protected":false},"author":1,"featured_media":22614,"comment_status":"open","ping_status":"open","sticky":false,"template":"","format":"standard","meta":{"footnotes":""},"categories":[12],"tags":[],"class_list":["post-22613","post","type-post","status-publish","format-standard","has-post-thumbnail","hentry","category-nacionales"],"_links":{"self":[{"href":"https:\/\/samantharadionline.com\/index.php\/wp-json\/wp\/v2\/posts\/22613","targetHints":{"allow":["GET"]}}],"collection":[{"href":"https:\/\/samantharadionline.com\/index.php\/wp-json\/wp\/v2\/posts"}],"about":[{"href":"https:\/\/samantharadionline.com\/index.php\/wp-json\/wp\/v2\/types\/post"}],"author":[{"embeddable":true,"href":"https:\/\/samantharadionline.com\/index.php\/wp-json\/wp\/v2\/users\/1"}],"replies":[{"embeddable":true,"href":"https:\/\/samantharadionline.com\/index.php\/wp-json\/wp\/v2\/comments?post=22613"}],"version-history":[{"count":1,"href":"https:\/\/samantharadionline.com\/index.php\/wp-json\/wp\/v2\/posts\/22613\/revisions"}],"predecessor-version":[{"id":22615,"href":"https:\/\/samantharadionline.com\/index.php\/wp-json\/wp\/v2\/posts\/22613\/revisions\/22615"}],"wp:featuredmedia":[{"embeddable":true,"href":"https:\/\/samantharadionline.com\/index.php\/wp-json\/wp\/v2\/media\/22614"}],"wp:attachment":[{"href":"https:\/\/samantharadionline.com\/index.php\/wp-json\/wp\/v2\/media?parent=22613"}],"wp:term":[{"taxonomy":"category","embeddable":true,"href":"https:\/\/samantharadionline.com\/index.php\/wp-json\/wp\/v2\/categories?post=22613"},{"taxonomy":"post_tag","embeddable":true,"href":"https:\/\/samantharadionline.com\/index.php\/wp-json\/wp\/v2\/tags?post=22613"}],"curies":[{"name":"wp","href":"https:\/\/api.w.org\/{rel}","templated":true}]}}