{"id":22610,"date":"2026-01-23T10:18:28","date_gmt":"2026-01-23T14:18:28","guid":{"rendered":"https:\/\/samantharadionline.com\/?p=22610"},"modified":"2026-01-23T10:18:29","modified_gmt":"2026-01-23T14:18:29","slug":"como-todo-en-la-vida-pasa-los-ciclos-concluyen","status":"publish","type":"post","link":"https:\/\/samantharadionline.com\/index.php\/2026\/01\/23\/como-todo-en-la-vida-pasa-los-ciclos-concluyen\/","title":{"rendered":"\u00abComo todo en la vida pasa, los ciclos concluyen\u00bb"},"content":{"rendered":"\n<p class=\"has-medium-font-size\"><em>Mazara se\u00f1al\u00f3 que realiza su trabajo motivado por sus propias convicciones y no porque se encuentre en b\u00fasqueda de un decreto presidencial<\/em><\/p>\n\n\n\n<figure class=\"wp-block-image\"><img decoding=\"async\" src=\"https:\/\/listindiario.com\/files\/image_60_60\/uploads\/2023\/05\/16\/64638cfd2419c.jpeg\" alt=\"Avatar del Javier Flores\"\/><\/figure>\n\n\n\n<p><strong><em>\u00a0<\/em>Javier Flores, Santo Domingo, RD<\/strong><\/p>\n\n\n\n<p id=\"m11768-11767-11769\">El presidente del Consejo Directivo del Instituto Dominicano de Telecomunicaciones (<strong>Indotel<\/strong>),&nbsp;<strong>Guido G\u00f3mez Mazara<\/strong>, exclam\u00f3 que los \u00abciclos concluyen\u00bb indicando que el suyo al frente de esa entidad estatal podr\u00eda estar llegando al final.<\/p>\n\n\n\n<p id=\"m11773-11772-11774\">G\u00f3mez Mazara utiliz\u00f3 el acto de inauguraci\u00f3n de la nueve sede del&nbsp;<strong>Indotel&nbsp;<\/strong>en la 27 de Febrero, para resaltar cu\u00e1l ha sido su legado durante 17 meses como presidente de esa instituci\u00f3n.<\/p>\n\n\n\n<p id=\"m11778-11777-11779\">\u00abY como todo en la vida pasa, los ciclos concluyen y yo quiero tener la satisfacci\u00f3n de decirle a los amigos, a los compa\u00f1eros del partido, a los compa\u00f1eros del gabinete que cuando los ciclos concluyen, uno tiene la satisfacci\u00f3n de poder decirlo. Y tengo la satisfacci\u00f3n de que en estos 17 meses ya mi ciclo&#8230;\u00bb, exclam\u00f3 Mazara al pronunciar las palabras principales del acto que cont\u00f3 con la presencia de la vicepresidenta de la Rep\u00fablica, Raquel Pe\u00f1a.<\/p>\n\n\n\n<p id=\"m11783-11782-11784\">El mismo inici\u00f3 su discurso enumerando parte de los logros alcanzados al frente del Indotel.<\/p>\n\n\n\n<p id=\"m11788-11787-11789\">\u00abEn estos pocos meses hemos contribuido con que el pa\u00eds conozca un Indotel vinculado a la televisi\u00f3n terap\u00e9utica; un Indotel trabajando en la conectividad de los destacamentos; un Indotel que forma, prepara, estimula que emprendan 48 mil mujeres con destrezas tecnol\u00f3gicas; un Indotel que trabaja en la voz con los mercados que desafortunadamente no ten\u00edan procedimientos tecnol\u00f3gicos para sus operaciones. La modernidad no puede ser un discurso coyuntural y politiquero es contribuir con que los dominicanos y dominicanas de cualquier instituci\u00f3n sientan que las pol\u00edticas p\u00fablicas impactan de manera favorable\u00bb, manifest\u00f3 el funcionario.<\/p>\n\n\n\n<h3 class=\"wp-block-heading\">\u00abCreo m\u00e1s en mis convicciones que en un decreto\u00bb<\/h3>\n\n\n\n<p id=\"m11793-11792-11794\">Mazara se\u00f1al\u00f3 que realiza su trabajo motivado por sus propias convicciones y no porque se encuentre en b\u00fasqueda de un decreto presidencial.<\/p>\n\n\n\n<p id=\"m11798-11797-11799\">\u00abYo creo m\u00e1s en mis convicciones que en un decreto, por eso creo en la construcci\u00f3n de un legado. Yo siempre defender\u00e9 las cosas que hacen sentir a todos satisfechos; yo siempre defender\u00e9 un&nbsp;<strong>crecimiento econ\u00f3mico<\/strong>&nbsp;que garantice una reducci\u00f3n de la pobreza; que la pobreza en general se ponga m\u00e1s peque\u00f1a, que dos millones de dominicanos salgan de la pobreza monetaria; que la pobreza extrema se siga reduciendo\u00bb, expres\u00f3.<\/p>\n","protected":false},"excerpt":{"rendered":"<p>Mazara se\u00f1al\u00f3 que realiza su trabajo motivado por sus propias convicciones y no porque se<\/p>\n","protected":false},"author":1,"featured_media":22611,"comment_status":"open","ping_status":"open","sticky":false,"template":"","format":"standard","meta":{"footnotes":""},"categories":[12],"tags":[],"class_list":["post-22610","post","type-post","status-publish","format-standard","has-post-thumbnail","hentry","category-nacionales"],"_links":{"self":[{"href":"https:\/\/samantharadionline.com\/index.php\/wp-json\/wp\/v2\/posts\/22610","targetHints":{"allow":["GET"]}}],"collection":[{"href":"https:\/\/samantharadionline.com\/index.php\/wp-json\/wp\/v2\/posts"}],"about":[{"href":"https:\/\/samantharadionline.com\/index.php\/wp-json\/wp\/v2\/types\/post"}],"author":[{"embeddable":true,"href":"https:\/\/samantharadionline.com\/index.php\/wp-json\/wp\/v2\/users\/1"}],"replies":[{"embeddable":true,"href":"https:\/\/samantharadionline.com\/index.php\/wp-json\/wp\/v2\/comments?post=22610"}],"version-history":[{"count":1,"href":"https:\/\/samantharadionline.com\/index.php\/wp-json\/wp\/v2\/posts\/22610\/revisions"}],"predecessor-version":[{"id":22612,"href":"https:\/\/samantharadionline.com\/index.php\/wp-json\/wp\/v2\/posts\/22610\/revisions\/22612"}],"wp:featuredmedia":[{"embeddable":true,"href":"https:\/\/samantharadionline.com\/index.php\/wp-json\/wp\/v2\/media\/22611"}],"wp:attachment":[{"href":"https:\/\/samantharadionline.com\/index.php\/wp-json\/wp\/v2\/media?parent=22610"}],"wp:term":[{"taxonomy":"category","embeddable":true,"href":"https:\/\/samantharadionline.com\/index.php\/wp-json\/wp\/v2\/categories?post=22610"},{"taxonomy":"post_tag","embeddable":true,"href":"https:\/\/samantharadionline.com\/index.php\/wp-json\/wp\/v2\/tags?post=22610"}],"curies":[{"name":"wp","href":"https:\/\/api.w.org\/{rel}","templated":true}]}}