{"id":22598,"date":"2026-01-22T19:55:10","date_gmt":"2026-01-22T23:55:10","guid":{"rendered":"https:\/\/samantharadionline.com\/?p=22598"},"modified":"2026-01-22T19:55:11","modified_gmt":"2026-01-22T23:55:11","slug":"cuba-trata-su-intencion-de-continuar-fortaleciendo-los-lazos-con-venezuela","status":"publish","type":"post","link":"https:\/\/samantharadionline.com\/index.php\/2026\/01\/22\/cuba-trata-su-intencion-de-continuar-fortaleciendo-los-lazos-con-venezuela\/","title":{"rendered":"Cuba trata su intenci\u00f3n de \u00abcontinuar fortaleciendo\u00bb los lazos con Venezuela"},"content":{"rendered":"\n<p class=\"has-medium-font-size\"><em>D\u00edaz-Canel ha explicado que durante la llamada con la presidenta encargada de Venezuela ha reiterado su \u00aben\u00e9rgica condena a la agresi\u00f3n militar de Estados Unidos<\/em><\/p>\n\n\n\n<figure class=\"wp-block-image\"><img decoding=\"async\" src=\"https:\/\/listindiario.com\/files\/image_60_60\/uploads\/2025\/12\/15\/694079c19abfa.jpeg\" alt=\"Avatar del Europa Press\"\/><\/figure>\n\n\n\n<p><strong><em>\u00a0<\/em>europa press, MADRID, ESPA\u00d1A<\/strong><\/p>\n\n\n\n<p id=\"m4983-4982-4984\">El presidente de&nbsp;<strong>Cuba<\/strong>,&nbsp;<strong>Miguel D\u00edaz-Canel<\/strong>, ha trasladado a su hom\u00f3loga venezolana,&nbsp;<strong>Delcy Rodr\u00edguez<\/strong>, su intenci\u00f3n de \u00abcontinuar fortaleciendo\u00bb sus relaciones bilaterales, a pesar del acercamiento de<strong>&nbsp;Caracas con Washington<\/strong>&nbsp;desde el ataque estadounidense de principios de mes contra&nbsp;<strong>Venezuela&nbsp;<\/strong>que se sald\u00f3 con m\u00e1s de un centenar de muertos y la captura de Nicol\u00e1s Maduro.<\/p>\n\n\n\n<p id=\"m4988-4987-4989\"><strong>D\u00edaz-Canel<\/strong>&nbsp;ha explicado que durante la llamada con la presidenta encargada de&nbsp;<strong>Venezuela&nbsp;<\/strong>ha reiterado su \u00aben\u00e9rgica condena a la agresi\u00f3n militar de Estados Unidos y el secuestro del presidente constitucional\u00bb y la primera dama,&nbsp;<strong>Cilia Flores<\/strong>, seg\u00fan ha indicado en un mensaje publicado este jueves en su perfil en redes sociales.<\/p>\n\n\n\n<p id=\"m4993-4992-4994\">\u00abLe manifest\u00e9 nuestro respaldo y solidaridad con la Patria de Bol\u00edvar y Ch\u00e1vez, su pueblo y el Gobierno bolivariano; as\u00ed como la decisi\u00f3n de continuar fortaleciendo las hist\u00f3ricas relaciones de hermandad y cooperaci\u00f3n\u00bb, ha detallado el jefe de Estado cubano.<\/p>\n\n\n\n<p id=\"m4998-4997-4999\">Desde la captura de&nbsp;<strong>Maduro&nbsp;<\/strong>el 3 de enero, su &#8216;n\u00famero dos&#8217; ha asumido la Presidencia del pa\u00eds latinoamericano de forma interina, quien ha acordado con la Administraci\u00f3n de&nbsp;<strong>Donald Trump<\/strong>&nbsp;un acuerdo para la venta de&nbsp;<strong>petr\u00f3leo&nbsp;<\/strong>venezolano y ha comenzado un proceso de liberaci\u00f3n de personas detenidas, que incluye a ciudadanos tanto venezolanos como extranjeros.<\/p>\n\n\n\n<p id=\"m5003-5002-5004\">En este contexto,&nbsp;<strong>Washington&nbsp;<\/strong>anunci\u00f3 el fin de los env\u00edos de crudo venezolano a&nbsp;<strong>La Habana<\/strong>&nbsp;y&nbsp;<strong>Trump&nbsp;<\/strong>lleg\u00f3 a instar a las autoridades cubanas a \u00abllegar a un acuerdo antes de que sea demasiado tarde\u00bb, alentando a la ca\u00edda del actual Gobierno de la isla caribe\u00f1a.<\/p>\n","protected":false},"excerpt":{"rendered":"<p>D\u00edaz-Canel ha explicado que durante la llamada con la presidenta encargada de Venezuela ha reiterado<\/p>\n","protected":false},"author":1,"featured_media":22599,"comment_status":"open","ping_status":"open","sticky":false,"template":"","format":"standard","meta":{"footnotes":""},"categories":[4],"tags":[],"class_list":["post-22598","post","type-post","status-publish","format-standard","has-post-thumbnail","hentry","category-mundiales"],"_links":{"self":[{"href":"https:\/\/samantharadionline.com\/index.php\/wp-json\/wp\/v2\/posts\/22598","targetHints":{"allow":["GET"]}}],"collection":[{"href":"https:\/\/samantharadionline.com\/index.php\/wp-json\/wp\/v2\/posts"}],"about":[{"href":"https:\/\/samantharadionline.com\/index.php\/wp-json\/wp\/v2\/types\/post"}],"author":[{"embeddable":true,"href":"https:\/\/samantharadionline.com\/index.php\/wp-json\/wp\/v2\/users\/1"}],"replies":[{"embeddable":true,"href":"https:\/\/samantharadionline.com\/index.php\/wp-json\/wp\/v2\/comments?post=22598"}],"version-history":[{"count":1,"href":"https:\/\/samantharadionline.com\/index.php\/wp-json\/wp\/v2\/posts\/22598\/revisions"}],"predecessor-version":[{"id":22600,"href":"https:\/\/samantharadionline.com\/index.php\/wp-json\/wp\/v2\/posts\/22598\/revisions\/22600"}],"wp:featuredmedia":[{"embeddable":true,"href":"https:\/\/samantharadionline.com\/index.php\/wp-json\/wp\/v2\/media\/22599"}],"wp:attachment":[{"href":"https:\/\/samantharadionline.com\/index.php\/wp-json\/wp\/v2\/media?parent=22598"}],"wp:term":[{"taxonomy":"category","embeddable":true,"href":"https:\/\/samantharadionline.com\/index.php\/wp-json\/wp\/v2\/categories?post=22598"},{"taxonomy":"post_tag","embeddable":true,"href":"https:\/\/samantharadionline.com\/index.php\/wp-json\/wp\/v2\/tags?post=22598"}],"curies":[{"name":"wp","href":"https:\/\/api.w.org\/{rel}","templated":true}]}}