{"id":22592,"date":"2026-01-22T09:23:28","date_gmt":"2026-01-22T13:23:28","guid":{"rendered":"https:\/\/samantharadionline.com\/?p=22592"},"modified":"2026-01-22T09:23:29","modified_gmt":"2026-01-22T13:23:29","slug":"dos-primos-inseparables-que-fallecieron-en-tragedia-del-jet-set","status":"publish","type":"post","link":"https:\/\/samantharadionline.com\/index.php\/2026\/01\/22\/dos-primos-inseparables-que-fallecieron-en-tragedia-del-jet-set\/","title":{"rendered":"Dos primos inseparables que fallecieron en tragedia del Jet Set"},"content":{"rendered":"\n<p class=\"has-medium-font-size\"><em>Gabriel Jim\u00e9nez G\u00f3mez y Enmanuel G\u00f3mez Jim\u00e9nez trascendieron a la eternidad la madrugada del 8 de abril con el desplome de la discoteca Jet Set<\/em><\/p>\n\n\n\n<figure class=\"wp-block-image\"><img decoding=\"async\" src=\"https:\/\/listindiario.com\/files\/image_60_60\/uploads\/2023\/06\/15\/648bafe045be3.jpeg\" alt=\"Avatar del Melanie Cuevas\"\/><\/figure>\n\n\n\n<p><strong><em>\u00a0<\/em>Melanie Cuevas, Santo Domingo, RD<\/strong><\/p>\n\n\n\n<p id=\"m78928-78927-78929\">El amor de primos que hac\u00eda sentir como hermanos a&nbsp;<strong>Gabriel Jim\u00e9nez G\u00f3mez&nbsp;<\/strong>y<strong>&nbsp;Enmanuel G\u00f3mez<\/strong>&nbsp;Jim\u00e9nez trascendi\u00f3 a la eternidad la madrugada del&nbsp;<strong>8 de abril&nbsp;<\/strong>con el<strong>&nbsp;desplome de la discoteca Jet Set<\/strong><a href=\"https:\/\/listindiario.com\/la-republica\/ciudad\/20260122\/gabriel-enmanuel-primos-inseparables-fallecieron-tragedia-jet-set_890873.html\">,<\/a>&nbsp;en la capital dominicana.<\/p>\n\n\n\n<p id=\"m78933-78932-78934\">\u201cCanchanchanes, amigos y confidentes\u201d\u2026 figuran en las palabras con las que a m\u00e1s que de nueve meses del derrumbe, Ileana Leonardo describe la relaci\u00f3n de su esposo Gabriel con Enmanuel, con quien siempre estuvo.<\/p>\n\n\n\n<p id=\"m78938-78937-78939\">\u201cS\u00faper hermanos, como no tuvo hermanos varones, ese era su canchanchan como decimos t\u00edpicamente, su amigo, su confidente, su todo\u201d, rememor\u00f3 con voz entrecortada en una conversaci\u00f3n con List\u00edn Diario.<\/p>\n\n\n\n<p id=\"m78943-78942-78944\">Las p\u00e9rdidas de ellos dos han marcado a sus familias y las de otras 234 personas, en una tragedia en la que m\u00e1s de 100 resultaron heridos.<\/p>\n\n\n\n<figure class=\"wp-block-image\" id=\"m78948-78947-78949\"><img decoding=\"async\" src=\"https:\/\/listindiario.com\/files\/vertical_main_image\/uploads\/2026\/01\/21\/69717783112bd.jpeg\" alt=\"\"\/><\/figure>\n\n\n\n<p id=\"m78960-78959-78961\">\u201cA esa familia le ha pesado mucho la perdida de ellos dos, porque ellos dos siempre han sido muy familiar, su familia es de Santiago\u201d, manifest\u00f3 Ileana.<\/p>\n\n\n\n<p id=\"m78965-78964-78966\">Gabriel, de 45 a\u00f1os, era ingeniero mec\u00e1nico y padre de dos hijos, de 20 y 16 a\u00f1os, junto a Ileana con quien ten\u00eda 25 a\u00f1os de uni\u00f3n matrimonial y resid\u00edan en Estados Unidos.<\/p>\n\n\n\n<p id=\"m78970-78969-78971\">A nueve meses de la&nbsp;<strong>tragedia<\/strong>, su esposa lo recuerda como un excelente hombre, trabajador, compa\u00f1ero, padre y amigo, que era el \u00e1nimo de la fiesta y siempre expresaba amor hacia los dem\u00e1s.<\/p>\n\n\n\n<p id=\"m78975-78974-78976\">\u201cS\u00faper din\u00e1mico, activo, relajado. \u00c9l era el \u00e1nimo de las fiestas, siempre con un amor hacia las personas, que eso es lo que m\u00e1s la gente extra\u00f1a porque eso carece en estos tiempos\u201d, record\u00f3.<\/p>\n\n\n\n<p id=\"m78980-78979-78981\">Mientras Enmanuel, de 53, era un polic\u00eda jubilado de la ciudad de Nueva York, padre de siete hijos. Descrito como extrovertido, din\u00e1mico, siempre presente para la familia y un s\u00faper padre.<\/p>\n\n\n\n<p id=\"m78985-78984-78986\">\u201cExtrovertido, loco en buena forma, muy din\u00e1mico, cuando le tocaba estar serio al ser polic\u00eda t\u00fa sabes que tienen una formalidad diferente al civil. Un s\u00faper padre, un s\u00faper amigo, para la familia \u00e9l siempre estaba\u201d, dijo Ileana.<\/p>\n\n\n\n<figure class=\"wp-block-image\" id=\"m78990-78989-78991\"><img decoding=\"async\" src=\"https:\/\/listindiario.com\/files\/vertical_main_image\/uploads\/2026\/01\/21\/697177917fafa.jpeg\" alt=\"\"\/><\/figure>\n\n\n\n<h3 class=\"wp-block-heading\">La noticia<\/h3>\n\n\n\n<p id=\"m79002-79001-79003\">Gabriel viaj\u00f3 al pa\u00eds por motivos de negocios y coincidi\u00f3 con su primo Enmanuel, quien tras su jubilaci\u00f3n en Estados Unidos, pasaba m\u00e1s tiempo en territorio dominicano y ambos fueron invitados a la fiesta en la discoteca por Jos\u00e9 Luis Salv\u00ed Segura, quien tambi\u00e9n falleci\u00f3.<\/p>\n\n\n\n<p id=\"m79007-79006-79008\">Ileana, quien se encontraba en Estados Unidos, habl\u00f3 con su esposo pasada las 10:00 de la noche del lunes, ya estaba acostado y no le coment\u00f3 que asistir\u00eda a la fiesta, sin embargo, no le sorprende que tras una invitaci\u00f3n haya asistido, ya que era el estilo de m\u00fasica que le gustaba a Gabriel.<\/p>\n\n\n\n<p id=\"m79012-79011-79013\">\u201cNo me coment\u00f3 que iba a salir, pero independientemente no era persona que estaba todo el tiempo en el medio y me imagino que se lo encontr\u00f3 interesante ir a ver a\u00a0<strong>Rubby P\u00e9rez<\/strong>, porque no estamos hablando de cualquier artista. Mi esposo era una persona bien cl\u00e1sica, bajo perfil y era un entretenimiento que le llamaba la atenci\u00f3n y por eso me imagino que \u00e9l tom\u00f3 la decisi\u00f3n en ir\u201d, expres\u00f3.<\/p>\n\n\n\n<p id=\"m79017-79016-79018\">A la ma\u00f1ana siguiente, como era costumbre Ileana revis\u00f3 las redes sociales y vio la noticia, sin embargo, le rest\u00f3 importancia sin imaginarse que su compa\u00f1ero de vida se encontraba ah\u00ed junto a su primo.<\/p>\n\n\n\n<p id=\"m79022-79021-79023\">\u201cCuando son las 9:00 de la ma\u00f1ana, me hacen el llamado unas amistades de nosotros, que es familiar de \u00e9l que lo invit\u00f3 a la fiesta y me dice \u2018escuchaste lo\u00a0<strong>que pas\u00f3 en el Jet Set<\/strong>\u2019 y yo s\u00ed, que pas\u00f3 \u2018y Gabriel\u2019, refiri\u00e9ndose a mi esposo y yo bueno, la \u00faltima vez que yo habl\u00e9 con \u00e9l ya \u00e9l estaba acostado. Y me dijeron \u2018pues ll\u00e1malo, que yo creo que \u00e9l estaba ah\u00ed en la fiesta\u2019\u201d, dijo.<\/p>\n\n\n\n<p id=\"m79027-79026-79028\">Inmediatamente intent\u00f3 comunicarse v\u00eda telef\u00f3nica con \u00e9l, pero no contestaba. En su desesperaci\u00f3n llam\u00f3 a amigos y familiares que tampoco lo hab\u00edan visto, hasta que un t\u00edo fue hasta la zona cero del desastre y vio su veh\u00edculo estacionado.<\/p>\n\n\n\n<p id=\"m79032-79031-79033\">\u201cYa cuando el t\u00edo de mi esposo fue al lugar y lamentablemente encontr\u00f3 el carro frente del Jet Set, ah\u00ed comenz\u00f3 \u00e9l a buscar en la lista de los que estaban heridos y horas y horas van y horas vienen\u201d, evoc\u00f3.<\/p>\n\n\n\n<p id=\"m79037-79036-79038\">No fue hasta las 5:45 de la ma\u00f1ana del mi\u00e9rcoles, justo cuando ella aterriz\u00f3 en territorio dominicano, cuando lleg\u00f3 la peor noticia: Gabriel y Enmanuel estaban en la lista de fallecidos.<\/p>\n\n\n\n<p id=\"m79042-79041-79043\">Desde ah\u00ed hasta la fecha, nada ha sido igual, lo que se acent\u00fao este diciembre, fecha de compartir y pasar tiempo en familia.<\/p>\n\n\n\n<p id=\"m79047-79046-79048\">\u201cHorrible, yo me acost\u00e9 a las 11:00 de la noche, porque no es lo mismo, no s\u00e9 c\u00f3mo ser\u00e1n los a\u00f1os que vendr\u00e1n, pero este yo no sal\u00ed para ning\u00fan lado, no hice nada\u201d, expres\u00f3.<\/p>\n\n\n\n<h3 class=\"wp-block-heading\">La tragedia<\/h3>\n\n\n\n<p id=\"m79052-79051-79053\">La<strong>\u00a0tragedia del Jet Set<\/strong>\u00a0ocurri\u00f3 a las 12:44 de la madrugada del martes 8 de abril, dejando como saldo 236 fallecidos y alrededor de 100 heridos, conforme al informe del Ministerio P\u00fablico, en su acusaci\u00f3n formal en contra de los\u00a0<strong>hermanos Antonio y Maribel Espaillat<\/strong>, propietarios y administradores de la discoteca.<\/p>\n\n\n\n<p id=\"m79057-79056-79058\">El hecho ocurri\u00f3 mientras el<strong>&nbsp;merenguero Rubby P\u00e9rez<\/strong>, tambi\u00e9n v\u00edctima mortal, armonizaba la canci\u00f3n \u201c<strong>De color de rosa<\/strong>\u201d, en uno de los tradicionales lunes bailables del hist\u00f3rico lugar de diversi\u00f3n.<\/p>\n","protected":false},"excerpt":{"rendered":"<p>Gabriel Jim\u00e9nez G\u00f3mez y Enmanuel G\u00f3mez Jim\u00e9nez trascendieron a la eternidad la madrugada del 8<\/p>\n","protected":false},"author":1,"featured_media":22593,"comment_status":"open","ping_status":"open","sticky":false,"template":"","format":"standard","meta":{"footnotes":""},"categories":[12],"tags":[],"class_list":["post-22592","post","type-post","status-publish","format-standard","has-post-thumbnail","hentry","category-nacionales"],"_links":{"self":[{"href":"https:\/\/samantharadionline.com\/index.php\/wp-json\/wp\/v2\/posts\/22592","targetHints":{"allow":["GET"]}}],"collection":[{"href":"https:\/\/samantharadionline.com\/index.php\/wp-json\/wp\/v2\/posts"}],"about":[{"href":"https:\/\/samantharadionline.com\/index.php\/wp-json\/wp\/v2\/types\/post"}],"author":[{"embeddable":true,"href":"https:\/\/samantharadionline.com\/index.php\/wp-json\/wp\/v2\/users\/1"}],"replies":[{"embeddable":true,"href":"https:\/\/samantharadionline.com\/index.php\/wp-json\/wp\/v2\/comments?post=22592"}],"version-history":[{"count":1,"href":"https:\/\/samantharadionline.com\/index.php\/wp-json\/wp\/v2\/posts\/22592\/revisions"}],"predecessor-version":[{"id":22594,"href":"https:\/\/samantharadionline.com\/index.php\/wp-json\/wp\/v2\/posts\/22592\/revisions\/22594"}],"wp:featuredmedia":[{"embeddable":true,"href":"https:\/\/samantharadionline.com\/index.php\/wp-json\/wp\/v2\/media\/22593"}],"wp:attachment":[{"href":"https:\/\/samantharadionline.com\/index.php\/wp-json\/wp\/v2\/media?parent=22592"}],"wp:term":[{"taxonomy":"category","embeddable":true,"href":"https:\/\/samantharadionline.com\/index.php\/wp-json\/wp\/v2\/categories?post=22592"},{"taxonomy":"post_tag","embeddable":true,"href":"https:\/\/samantharadionline.com\/index.php\/wp-json\/wp\/v2\/tags?post=22592"}],"curies":[{"name":"wp","href":"https:\/\/api.w.org\/{rel}","templated":true}]}}