{"id":22577,"date":"2026-01-21T18:58:21","date_gmt":"2026-01-21T22:58:21","guid":{"rendered":"https:\/\/samantharadionline.com\/?p=22577"},"modified":"2026-01-21T18:58:22","modified_gmt":"2026-01-21T22:58:22","slug":"el-deportado-acusado-de-atentado-contra-subdirectora-del-ccr-rafey-en-santiago","status":"publish","type":"post","link":"https:\/\/samantharadionline.com\/index.php\/2026\/01\/21\/el-deportado-acusado-de-atentado-contra-subdirectora-del-ccr-rafey-en-santiago\/","title":{"rendered":"\u00a0\u201cEl Deportado\u201d, acusado de atentado contra subdirectora del CCR Rafey en Santiago"},"content":{"rendered":"\n<p class=\"has-medium-font-size\"><em>Fuentes vinculadas al caso se\u00f1alaron que\u00a0 era conocido por mantener v\u00ednculos con actividades delictivas, raz\u00f3n por la cual era activamente buscado<\/em><\/p>\n\n\n\n<figure class=\"wp-block-image\"><img decoding=\"async\" src=\"https:\/\/listindiario.com\/files\/image_60_60\/uploads\/2023\/06\/26\/6499fbf12aa4f.jpeg\" alt=\"Avatar del Onelio Dom\u00ednguez\"\/><\/figure>\n\n\n\n<p><em>\u00a0<\/em><strong>Onelio Dom\u00ednguez, Santiago, RD<\/strong><\/p>\n\n\n\n<p id=\"m26696-26695-26697\">Se entrega ante las autoridades uno de los presuntos implicados en el atentado a tiros perpetrado contra la subdirectora de\u00a0<strong>Tratamiento del Centro de Correcci\u00f3n y Rehabilitaci\u00f3n\u00a0<\/strong>(CCR) Rafey, en Santiago.\u00a0<\/p>\n\n\n\n<p id=\"m26701-26700-26702\">En este hecho, perdi\u00f3 la vida un conductor del transporte p\u00fablico tras ser alcanzado por una bala perdida.<\/p>\n\n\n\n<p id=\"m26706-26705-26707\">El imputado fue identificado como&nbsp;<strong>Juan Carlos Bret\u00f3n Veras<\/strong>, alias \u201c<strong>El Deportado<\/strong>\u201d, quien se present\u00f3 de manera voluntaria en el&nbsp;<strong>Palacio de Justicia de Santiago<\/strong>, luego de que se emitiera una orden de arresto en su contra por su presunta vinculaci\u00f3n con el hecho, seg\u00fan informaciones suministradas por fuentes oficiales ligadas al proceso investigativo.<\/p>\n\n\n\n<p id=\"m26711-26710-26712\">De acuerdo con los informes preliminares, Bret\u00f3n Veras es se\u00f1alado como uno de los presuntos responsables del ataque armado contra la funcionaria penitenciaria Laura Ricardo, ocurrido en el sector Monterrico, del distrito municipal Santiago Oeste.<\/p>\n\n\n\n<p id=\"m26716-26715-26717\">El atentado se produjo cuando varios individuos encapuchados, que se desplazaban a bordo de una motocicleta en marcha, abrieron fuego contra la yipeta en la que se trasladaba la funcionaria.<\/p>\n\n\n\n<p id=\"m26721-26720-26722\">Durante el ataque, un conductor del&nbsp;<strong>transporte p\u00fablico<\/strong>&nbsp;que se encontraba en las inmediaciones fue impactado por uno de los proyectiles, resultando mortalmente herido, hecho que provoc\u00f3 consternaci\u00f3n en la comunidad.<\/p>\n\n\n\n<h3 class=\"wp-block-heading\">Perfil del imputado<\/h3>\n\n\n\n<p id=\"m26726-26725-26727\">Seg\u00fan informaciones preliminares manejadas por los organismos de seguridad, Juan Carlos Bret\u00f3n Veras, conocido como \u201cEl Deportado\u201d, habr\u00eda sido deportado previamente desde los Estados Unidos, origen del apodo con el que es identificado en su entorno.&nbsp;<\/p>\n\n\n\n<p id=\"m26731-26730-26732\">Las autoridades indicaron que el imputado posee&nbsp;<strong>antecedentes judiciales<\/strong>, aunque estos datos se encuentran a\u00fan bajo verificaci\u00f3n oficial.<\/p>\n\n\n\n<p id=\"m26736-26735-26737\">Fuentes vinculadas a la investigaci\u00f3n se\u00f1alaron que Bret\u00f3n Veras era conocido en sectores del distrito municipal Santiago Oeste, donde presuntamente manten\u00eda v\u00ednculos con actividades delictivas, raz\u00f3n por la cual era activamente buscado tras registrarse el atentado.<\/p>\n\n\n\n<p id=\"m26741-26740-26742\">Las autoridades no descartan que el imputado haya participado de manera directa o indirecta en la planificaci\u00f3n del ataque, y contin\u00faan las investigaciones para identificar y apresar a los dem\u00e1s involucrados, as\u00ed como para establecer el m\u00f3vil del atentado contra la funcionaria penitenciaria.<\/p>\n","protected":false},"excerpt":{"rendered":"<p>Fuentes vinculadas al caso se\u00f1alaron que\u00a0 era conocido por mantener v\u00ednculos con actividades delictivas, raz\u00f3n<\/p>\n","protected":false},"author":1,"featured_media":22578,"comment_status":"open","ping_status":"open","sticky":false,"template":"","format":"standard","meta":{"footnotes":""},"categories":[12],"tags":[],"class_list":["post-22577","post","type-post","status-publish","format-standard","has-post-thumbnail","hentry","category-nacionales"],"_links":{"self":[{"href":"https:\/\/samantharadionline.com\/index.php\/wp-json\/wp\/v2\/posts\/22577","targetHints":{"allow":["GET"]}}],"collection":[{"href":"https:\/\/samantharadionline.com\/index.php\/wp-json\/wp\/v2\/posts"}],"about":[{"href":"https:\/\/samantharadionline.com\/index.php\/wp-json\/wp\/v2\/types\/post"}],"author":[{"embeddable":true,"href":"https:\/\/samantharadionline.com\/index.php\/wp-json\/wp\/v2\/users\/1"}],"replies":[{"embeddable":true,"href":"https:\/\/samantharadionline.com\/index.php\/wp-json\/wp\/v2\/comments?post=22577"}],"version-history":[{"count":1,"href":"https:\/\/samantharadionline.com\/index.php\/wp-json\/wp\/v2\/posts\/22577\/revisions"}],"predecessor-version":[{"id":22579,"href":"https:\/\/samantharadionline.com\/index.php\/wp-json\/wp\/v2\/posts\/22577\/revisions\/22579"}],"wp:featuredmedia":[{"embeddable":true,"href":"https:\/\/samantharadionline.com\/index.php\/wp-json\/wp\/v2\/media\/22578"}],"wp:attachment":[{"href":"https:\/\/samantharadionline.com\/index.php\/wp-json\/wp\/v2\/media?parent=22577"}],"wp:term":[{"taxonomy":"category","embeddable":true,"href":"https:\/\/samantharadionline.com\/index.php\/wp-json\/wp\/v2\/categories?post=22577"},{"taxonomy":"post_tag","embeddable":true,"href":"https:\/\/samantharadionline.com\/index.php\/wp-json\/wp\/v2\/tags?post=22577"}],"curies":[{"name":"wp","href":"https:\/\/api.w.org\/{rel}","templated":true}]}}