{"id":22574,"date":"2026-01-21T09:34:23","date_gmt":"2026-01-21T13:34:23","guid":{"rendered":"https:\/\/samantharadionline.com\/?p=22574"},"modified":"2026-01-21T09:34:24","modified_gmt":"2026-01-21T13:34:24","slug":"iniciaron-interrogatorios-para-esclarecer-la-desaparicion-de-la-nina-brianna-genao","status":"publish","type":"post","link":"https:\/\/samantharadionline.com\/index.php\/2026\/01\/21\/iniciaron-interrogatorios-para-esclarecer-la-desaparicion-de-la-nina-brianna-genao\/","title":{"rendered":"Iniciaron interrogatorios para esclarecer la  desaparici\u00f3n de la ni\u00f1a Brianna Genao"},"content":{"rendered":"\n<p class=\"has-medium-font-size\"><em>Los dos t\u00edos de Brianna Genao, fueron investigados por la desaparici\u00f3n y detenidos el 5 de enero <\/em><\/p>\n\n\n\n<p><strong>Hensy Mart\u00ednez,\u00a0Ashley Mart\u00ednez,\u00a0Rafelina HidalgoPuerto Plata, RD\u00a0<\/strong><\/p>\n\n\n\n<p id=\"m23524-23523-23525\">Alrededor de las 5:00 de la tarde del pasado 31 de diciembre, la&nbsp;<strong>ni\u00f1a Brianna Genao<\/strong>&nbsp;fue vista por \u00faltima vez en la comunidad de Barrero, municipio Imbert, provincia&nbsp;<strong>Puerto Plata<\/strong>, donde vacacionaba junto a su abuela materna.<\/p>\n\n\n\n<p id=\"m23529-23528-23530\">Desde ese momento, las autoridades iniciaron una serie de interrogatorios y diligencias investigativas con el objetivo de esclarecer las circunstancias de su&nbsp;<strong>desaparici\u00f3n<\/strong>.<\/p>\n\n\n\n<p id=\"m23534-23533-23535\">Durante los primeros d\u00edas del proceso, las investigaciones se centraron principalmente en dos personas vinculadas por lazos familiares a la menor: Rafael N\u00fa\u00f1ez Rosario, conocido como Papito, y Reyes N\u00fa\u00f1ez Rosario.<\/p>\n\n\n\n<p id=\"m23539-23538-23540\">Ambos fueron detenidos el 5 de enero para fines de&nbsp;<strong>investigaci\u00f3n&nbsp;<\/strong>y permanecieron bajo custodia policial mientras se desarrollaban los interrogatorios.<\/p>\n\n\n\n<p id=\"m23544-23543-23545\">En el transcurso de esos d\u00edas, trascendi\u00f3 que los detenidos habr\u00edan confesado abusar, ultimar y enterrar la ni\u00f1a. Estas informaciones motivaron varios traslados de los implicados desde el cuartel de la<strong>&nbsp;Polic\u00eda Nacional en Puerto Plata<\/strong>&nbsp;hasta diferentes zonas de la comunidad y \u00e1reas aleda\u00f1as, sin que ninguna de las b\u00fasquedas permitiera dar con el<strong>&nbsp;paradero de Brianna<\/strong>.<\/p>\n\n\n\n<p id=\"m23549-23548-23550\">A la fecha, y una vez vencido el plazo legal establecido para la retenci\u00f3n sin formulaci\u00f3n de cargos formales,\u00a0<strong>Rafael N\u00fa\u00f1ez Rosario y Reyes N\u00fa\u00f1ez Rosario<\/strong>\u00a0se encuentran en libertad, aunque bajo custodia policial, permaneciendo en la vivienda materna, la misma donde pernoctaba la menor al momento de su desaparici\u00f3n.<\/p>\n\n\n\n<figure class=\"wp-block-image\" id=\"m23554-23553-23555\"><img decoding=\"async\" src=\"https:\/\/listindiario.com\/files\/vertical_main_image\/uploads\/2026\/01\/08\/695fb235b32a1.png\" alt=\"Reyes N\u00fa\u00f1ez, t\u00edo de la ni\u00f1a Brianna Genao\"\/><figcaption class=\"wp-element-caption\">Reyes N\u00fa\u00f1ez, t\u00edo de la ni\u00f1a Brianna GenaoList\u00edn Diario<\/figcaption><\/figure>\n\n\n\n<p id=\"m23566-23565-23567\">En el \u00e1mbito laboral, se conoci\u00f3 que&nbsp;<strong>Rafael N\u00fa\u00f1ez Rosario<\/strong>, quien al momento de los hechos se desempe\u00f1aba como empleado en una zona franca del municipio de Navarrete, provincia Santiago, fue desvinculado de la empresa. As\u00ed lo confirm\u00f3 a&nbsp;<strong>List\u00edn Diario<\/strong>&nbsp;una fuente interna de la compa\u00f1\u00eda.<\/p>\n\n\n\n<p id=\"m23571-23570-23572\">\u201cEl se\u00f1or ya no pertenece a la empresa ni figura en el sistema, debido a varias ausencias registradas\u201d, explic\u00f3 la fuente consultada.<\/p>\n\n\n\n<p id=\"m23576-23575-23577\">Por su parte,&nbsp;<strong>Reyes N\u00fa\u00f1ez Rosario<\/strong>, quien se dedicaba a labores agr\u00edcolas dentro de la comunidad de&nbsp;<strong>Barrero<\/strong>, permanece actualmente sin ejercer actividad laboral alguna, como consecuencia directa de las circunstancias que rodean el caso.<\/p>\n\n\n\n<p id=\"m23581-23580-23582\">Hasta el momento, las autoridades no han ofrecido informaci\u00f3n oficial que detalle el curso actual de la investigaci\u00f3n.<\/p>\n\n\n\n<h3 class=\"wp-block-heading\">19 d\u00edas sin brianna<\/h3>\n\n\n\n<p id=\"m23586-23585-23587\">Hoy se cumplen 19 d\u00edas de la desaparici\u00f3n de&nbsp;<strong>Brianna Genao<\/strong>, de apenas 3 a\u00f1os. La comunidad de&nbsp;<strong>Barrero&nbsp;<\/strong>permanece en vilo, cuentan que no han vuelto a dormir o comer bien desde que la menor fue vista por \u00faltima vez. La tristeza y la preocupaci\u00f3n, los ha invadido.<\/p>\n\n\n\n<figure class=\"wp-block-image\" id=\"m23591-23590-23592\"><img decoding=\"async\" src=\"https:\/\/listindiario.com\/files\/vertical_main_image\/files\/fp\/uploads\/2026\/01\/07\/695ed77f4dae8.r_d.569-331.jpeg\" alt=\"Brianna Genao, de tres a\u00f1os de edad.\"\/><figcaption class=\"wp-element-caption\">Brianna Genao, de tres a\u00f1os de edad. Fuente Externa<\/figcaption><\/figure>\n\n\n\n<p id=\"m23603-23602-23604\">Seg\u00fan explican los comunitarios, se les permite el acceso despu\u00e9s del per\u00edmetro, debiendo explicar hacia d\u00f3nde van y qu\u00e9 har\u00e1n.<\/p>\n\n\n\n<p id=\"m23608-23607-23609\">Este lunes, la cinta perimetral se encontraba nueva vez en el camino vecinal que conduce a la casa de la bisabuela de<strong>&nbsp;Brianna<\/strong>, desde donde la ni\u00f1a despareci\u00f3.<\/p>\n\n\n\n<p id=\"m23613-23612-23614\">Sin embargo, la madrugada de este martes, aproximadamente a las 3:00 am, se escuchaba varios veh\u00edculos que sub\u00edan hacia el lugar de la&nbsp;<strong>desaparici\u00f3n de Brianna<\/strong>. Al amanecer, otra vez estaba colocado el per\u00edmetro a m\u00e1s de 2 kil\u00f3metros del lugar.<\/p>\n\n\n\n<p id=\"m23618-23617-23619\">A 19 d\u00edas sin la ni\u00f1a, all\u00ed permanecen 5 personas resguardando el lugar: 3 polic\u00edas y 2 miembros del Ej\u00e9rcito.<\/p>\n\n\n\n<h3 class=\"wp-block-heading\">la desaparici\u00f3n&nbsp;<\/h3>\n\n\n\n<p id=\"m23623-23622-23624\">Brianna Genao despareci\u00f3 el 31 de diciembre alrededor de las 5 de la tarde en<strong>&nbsp;Barrero<\/strong>,&nbsp;<strong>Puerto Plata<\/strong>, mientras se encontraba con su familia materna en v\u00edspera de celebrar el a\u00f1o nuevo. Ese mismo dia fue reportada oficialmente como desaparecida.<\/p>\n\n\n\n<p id=\"m23628-23627-23629\">El 1 de enero en horas de la tarde mientras el equipo de b\u00fasqueda y familiares se encontraban buscando,&nbsp;<strong>el t\u00edo paterno de la ni\u00f1a encontr\u00f3 sus zapatillas en el r\u00edo<\/strong>.<\/p>\n\n\n\n<p id=\"m23633-23632-23634\">El 3 de enero la\u00a0madre de Brianna, Jessica Gonzales, quien reside en el extranjero pudo venir al pa\u00eds, ya que no pod\u00eda viajar porque su pasaporte de encuentra vencido y logr\u00f3 obtener un permiso para entrar al pa\u00eds<\/p>\n\n\n\n<p id=\"m23638-23637-23639\">El 06 de enero fueron trasladadas 5 personas para fines de investigaci\u00f3n, entre ellos dos t\u00edos de la menor. M\u00e1s tarde el 08 de enero el padre de\u00a0<strong>Brianna, Carlos Manuel Genao<\/strong>, explica haber estado reunido con las autoridades, quienes le dijeron que los t\u00edos de la ni\u00f1a hab\u00edan confesado haber comercio el\u00a0<strong>crimen<\/strong>.<\/p>\n","protected":false},"excerpt":{"rendered":"<p>Los dos t\u00edos de Brianna Genao, fueron investigados por la desaparici\u00f3n y detenidos el 5<\/p>\n","protected":false},"author":1,"featured_media":22575,"comment_status":"open","ping_status":"open","sticky":false,"template":"","format":"standard","meta":{"footnotes":""},"categories":[12],"tags":[],"class_list":["post-22574","post","type-post","status-publish","format-standard","has-post-thumbnail","hentry","category-nacionales"],"_links":{"self":[{"href":"https:\/\/samantharadionline.com\/index.php\/wp-json\/wp\/v2\/posts\/22574","targetHints":{"allow":["GET"]}}],"collection":[{"href":"https:\/\/samantharadionline.com\/index.php\/wp-json\/wp\/v2\/posts"}],"about":[{"href":"https:\/\/samantharadionline.com\/index.php\/wp-json\/wp\/v2\/types\/post"}],"author":[{"embeddable":true,"href":"https:\/\/samantharadionline.com\/index.php\/wp-json\/wp\/v2\/users\/1"}],"replies":[{"embeddable":true,"href":"https:\/\/samantharadionline.com\/index.php\/wp-json\/wp\/v2\/comments?post=22574"}],"version-history":[{"count":1,"href":"https:\/\/samantharadionline.com\/index.php\/wp-json\/wp\/v2\/posts\/22574\/revisions"}],"predecessor-version":[{"id":22576,"href":"https:\/\/samantharadionline.com\/index.php\/wp-json\/wp\/v2\/posts\/22574\/revisions\/22576"}],"wp:featuredmedia":[{"embeddable":true,"href":"https:\/\/samantharadionline.com\/index.php\/wp-json\/wp\/v2\/media\/22575"}],"wp:attachment":[{"href":"https:\/\/samantharadionline.com\/index.php\/wp-json\/wp\/v2\/media?parent=22574"}],"wp:term":[{"taxonomy":"category","embeddable":true,"href":"https:\/\/samantharadionline.com\/index.php\/wp-json\/wp\/v2\/categories?post=22574"},{"taxonomy":"post_tag","embeddable":true,"href":"https:\/\/samantharadionline.com\/index.php\/wp-json\/wp\/v2\/tags?post=22574"}],"curies":[{"name":"wp","href":"https:\/\/api.w.org\/{rel}","templated":true}]}}