{"id":22565,"date":"2026-01-21T09:22:16","date_gmt":"2026-01-21T13:22:16","guid":{"rendered":"https:\/\/samantharadionline.com\/?p=22565"},"modified":"2026-01-21T09:22:17","modified_gmt":"2026-01-21T13:22:17","slug":"miles-de-feligreses-en-el-dia-de-la-altagracia","status":"publish","type":"post","link":"https:\/\/samantharadionline.com\/index.php\/2026\/01\/21\/miles-de-feligreses-en-el-dia-de-la-altagracia\/","title":{"rendered":"Miles de feligreses en el D\u00eda de la Altagracia"},"content":{"rendered":"\n<p class=\"has-medium-font-size\"><em>El operativo inici\u00f3 ayer a las 2:00 de la tarde y se extender\u00e1 hasta hoy mi\u00e9rcoles a las 6:00 de la tarde. Participan m\u00e1s de 900 colaboradores<\/em><\/p>\n\n\n\n<figure class=\"wp-block-image\"><img decoding=\"async\" src=\"https:\/\/listindiario.com\/files\/image_60_60\/uploads\/2023\/05\/16\/64637f64292a5.jpeg\" alt=\"Avatar del Florentino Dur\u00e1n\"\/><\/figure>\n\n\n\n<p><strong><em>\u00a0<\/em>Florentino Dur\u00e1n, Hig\u00fcey, La Altagracia, RD\u00a0<\/strong><\/p>\n\n\n\n<p id=\"m54623-54622-54624\">Miles de visitantes de diversos pueblos del pa\u00eds y del exterior han llegado a esta ciudad para participar en los actos con movido del&nbsp;<strong>D\u00eda de la Altagracia<\/strong>.<\/p>\n\n\n\n<p id=\"m54628-54627-54629\">El&nbsp;<strong>Centro de Operaciones de Emergencias<\/strong>&nbsp;(<strong>COE<\/strong>),en coordinaci\u00f3n con las instituciones que lo integran y la Gobernaci\u00f3n de La Altagracia, pondr\u00e1 en marcha el Operativo Altagraciano 2026, mediante el despliegue de 9,121 colaboradores y voluntarios.<\/p>\n\n\n\n<p id=\"m54633-54632-54634\">El obispo de la Di\u00f3cesis, monse\u00f1or Jes\u00fas Castro Marte, anfitri\u00f3n de los actos religisosos, confirm\u00f3 que todo est\u00e1 listo para el gran d\u00eda de celebraci\u00f3n del pueblo dominicano y que tiene como centro la&nbsp;<strong>Bas\u00edlica Nuestra Se\u00f1ora de la Altagracia<\/strong>.<\/p>\n\n\n\n<p id=\"m54638-54637-54639\">El prelado particip\u00f3 del los actos con motivo del Festival Gastron\u00f3mico de la Yuca en la avenida Sacra, mientras se daba inicio simult\u00e1neamente al operativo para brindar asistencia y orientaci\u00f3n a los ciudadanos con motivo del 21 de enero.<\/p>\n\n\n\n<p id=\"m54643-54642-54644\">Los actos que tradicionalmente cuentan con la presencia del presidente&nbsp;<strong>Luis Abinader<\/strong>, la primera dama,&nbsp;<strong>Raquel Arbaje<\/strong>&nbsp;y funcionarios del gobierno, tienen en la misa de las 9:00 de la ma\u00f1ana el centro de atenci\u00f3n, debido a la homil\u00eda del religioso.<\/p>\n\n\n\n<p id=\"m54648-54647-54649\">El montaje procura proveer asistencia y evitar perdidas de vida, de los ferigreses y turistas que se trasladar\u00e1n a la Bas\u00edlica Catedral Nuestra Se\u00f1ora de la Altagracia, en Hig\u00fcey, con motivo de la conmemoraci\u00f3n del d\u00eda de la madre protectora del pueblo dominicano, la<strong>&nbsp;Virgen de la Altagracia<\/strong>.<\/p>\n\n\n\n<p id=\"m54653-54652-54654\">Al frente y los alrededores y el patio se nota la cantidad de personas, vendedores y personas al de Protocolo y Orden, que se ha desplazado al lugar.<\/p>\n\n\n\n<p id=\"m54658-54657-54659\">El director del COE, Juan Manuel M\u00e9ndez Garc\u00eda, inform\u00f3 que a partir de las 2:00 de la tarde de ayer se inici\u00f3 el dispositivo de prevenci\u00f3n vial con el objetivo de agilizar las acciones de respuesta ante los posibles incidentes que se pudieran presentar.<\/p>\n\n\n\n<figure class=\"wp-block-image\" id=\"m54663-54662-54664\"><img decoding=\"async\" src=\"https:\/\/listindiario.com\/files\/vertical_main_image\/uploads\/2025\/08\/17\/68a289d1b9e3c.jpeg\" alt=\"La V\u00eda Sacra es un patrimonio hist\u00f3rico que recorre desde la Bas\u00edlica Nuestra Se\u00f1ora de La Altagracia hasta la Iglesia San Dionicio en la ciudad de Hig\u00fcey.\"\/><figcaption class=\"wp-element-caption\">La V\u00eda Sacra es un patrimonio hist\u00f3rico que recorre desde la Bas\u00edlica Nuestra Se\u00f1ora de La Altagracia hasta la Iglesia San Dionicio en la ciudad de Hig\u00fcey.<\/figcaption><\/figure>\n\n\n\n<p id=\"m54675-54674-54676\"><strong>M\u00e9ndez Garc\u00eda<\/strong>&nbsp;explic\u00f3 adem\u00e1s que el operativo ser\u00e1 desde el puente Juan Carlos, en la avenida Las Am\u00e9ricas, hasta la Bas\u00edlica de Hig\u00fcey, incluyendo los tramos carreteros que unen las provincias de la regi\u00f3n Este del pa\u00eds.<\/p>\n\n\n\n<p id=\"m54680-54679-54681\">\u201cLa variable que trabajaremos durante esos dos d\u00edas son los accidentes de tr\u00e1nsito. La ocasi\u00f3n es oportuna para volver hacer un llamado a la consciencia de cada ciudadano que se trasladar\u00e1 hasta Hig\u00fcey, para conmemorar el&nbsp;<strong>D\u00eda de Nuestra Se\u00f1ora de la Altagracia<\/strong>\u201d,puntualiz\u00f3.<\/p>\n\n\n\n<p id=\"m54685-54684-54686\">Asimismo, detall\u00f3 que 113 ambulancias ser\u00e1n distribuidas en puntos estrat\u00e9gicos; ser\u00e1n instalados 153 puestos de socorro en la regi\u00f3n Este, dos hospitales de campa\u00f1a de la&nbsp;<strong>Cruz Roja Dominicana y la Defensa Civil<\/strong>&nbsp;ser\u00e1n ubicados dentro del \u00e1rea de la B\u00e1silica.<\/p>\n\n\n\n<p id=\"m54690-54689-54691\">En esa misma zona se instalar\u00e1 un Centro de Mando M\u00f3vil y una base operativa, habilitada por el COE conjuntamente con la Direcci\u00f3n de Servicios de Atenci\u00f3n a Emergencias.<\/p>\n","protected":false},"excerpt":{"rendered":"<p>El operativo inici\u00f3 ayer a las 2:00 de la tarde y se extender\u00e1 hasta hoy<\/p>\n","protected":false},"author":1,"featured_media":22566,"comment_status":"open","ping_status":"open","sticky":false,"template":"","format":"standard","meta":{"footnotes":""},"categories":[1],"tags":[],"class_list":["post-22565","post","type-post","status-publish","format-standard","has-post-thumbnail","hentry","category-blog"],"_links":{"self":[{"href":"https:\/\/samantharadionline.com\/index.php\/wp-json\/wp\/v2\/posts\/22565","targetHints":{"allow":["GET"]}}],"collection":[{"href":"https:\/\/samantharadionline.com\/index.php\/wp-json\/wp\/v2\/posts"}],"about":[{"href":"https:\/\/samantharadionline.com\/index.php\/wp-json\/wp\/v2\/types\/post"}],"author":[{"embeddable":true,"href":"https:\/\/samantharadionline.com\/index.php\/wp-json\/wp\/v2\/users\/1"}],"replies":[{"embeddable":true,"href":"https:\/\/samantharadionline.com\/index.php\/wp-json\/wp\/v2\/comments?post=22565"}],"version-history":[{"count":1,"href":"https:\/\/samantharadionline.com\/index.php\/wp-json\/wp\/v2\/posts\/22565\/revisions"}],"predecessor-version":[{"id":22567,"href":"https:\/\/samantharadionline.com\/index.php\/wp-json\/wp\/v2\/posts\/22565\/revisions\/22567"}],"wp:featuredmedia":[{"embeddable":true,"href":"https:\/\/samantharadionline.com\/index.php\/wp-json\/wp\/v2\/media\/22566"}],"wp:attachment":[{"href":"https:\/\/samantharadionline.com\/index.php\/wp-json\/wp\/v2\/media?parent=22565"}],"wp:term":[{"taxonomy":"category","embeddable":true,"href":"https:\/\/samantharadionline.com\/index.php\/wp-json\/wp\/v2\/categories?post=22565"},{"taxonomy":"post_tag","embeddable":true,"href":"https:\/\/samantharadionline.com\/index.php\/wp-json\/wp\/v2\/tags?post=22565"}],"curies":[{"name":"wp","href":"https:\/\/api.w.org\/{rel}","templated":true}]}}