{"id":22562,"date":"2026-01-21T09:19:20","date_gmt":"2026-01-21T13:19:20","guid":{"rendered":"https:\/\/samantharadionline.com\/?p=22562"},"modified":"2026-01-21T09:19:21","modified_gmt":"2026-01-21T13:19:21","slug":"mas-quejas-que-triunfos-en-el-primer-ano-del-segundo-periodo-de-donald-trump","status":"publish","type":"post","link":"https:\/\/samantharadionline.com\/index.php\/2026\/01\/21\/mas-quejas-que-triunfos-en-el-primer-ano-del-segundo-periodo-de-donald-trump\/","title":{"rendered":"M\u00e1s quejas que triunfos en el primer a\u00f1o del segundo per\u00edodo de Donald Trump"},"content":{"rendered":"\n<p class=\"has-medium-font-size\"><em>\u00abDios est\u00e1 muy orgulloso del trabajo que he realizado\u00bb, declar\u00f3 el presidente, quien atraviesa una crisis de confianza: solo un 42% de los estadounidenses aprueban su gesti\u00f3n, frente a un 55% que la desaprueba<\/em><\/p>\n\n\n\n<figure class=\"wp-block-image\"><img decoding=\"async\" src=\"https:\/\/listindiario.com\/files\/image_60_60\/uploads\/2025\/06\/12\/684b39171bfd7.jpeg\" alt=\"Avatar del Agencia AFP\"\/><\/figure>\n\n\n\n<p><strong><em>\u00a0<\/em>Agencia AFP, Washington, Estados Unidos<\/strong><\/p>\n\n\n\n<p id=\"m51914-51913-51915\">El presidente de Estados Unidos, Donald Trump, conmemor\u00f3 el martes el primer aniversario de su regreso a la Casa Blanca con un largo y desarticulado discurso en el que sobre todo se quej\u00f3 de la falta de reconocimiento a su trabajo.<\/p>\n\n\n\n<p id=\"m51919-51918-51920\">El mandatario, de 79 a\u00f1os, mostr\u00f3 a los periodistas una carpeta en la que, seg\u00fan \u00e9l, figuraban los 365 logros alcanzados desde que jur\u00f3 el cargo el 20 de enero del a\u00f1o pasado.<\/p>\n\n\n\n<p id=\"m51924-51923-51925\">\u00abDios est\u00e1 muy orgulloso del trabajo que he realizado\u00bb, declar\u00f3 el presidente, quien atraviesa una crisis de confianza: solo un 42% de los estadounidenses aprueban su gesti\u00f3n, frente a un 55% que la desaprueba.<\/p>\n\n\n\n<p id=\"m51929-51928-51930\">Sin embargo, durante m\u00e1s de una hora de un mon\u00f3logo farragoso, Trump se quej\u00f3 amargamente de que no recibe el reconocimiento que \u00e9l considera que deber\u00eda tener.<\/p>\n\n\n\n<p id=\"m51934-51933-51935\">Adem\u00e1s de apuntar como culpables a miembros de su equipo -\u00abquiz\u00e1s tengo malos asesores de relaciones p\u00fablicas\u00bb, dijo-, carg\u00f3 contra las \u00abnoticias falsas\u00bb.<\/p>\n\n\n\n<p id=\"m51939-51938-51940\">Antes de responder preguntas de los periodistas, el presidente tuvo tiempo tambi\u00e9n de insultar a sus oponentes y de difundir teor\u00edas conspirativas, como que fue \u00e9l quien gan\u00f3 las elecciones de 2020, y no el dem\u00f3crata Joe Biden.<\/p>\n\n\n\n<p id=\"m51944-51943-51945\">Despu\u00e9s de la rueda de prensa, Trump emprendi\u00f3 camino a Davos para reunirse con l\u00edderes pol\u00edticos y empresariales de todo el mundo.<\/p>\n\n\n\n<p id=\"m51949-51948-51950\">El republicano indic\u00f3 que en su discurso del mi\u00e9rcoles en el foro defender\u00e1 sus intenciones sobre la isla danesa de Groenlandia.<\/p>\n\n\n\n<p id=\"m51954-51953-51955\">\u00abLa necesitamos por motivos de seguridad nacional\u00bb, afirm\u00f3. \u00abLas cosas van a salir muy bien\u00bb.<\/p>\n\n\n\n<p id=\"m51959-51958-51960\">Pero cuando se le pregunt\u00f3 hasta d\u00f3nde estaba dispuesto a llegar para cumplir sus amenazas de apoderarse de la vasta isla del \u00c1rtico, respondi\u00f3: \u00abSe dar\u00e1n cuenta\u00bb.<\/p>\n\n\n\n<p id=\"m51964-51963-51965\">El republicano rechaz\u00f3 adem\u00e1s asistir a una eventual reuni\u00f3n de emergencia del G7 esta semana para discutir la guerra en Ucrania, propuesta por el presidente franc\u00e9s, Emmanuel Macron.<\/p>\n\n\n\n<p id=\"m51969-51968-51970\">\u00abNo lo har\u00eda\u00bb, respondi\u00f3 al ser consultado sobre si estar\u00eda dispuesto a participar en una reuni\u00f3n as\u00ed, aunque Macron ya hab\u00eda se\u00f1alado que el encuentro no se realizar\u00eda esta semana.<\/p>\n\n\n\n<p id=\"m51974-51973-51975\"><strong>&#8211; El ICE, Venezuela y teor\u00edas conspirativas &#8211;<\/strong><\/p>\n\n\n\n<p id=\"m51979-51978-51980\">En un tono moderado, Trump comenz\u00f3 su discurso con palabras de elogio hacia el trabajo de los agentes del Servicio de Inmigraci\u00f3n y Aduanas de Estados Unidos (ICE).<\/p>\n\n\n\n<p id=\"m51984-51983-51985\">Tambi\u00e9n alab\u00f3 el ataque militar que propici\u00f3 la captura del presidente de Venezuela, Nicol\u00e1s Maduro, y no dio marcha atr\u00e1s en sus palabras, cada vez m\u00e1s subidas de tono, sobre qu\u00e9 est\u00e1 dispuesto a hacer para tomar el control de Groenlandia.<\/p>\n\n\n\n<p id=\"m51989-51988-51990\">Pero a medida que Trump pasaba de un tema a otro, el tono del discurso dej\u00f3 de ser victorioso y se pareci\u00f3 al usado durante la campa\u00f1a de las presidenciales de 2024 en las que derrot\u00f3 a la dem\u00f3crata Kamala Harris.<\/p>\n\n\n\n<p id=\"m51994-51993-51995\">El presidente repiti\u00f3 teor\u00edas que llevan mucho tiempo siendo objeto de controversia o ya desmentidas, entre ellas que las elecciones de 2020 fueron \u00abama\u00f1adas\u00bb, que los precios de los medicamentos recetados han bajado un 600% \u2014algo matem\u00e1ticamente imposible\u2014 y que hab\u00eda conseguido atraer para Estados Unidos 18 billones de d\u00f3lares en inversiones extranjeras.<\/p>\n\n\n\n<p id=\"m51999-51998-52000\">En materia de asuntos exteriores, el republicano mostr\u00f3 su inter\u00e9s en trabajar con la l\u00edder de la oposici\u00f3n venezolana Mar\u00eda Corina Machado sobre el futuro del pa\u00eds, tras la captura el 3 de enero de Maduro, quien espera juicio en una prisi\u00f3n de Nueva York.<\/p>\n\n\n\n<p id=\"m52004-52003-52005\">\u00abEstamos hablando con ella\u00bb, dijo Trump. \u00abQuiz\u00e1s podamos involucrarla de alguna manera. Me encantar\u00eda poder hacerlo\u00bb.<\/p>\n\n\n\n<p id=\"m52009-52008-52010\">Elogi\u00f3 a Machado por haberle cedido su medalla del Premio Nobel de la Paz, sin dejar de quejarse de nuevo por que el comit\u00e9 noruego deber\u00eda haberle dado ese reconocimiento a \u00e9l.<\/p>\n\n\n\n<p id=\"m52014-52013-52015\">Tambi\u00e9n mostr\u00f3 su apoyo al presidente sirio Ahmed al Sharaa, que lanz\u00f3 una ofensiva contra los antiguos aliados kurdos de Washington en su lucha contra los yihadistas del Estado Isl\u00e1mico.<\/p>\n\n\n\n<p id=\"m52019-52018-52020\">Trump dijo que el l\u00edder sirio estaba \u00abtrabajando muy, muy duro\u00bb.<\/p>\n\n\n\n<p id=\"m52024-52023-52025\">El senador dem\u00f3crata Chuck Schumer reaccion\u00f3 con dureza a la actuaci\u00f3n de Trump en el aniversario: \u00abSe vuelve cada vez m\u00e1s loco y m\u00e1s impopular\u00bb, dijo el opositor.<\/p>\n","protected":false},"excerpt":{"rendered":"<p>\u00abDios est\u00e1 muy orgulloso del trabajo que he realizado\u00bb, declar\u00f3 el presidente, quien atraviesa una<\/p>\n","protected":false},"author":1,"featured_media":22563,"comment_status":"open","ping_status":"open","sticky":false,"template":"","format":"standard","meta":{"footnotes":""},"categories":[4],"tags":[],"class_list":["post-22562","post","type-post","status-publish","format-standard","has-post-thumbnail","hentry","category-mundiales"],"_links":{"self":[{"href":"https:\/\/samantharadionline.com\/index.php\/wp-json\/wp\/v2\/posts\/22562","targetHints":{"allow":["GET"]}}],"collection":[{"href":"https:\/\/samantharadionline.com\/index.php\/wp-json\/wp\/v2\/posts"}],"about":[{"href":"https:\/\/samantharadionline.com\/index.php\/wp-json\/wp\/v2\/types\/post"}],"author":[{"embeddable":true,"href":"https:\/\/samantharadionline.com\/index.php\/wp-json\/wp\/v2\/users\/1"}],"replies":[{"embeddable":true,"href":"https:\/\/samantharadionline.com\/index.php\/wp-json\/wp\/v2\/comments?post=22562"}],"version-history":[{"count":1,"href":"https:\/\/samantharadionline.com\/index.php\/wp-json\/wp\/v2\/posts\/22562\/revisions"}],"predecessor-version":[{"id":22564,"href":"https:\/\/samantharadionline.com\/index.php\/wp-json\/wp\/v2\/posts\/22562\/revisions\/22564"}],"wp:featuredmedia":[{"embeddable":true,"href":"https:\/\/samantharadionline.com\/index.php\/wp-json\/wp\/v2\/media\/22563"}],"wp:attachment":[{"href":"https:\/\/samantharadionline.com\/index.php\/wp-json\/wp\/v2\/media?parent=22562"}],"wp:term":[{"taxonomy":"category","embeddable":true,"href":"https:\/\/samantharadionline.com\/index.php\/wp-json\/wp\/v2\/categories?post=22562"},{"taxonomy":"post_tag","embeddable":true,"href":"https:\/\/samantharadionline.com\/index.php\/wp-json\/wp\/v2\/tags?post=22562"}],"curies":[{"name":"wp","href":"https:\/\/api.w.org\/{rel}","templated":true}]}}