{"id":22558,"date":"2026-01-20T17:08:27","date_gmt":"2026-01-20T21:08:27","guid":{"rendered":"https:\/\/samantharadionline.com\/?p=22558"},"modified":"2026-01-20T17:08:27","modified_gmt":"2026-01-20T21:08:27","slug":"amnistia-internacional-convoca-seminario-web-sobre-resistencia-al-autoritarismo","status":"publish","type":"post","link":"https:\/\/samantharadionline.com\/index.php\/2026\/01\/20\/amnistia-internacional-convoca-seminario-web-sobre-resistencia-al-autoritarismo\/","title":{"rendered":"Amnist\u00eda Internacional convoca seminario web sobre resistencia al autoritarismo"},"content":{"rendered":"\n<p class=\"has-medium-font-size\"><em>Representantes de la membres\u00eda internacional invitan a reflexionar sobre experiencias hist\u00f3ricas y actuales de resistencia<\/em><\/p>\n\n\n\n<p><strong>Por la Redacci\u00f3n de SRO, Santo Domingo, R.D.<\/strong><\/p>\n\n\n\n<p>Amnist\u00eda Internacional anunci\u00f3 la realizaci\u00f3n de un seminario web el pr\u00f3ximo viernes 6 de febrero, de 14:00 a 15:30 h GMT, dedicado al an\u00e1lisis de la resistencia al autoritarismo. La invitaci\u00f3n fue extendida por Gabriel, Minna, Stephan y otros representantes de la membres\u00eda internacional, quienes destacaron la importancia de este espacio de reflexi\u00f3n y aprendizaje colectivo.<\/p>\n\n\n\n<p>Durante la sesi\u00f3n se abordar\u00e1n movimientos de resistencia efectivos del pasado y del presente, examinando el impacto que han tenido en diferentes contextos sociales y pol\u00edticos alrededor del mundo. La intenci\u00f3n es ofrecer una mirada cr\u00edtica sobre c\u00f3mo estas experiencias han contribuido a la defensa de los derechos humanos y la democracia.<\/p>\n\n\n\n<p>Los organizadores tambi\u00e9n compartir\u00e1n ejemplos de resistencia creativa en los que se han involucrado directamente, mostrando c\u00f3mo la innovaci\u00f3n y la creatividad pueden convertirse en herramientas poderosas frente a reg\u00edmenes autoritarios. Estos testimonios buscan inspirar nuevas formas de acci\u00f3n ciudadana.<\/p>\n\n\n\n<p>Un punto destacado ser\u00e1 la exposici\u00f3n de las experiencias de resistencia creativa desarrolladas por Amnist\u00eda Chile, que servir\u00e1n como referencia para comprender c\u00f3mo las comunidades pueden organizarse y responder de manera efectiva a los desaf\u00edos de la represi\u00f3n y la desigualdad.<\/p>\n\n\n\n<p>La convocatoria subraya la necesidad de fortalecer la solidaridad internacional y de generar espacios de intercambio que permitan articular estrategias comunes frente a las amenazas a la libertad y la justicia. Los representantes recalcaron que este seminario es una oportunidad para aprender, compartir y construir propuestas colectivas.<\/p>\n\n\n\n<p>Las inscripciones estar\u00e1n abiertas hasta el mi\u00e9rcoles 21 de enero, y Amnist\u00eda Internacional exhorta a participar activamente en esta iniciativa. La organizaci\u00f3n reafirma que la resistencia al autoritarismo no solo es un deber \u00e9tico, sino tambi\u00e9n una pr\u00e1ctica necesaria para garantizar sociedades m\u00e1s libres y democr\u00e1ticas.<\/p>\n\n\n\n<figure class=\"wp-block-image size-full\"><img loading=\"lazy\" decoding=\"async\" width=\"180\" height=\"76\" src=\"https:\/\/samantharadionline.com\/wp-content\/uploads\/2026\/01\/unnamed.png\" alt=\"\" class=\"wp-image-22560\"\/><\/figure>\n\n\n\n<p><\/p>\n","protected":false},"excerpt":{"rendered":"<p>Representantes de la membres\u00eda internacional invitan a reflexionar sobre experiencias hist\u00f3ricas y actuales de resistencia<\/p>\n","protected":false},"author":1,"featured_media":22559,"comment_status":"open","ping_status":"open","sticky":false,"template":"","format":"standard","meta":{"footnotes":""},"categories":[4,12],"tags":[],"class_list":["post-22558","post","type-post","status-publish","format-standard","has-post-thumbnail","hentry","category-mundiales","category-nacionales"],"_links":{"self":[{"href":"https:\/\/samantharadionline.com\/index.php\/wp-json\/wp\/v2\/posts\/22558","targetHints":{"allow":["GET"]}}],"collection":[{"href":"https:\/\/samantharadionline.com\/index.php\/wp-json\/wp\/v2\/posts"}],"about":[{"href":"https:\/\/samantharadionline.com\/index.php\/wp-json\/wp\/v2\/types\/post"}],"author":[{"embeddable":true,"href":"https:\/\/samantharadionline.com\/index.php\/wp-json\/wp\/v2\/users\/1"}],"replies":[{"embeddable":true,"href":"https:\/\/samantharadionline.com\/index.php\/wp-json\/wp\/v2\/comments?post=22558"}],"version-history":[{"count":1,"href":"https:\/\/samantharadionline.com\/index.php\/wp-json\/wp\/v2\/posts\/22558\/revisions"}],"predecessor-version":[{"id":22561,"href":"https:\/\/samantharadionline.com\/index.php\/wp-json\/wp\/v2\/posts\/22558\/revisions\/22561"}],"wp:featuredmedia":[{"embeddable":true,"href":"https:\/\/samantharadionline.com\/index.php\/wp-json\/wp\/v2\/media\/22559"}],"wp:attachment":[{"href":"https:\/\/samantharadionline.com\/index.php\/wp-json\/wp\/v2\/media?parent=22558"}],"wp:term":[{"taxonomy":"category","embeddable":true,"href":"https:\/\/samantharadionline.com\/index.php\/wp-json\/wp\/v2\/categories?post=22558"},{"taxonomy":"post_tag","embeddable":true,"href":"https:\/\/samantharadionline.com\/index.php\/wp-json\/wp\/v2\/tags?post=22558"}],"curies":[{"name":"wp","href":"https:\/\/api.w.org\/{rel}","templated":true}]}}