{"id":22555,"date":"2026-01-20T16:56:50","date_gmt":"2026-01-20T20:56:50","guid":{"rendered":"https:\/\/samantharadionline.com\/?p=22555"},"modified":"2026-01-20T16:56:50","modified_gmt":"2026-01-20T20:56:50","slug":"rafael-paz-reafirma-compromiso-politico-y-vision-de-pais-en-imagen-publica-tv","status":"publish","type":"post","link":"https:\/\/samantharadionline.com\/index.php\/2026\/01\/20\/rafael-paz-reafirma-compromiso-politico-y-vision-de-pais-en-imagen-publica-tv\/","title":{"rendered":"Rafael Paz reafirma compromiso pol\u00edtico y visi\u00f3n de pa\u00eds en Imagen P\u00fablica TV"},"content":{"rendered":"\n<p class=\"has-medium-font-size\"><em>El dirigente de la Fuerza del Pueblo expone su trayectoria, reflexiones y propuestas para una Rep\u00fablica Dominicana m\u00e1s justa<\/em><\/p>\n\n\n\n<p><strong>Por la Redacci\u00f3n de SRO, Santo Domingo, R.D.<\/strong><\/p>\n\n\n\n<p>El pol\u00edtico y miembro de la Direcci\u00f3n Pol\u00edtica de la Fuerza del Pueblo, Rafael Paz, particip\u00f3 en el programa <strong>Imagen P\u00fablica TV<\/strong>, conducido por los consultores de marca Reyna Acosta y Don Mariano Abreu. Durante la entrevista, comparti\u00f3 una reflexi\u00f3n sobre sus or\u00edgenes, su experiencia en el sector productivo y su visi\u00f3n de futuro para la Rep\u00fablica Dominicana.<\/p>\n\n\n\n<p>Paz record\u00f3 que su paso por la Vicepresidencia Ejecutiva del Consejo Nacional de la Empresa Privada (CONEP) y la Direcci\u00f3n del Consejo Nacional de Competitividad fue decisivo para comprender los retos estructurales del desarrollo nacional. Subray\u00f3 que estas funciones le permitieron conocer de cerca c\u00f3mo se relaciona el Estado con la actividad econ\u00f3mica y con los sectores m\u00e1s vulnerables.<\/p>\n\n\n\n<p>\u201cEl aprendizaje de esos a\u00f1os me mostr\u00f3 que sin articulaci\u00f3n entre el sector productivo y el Estado no es posible construir bienestar sostenible\u201d, afirm\u00f3, destacando la importancia de pol\u00edticas p\u00fablicas que integren a todos los actores sociales en un mismo prop\u00f3sito de desarrollo.<\/p>\n\n\n\n<p>Al abordar la realidad social dominicana, Paz se\u00f1al\u00f3 la persistente brecha de desigualdad que afecta especialmente a la juventud. Explic\u00f3 que su compromiso pol\u00edtico busca equilibrar las condiciones entre dos juventudes que conviven en escenarios muy distintos: una con acceso limitado a oportunidades y otra con mayores privilegios.<\/p>\n\n\n\n<p>En ese sentido, insisti\u00f3 en la necesidad de crear est\u00edmulos efectivos para el emprendimiento y el empleo, con pol\u00edticas que conviertan el talento en movilidad social y desarrollo. Para Paz, la Rep\u00fablica Dominicana debe transformarse en una ciudad de oportunidades reales, donde los j\u00f3venes puedan proyectar su futuro con esperanza.<\/p>\n\n\n\n<p>Sobre el panorama pol\u00edtico, el dirigente resalt\u00f3 el crecimiento sostenido de la Fuerza del Pueblo como principal referente de la oposici\u00f3n. Precis\u00f3 que las diferencias entre Leonel Fern\u00e1ndez y Danilo Medina responden a visiones pol\u00edticas distintas, m\u00e1s all\u00e1 de cualquier aspecto personal.<\/p>\n\n\n\n<p>Asimismo, expres\u00f3 su aspiraci\u00f3n de que los valores del Boschismo puedan reencontrarse bajo una nueva conducci\u00f3n pol\u00edtica, capaz de fortalecer la institucionalidad democr\u00e1tica y reorientar el rumbo del pa\u00eds hacia un modelo m\u00e1s inclusivo y participativo.<\/p>\n\n\n\n<p>Finalmente, Rafael Paz reiter\u00f3 su compromiso de trabajar para que la Fuerza del Pueblo alcance la presidencia de la Rep\u00fablica. En sus palabras, la organizaci\u00f3n debe convertirse en una plataforma de articulaci\u00f3n generacional que conecte experiencia, ideas y vocaci\u00f3n de servicio, con el objetivo de construir un pa\u00eds m\u00e1s justo y equitativo.<\/p>\n","protected":false},"excerpt":{"rendered":"<p>El dirigente de la Fuerza del Pueblo expone su trayectoria, reflexiones y propuestas para una<\/p>\n","protected":false},"author":1,"featured_media":22556,"comment_status":"open","ping_status":"open","sticky":false,"template":"","format":"standard","meta":{"footnotes":""},"categories":[11,12],"tags":[],"class_list":["post-22555","post","type-post","status-publish","format-standard","has-post-thumbnail","hentry","category-entretenimiento","category-nacionales"],"_links":{"self":[{"href":"https:\/\/samantharadionline.com\/index.php\/wp-json\/wp\/v2\/posts\/22555","targetHints":{"allow":["GET"]}}],"collection":[{"href":"https:\/\/samantharadionline.com\/index.php\/wp-json\/wp\/v2\/posts"}],"about":[{"href":"https:\/\/samantharadionline.com\/index.php\/wp-json\/wp\/v2\/types\/post"}],"author":[{"embeddable":true,"href":"https:\/\/samantharadionline.com\/index.php\/wp-json\/wp\/v2\/users\/1"}],"replies":[{"embeddable":true,"href":"https:\/\/samantharadionline.com\/index.php\/wp-json\/wp\/v2\/comments?post=22555"}],"version-history":[{"count":1,"href":"https:\/\/samantharadionline.com\/index.php\/wp-json\/wp\/v2\/posts\/22555\/revisions"}],"predecessor-version":[{"id":22557,"href":"https:\/\/samantharadionline.com\/index.php\/wp-json\/wp\/v2\/posts\/22555\/revisions\/22557"}],"wp:featuredmedia":[{"embeddable":true,"href":"https:\/\/samantharadionline.com\/index.php\/wp-json\/wp\/v2\/media\/22556"}],"wp:attachment":[{"href":"https:\/\/samantharadionline.com\/index.php\/wp-json\/wp\/v2\/media?parent=22555"}],"wp:term":[{"taxonomy":"category","embeddable":true,"href":"https:\/\/samantharadionline.com\/index.php\/wp-json\/wp\/v2\/categories?post=22555"},{"taxonomy":"post_tag","embeddable":true,"href":"https:\/\/samantharadionline.com\/index.php\/wp-json\/wp\/v2\/tags?post=22555"}],"curies":[{"name":"wp","href":"https:\/\/api.w.org\/{rel}","templated":true}]}}