{"id":22549,"date":"2026-01-20T16:42:29","date_gmt":"2026-01-20T20:42:29","guid":{"rendered":"https:\/\/samantharadionline.com\/?p=22549"},"modified":"2026-01-20T16:42:29","modified_gmt":"2026-01-20T20:42:29","slug":"mas-de-nueve-mil-para-operativo-de-virgen-de-la-altagracia","status":"publish","type":"post","link":"https:\/\/samantharadionline.com\/index.php\/2026\/01\/20\/mas-de-nueve-mil-para-operativo-de-virgen-de-la-altagracia\/","title":{"rendered":"M\u00e1s de nueve mil para operativo de Virgen de La Altagracia"},"content":{"rendered":"\n<p class=\"has-medium-font-size\"><em>Ambulancias, helic\u00f3ptero, hospital m\u00f3vil conforman las acciones para asistir a los que se desplazan a la bas\u00edlica de Hig\u00fcey<\/em><\/p>\n\n\n\n<p><strong>RLD, SANTO DOMINGO, RD<\/strong><\/p>\n\n\n\n<p id=\"m38344-38343-38345\">Con un llamado a evitar consumir alcohol mientras conducen y a respetar las recomendaciones de las autoridades, al recordar que la festividad ser\u00e1 principalmente religiosa, el&nbsp;<strong>Centro de Operaciones de Emergencias (COE)<\/strong>&nbsp;puso en marcha el Operativo Altagraciano 2026, conjuntamente con la Gobernaci\u00f3n de La Altagracia.<\/p>\n\n\n\n<p id=\"m38349-38348-38350\">El operativo se inici\u00f3 a las 2:00 de la tarde de este martes y concluir\u00e1 este mi\u00e9coles&nbsp;<strong>D\u00eda de la Virgen de La Altagracia&nbsp;<\/strong>a las 6:00 de la tarde.<\/p>\n\n\n\n<p id=\"m38354-38353-38355\">Participan 9,121 colaboradores de las distintas instituciones y voluntarios que conforma el COE. Fue instalado un dispositivo de prevenci\u00f3n vial para agilizar las acciones de respuesta ante los posibles incidentes que pudieran presentar los ciudadanos que se desplacen hacia la Bas\u00edlica Catedral Nuestra Se\u00f1ora de La Altagracia, en Hig\u00fcey, para conmemorar el aniversario de la madre protectora del pueblo dominicano.<\/p>\n\n\n\n<p id=\"m38359-38358-38360\">El director del COE, Juan Manuel M\u00e9ndez Garc\u00eda, inform\u00f3 que el operativo abarcar\u00e1 desde el puente Juan Carlos, en la avenida Las Am\u00e9ricas, hasta la Bas\u00edlica de Hig\u00fcey, incluyendo los tramos carreteros que unen las provincias del este del pa\u00eds.<\/p>\n\n\n\n<p id=\"m38364-38363-38365\">\u201cLa variable que trabajaremos durante esos dos d\u00edas son los accidentes de tr\u00e1nsito. La ocasi\u00f3n es oportuna para volver hacer un llamado a la consciencia de cada ciudadano que se trasladar\u00e1 hasta Hig\u00fcey, para conmemorar el D\u00eda de Nuestra Se\u00f1ora de La Altagracia, puntualiz\u00f3 el director del COE.<\/p>\n\n\n\n<p id=\"m38369-38368-38370\">Detall\u00f3 que 113 ambulancias ser\u00e1n distribuidas en puntos estrat\u00e9gicos; ser\u00e1n instalados 153 puestos de socorro en la regi\u00f3n Este, 02 hospitales de campa\u00f1a de la Cruz Roja Dominicana y la Defensa Civil ser\u00e1n ubicados dentro del \u00e1rea de la Bas\u00edlica.<\/p>\n\n\n\n<p id=\"m38374-38373-38375\">En esa misma zona tambi\u00e9n estar\u00e1 un Centro de Mando M\u00f3vil y una base operativa habilitado por el COE, conjuntamente con la Direcci\u00f3n de Servicios de Atenci\u00f3n a Emergencias Extrahospitalaria (DAEH), que<\/p>\n\n\n\n<p id=\"m38379-38378-38380\">Adem\u00e1s contar\u00e1 con una base operativa para disponer el traslado de hospitales de los feligreses que lo requieran.<\/p>\n\n\n\n<p id=\"m38384-38383-38385\">Igualmente, el ministro de Defensa, teniente general Carlos Antonio Fern\u00e1ndez Onofre, E.R.D, dispuso un helic\u00f3ptero para apoyar de forma a\u00e9rea las operaciones del operativo en la regi\u00f3n Este.<\/p>\n\n\n\n<p id=\"m38389-38388-38390\">Dentro del per\u00edmetro de la referida Catedral, se establecer\u00e1 un dispositivo especial conformado por tres anillos: uno en el exterior con un equipo de reacci\u00f3n r\u00e1pida del Cuerpo de Bomberos de la demarcaci\u00f3n, la Defensa Civil y la Cruz Roja Dominicana, que estar\u00e1 ubicado en el centro de coordinaci\u00f3n m\u00f3vil del Operativo.<\/p>\n\n\n\n<p id=\"m38394-38393-38395\">El segundo estar\u00e1 dentro de la bas\u00edlica, en la explanada, con un puesto de atenci\u00f3n prehospitalaria y se dispondr\u00e1 ambulancias, a cargo del Ministerio de Salud P\u00fablica.<\/p>\n\n\n\n<p id=\"m38399-38398-38400\">Ya dentro de la iglesia, habr\u00e1 un puesto fijo de asistencia con brigadas m\u00f3viles.<\/p>\n\n\n\n<p id=\"m38404-38403-38405\"><strong>Tr\u00e1nsito<\/strong><\/p>\n\n\n\n<p id=\"m38409-38408-38410\">Mientras que, la Direcci\u00f3n General de Seguridad de Tr\u00e1nsito y Transporte (Digesett) dispuso varias unidades para contribuir con la seguridad vial y el tr\u00e1nsito en los alrededores de la iglesia.<\/p>\n\n\n\n<p id=\"m38414-38413-38415\">Asimismo, unidades de la Comisi\u00f3n Militar y Policial del Ministerio de Obras P\u00fablicas brindar\u00e1n asistencia a los usuarios de las autopistas y carreteras en todo el trayecto hac\u00eda la provincia La Altagracia, con la distribuci\u00f3n de 06 talleres m\u00f3viles y 08 gr\u00faas.<\/p>\n","protected":false},"excerpt":{"rendered":"<p>Ambulancias, helic\u00f3ptero, hospital m\u00f3vil conforman las acciones para asistir a los que se desplazan a<\/p>\n","protected":false},"author":1,"featured_media":22550,"comment_status":"open","ping_status":"open","sticky":false,"template":"","format":"standard","meta":{"footnotes":""},"categories":[12],"tags":[],"class_list":["post-22549","post","type-post","status-publish","format-standard","has-post-thumbnail","hentry","category-nacionales"],"_links":{"self":[{"href":"https:\/\/samantharadionline.com\/index.php\/wp-json\/wp\/v2\/posts\/22549","targetHints":{"allow":["GET"]}}],"collection":[{"href":"https:\/\/samantharadionline.com\/index.php\/wp-json\/wp\/v2\/posts"}],"about":[{"href":"https:\/\/samantharadionline.com\/index.php\/wp-json\/wp\/v2\/types\/post"}],"author":[{"embeddable":true,"href":"https:\/\/samantharadionline.com\/index.php\/wp-json\/wp\/v2\/users\/1"}],"replies":[{"embeddable":true,"href":"https:\/\/samantharadionline.com\/index.php\/wp-json\/wp\/v2\/comments?post=22549"}],"version-history":[{"count":1,"href":"https:\/\/samantharadionline.com\/index.php\/wp-json\/wp\/v2\/posts\/22549\/revisions"}],"predecessor-version":[{"id":22551,"href":"https:\/\/samantharadionline.com\/index.php\/wp-json\/wp\/v2\/posts\/22549\/revisions\/22551"}],"wp:featuredmedia":[{"embeddable":true,"href":"https:\/\/samantharadionline.com\/index.php\/wp-json\/wp\/v2\/media\/22550"}],"wp:attachment":[{"href":"https:\/\/samantharadionline.com\/index.php\/wp-json\/wp\/v2\/media?parent=22549"}],"wp:term":[{"taxonomy":"category","embeddable":true,"href":"https:\/\/samantharadionline.com\/index.php\/wp-json\/wp\/v2\/categories?post=22549"},{"taxonomy":"post_tag","embeddable":true,"href":"https:\/\/samantharadionline.com\/index.php\/wp-json\/wp\/v2\/tags?post=22549"}],"curies":[{"name":"wp","href":"https:\/\/api.w.org\/{rel}","templated":true}]}}