{"id":22539,"date":"2026-01-20T16:31:45","date_gmt":"2026-01-20T20:31:45","guid":{"rendered":"https:\/\/samantharadionline.com\/?p=22539"},"modified":"2026-01-20T16:31:45","modified_gmt":"2026-01-20T20:31:45","slug":"tras-un-ano-alejado-de-los-escenarios-reaparece-con-fisico-mejorado","status":"publish","type":"post","link":"https:\/\/samantharadionline.com\/index.php\/2026\/01\/20\/tras-un-ano-alejado-de-los-escenarios-reaparece-con-fisico-mejorado\/","title":{"rendered":"Tras un a\u00f1o alejado de los escenarios reaparece  con f\u00edsico mejorado"},"content":{"rendered":"\n<p class=\"has-medium-font-size\"><em>Luego de haberse presentado en enero de 2025 en esa provincia, el legendario bachatero regres\u00f3 el pasado s\u00e1bado 17 de enero con motivo a la celebraci\u00f3n de las Patronales de la Altagracia &#8211; Casta\u00f1uelas 2026<\/em><\/p>\n\n\n\n<p><strong>LD, Santo Domingo, RD<\/strong><\/p>\n\n\n\n<p id=\"m59627-59626-59628\">\u00ab<strong>El Mayimbe de la Bachata<\/strong>\u00ab,&nbsp;<strong>Anthony Santos<\/strong>, no falt\u00f3 a la tradicional fiesta que cada a\u00f1o realiza en su natal&nbsp;Montecristi.<\/p>\n\n\n\n<p id=\"m59632-59631-59633\">Luego de haberse presentado en enero de 2025 en esa provincia, el legendario bachatero regres\u00f3 el pasado s\u00e1bado 17 de enero con motivo a la celebraci\u00f3n de las&nbsp;<strong>Patronales de la Altagracia &#8211; Casta\u00f1uelas 2026<\/strong>.&nbsp;<\/p>\n\n\n\n<p id=\"m59637-59636-59638\">Adem\u00e1s de ser aplaudido por su vuelta a los escenarios, el int\u00e9rprete de \u00ab<strong>Ay mujer<\/strong>\u00bb tambi\u00e9n ha recibido cr\u00edticas y ha sido inspiraci\u00f3n para decenas de memes, e incluso, para una nueva parodia de&nbsp;<strong>Raymond Pozo<\/strong>&nbsp;debido a su cambio de imagen.&nbsp;<\/p>\n\n\n\n<p id=\"m59647-59646-59648\">Aunque para algunos usuarios de redes sociales el m\u00fasico de 58 a\u00f1os luce rejuvenecido, otros destacaron que su piel est\u00e1 m\u00e1s clara que hace 12 meses atr\u00e1s, adem\u00e1s de que lo acusan de exagerar al te\u00f1irse el cabello para cubrir sus canas.&nbsp;<\/p>\n\n\n\n<p id=\"m59652-59651-59653\">\u00abEl maquillador, trabaja en la funeraria blandino\u00bb, \u00abUna fusi\u00f3n entre&nbsp;<strong>Sammy Sosa<\/strong>,<strong>&nbsp;Omega el fuerte&nbsp;<\/strong>y Mojo Jojo\u00bb, \u00ab<strong>Esas cremas est\u00e1n acabando con el pa\u00eds<\/strong>\u00ab, \u00abPero le pusieron el tinte por el camino fue\u00bb, \u00abEl vampiro de la bachata, el mejor\u00bb, \u00abSi llueve hay problema\u00bb, se lee entre los comentarios.<\/p>\n\n\n\n<p id=\"m59657-59656-59658\">Ante estos ataques, la acordeonista&nbsp;<strong>Fefita La Grande<\/strong>&nbsp;sali\u00f3 en defensa de su colega y compa\u00f1ero del&nbsp;g\u00e9nero tropical.<\/p>\n\n\n\n<p id=\"m59662-59661-59663\">\u00abMe siento muy indignada con todo los meme que le est\u00e1n haciendo al Mayimbe. As\u00ed no, pero bueno tiene m\u00e1s memes que yo en dos d\u00edas. \u00a1Sant\u00edsimo, esto es una cosa! \u00a1Santo!\u00bb, escribi\u00f3 la merenguera t\u00edpica en su cuenta de Instagram.&nbsp;<\/p>\n\n\n\n<p id=\"m59672-59671-59673\"><strong>Anthony Santos<\/strong>&nbsp;llevaba un a\u00f1o alejado de los escenarios.&nbsp;<\/p>\n\n\n\n<p id=\"m59677-59676-59678\">En abril, Santos suspendi\u00f3 el concierto que ofrecer\u00eda el 3 de mayo en Las Matas de Santa Cruz despu\u00e9s del colapso del techo de la discoteca&nbsp;<strong>Jet Set<\/strong>, donde&nbsp;murieron 236 personas, incluyendo al artista&nbsp;<strong>Rubby P\u00e9rez<\/strong>.&nbsp;<\/p>\n","protected":false},"excerpt":{"rendered":"<p>Luego de haberse presentado en enero de 2025 en esa provincia, el legendario bachatero regres\u00f3<\/p>\n","protected":false},"author":1,"featured_media":22540,"comment_status":"open","ping_status":"open","sticky":false,"template":"","format":"standard","meta":{"footnotes":""},"categories":[11],"tags":[],"class_list":["post-22539","post","type-post","status-publish","format-standard","has-post-thumbnail","hentry","category-entretenimiento"],"_links":{"self":[{"href":"https:\/\/samantharadionline.com\/index.php\/wp-json\/wp\/v2\/posts\/22539","targetHints":{"allow":["GET"]}}],"collection":[{"href":"https:\/\/samantharadionline.com\/index.php\/wp-json\/wp\/v2\/posts"}],"about":[{"href":"https:\/\/samantharadionline.com\/index.php\/wp-json\/wp\/v2\/types\/post"}],"author":[{"embeddable":true,"href":"https:\/\/samantharadionline.com\/index.php\/wp-json\/wp\/v2\/users\/1"}],"replies":[{"embeddable":true,"href":"https:\/\/samantharadionline.com\/index.php\/wp-json\/wp\/v2\/comments?post=22539"}],"version-history":[{"count":1,"href":"https:\/\/samantharadionline.com\/index.php\/wp-json\/wp\/v2\/posts\/22539\/revisions"}],"predecessor-version":[{"id":22541,"href":"https:\/\/samantharadionline.com\/index.php\/wp-json\/wp\/v2\/posts\/22539\/revisions\/22541"}],"wp:featuredmedia":[{"embeddable":true,"href":"https:\/\/samantharadionline.com\/index.php\/wp-json\/wp\/v2\/media\/22540"}],"wp:attachment":[{"href":"https:\/\/samantharadionline.com\/index.php\/wp-json\/wp\/v2\/media?parent=22539"}],"wp:term":[{"taxonomy":"category","embeddable":true,"href":"https:\/\/samantharadionline.com\/index.php\/wp-json\/wp\/v2\/categories?post=22539"},{"taxonomy":"post_tag","embeddable":true,"href":"https:\/\/samantharadionline.com\/index.php\/wp-json\/wp\/v2\/tags?post=22539"}],"curies":[{"name":"wp","href":"https:\/\/api.w.org\/{rel}","templated":true}]}}