{"id":22535,"date":"2026-01-20T09:37:35","date_gmt":"2026-01-20T13:37:35","guid":{"rendered":"https:\/\/samantharadionline.com\/?p=22535"},"modified":"2026-01-20T09:37:35","modified_gmt":"2026-01-20T13:37:35","slug":"europa-evalua-sus-opciones-ante-las-amenazas-de-trump","status":"publish","type":"post","link":"https:\/\/samantharadionline.com\/index.php\/2026\/01\/20\/europa-evalua-sus-opciones-ante-las-amenazas-de-trump\/","title":{"rendered":"Europa eval\u00faa sus opciones ante las amenazas de Trump"},"content":{"rendered":"\n<p class=\"has-medium-font-size\"><em>Trump declar\u00f3 el s\u00e1bado que impondr\u00eda un impuesto de importaci\u00f3n del 10% a partir de febrero sobre bienes de ocho naciones europeas debido a su oposici\u00f3n al control estadounidense de Groenlandia<\/em><\/p>\n\n\n\n<figure class=\"wp-block-image\"><img decoding=\"async\" src=\"https:\/\/listindiario.com\/files\/image_60_60\/uploads\/2023\/05\/23\/646ccfb2f0e7e.jpeg\" alt=\"Avatar del Agencia AP\"\/><\/figure>\n\n\n\n<p><strong><em>\u00a0<\/em>Agencia AP, Bruselas, B\u00e9lgica<\/strong><\/p>\n\n\n\n<p id=\"m11853-11852-11854\">Las amenazas del presidente estadounidense Donald Trump sobre Groenlandia han desatado indignaci\u00f3n y una oleada de actividad diplom\u00e1tica en toda Europa, mientras los l\u00edderes consideran posibles contramedidas, incluyendo aranceles de represalia y el uso por primera vez del instrumento anti-coerci\u00f3n de la Uni\u00f3n Europea.<\/p>\n\n\n\n<p id=\"m11858-11857-11859\">Trump declar\u00f3 el s\u00e1bado que impondr\u00eda un impuesto de importaci\u00f3n del 10% a partir de febrero sobre bienes de ocho naciones europeas debido a su oposici\u00f3n al control estadounidense de Groenlandia.<\/p>\n\n\n\n<p id=\"m11863-11862-11864\">Dinamarca, Noruega, Suecia, Francia, Alemania, el Reino Unido, Holanda y Finlandia enfrentar\u00edan el arancel, dijo Trump en una publicaci\u00f3n en redes sociales mientras estaba en su club de golf en West Palm Beach, Florida. La tasa aumentar\u00e1 al 25% el 1 de junio si no se llega a un acuerdo para \u201cla compra Completa y Total de Groenlandia\u201d por parte de Estados Unidos, escribi\u00f3 en redes sociales.<\/p>\n\n\n\n<p id=\"m11868-11867-11869\">L\u00edderes europeos desde Dubl\u00edn hasta Helsinki condenaron r\u00e1pidamente el anuncio como coerci\u00f3n econ\u00f3mica y enviaron representantes a Bruselas el domingo para una reuni\u00f3n de emergencia.<\/p>\n\n\n\n<p id=\"m11873-11872-11874\">Si la diplomacia falla, han se\u00f1alado una nueva disposici\u00f3n para ejercer el poder econ\u00f3mico de la Uni\u00f3n Europea de 27 naciones.<\/p>\n\n\n\n<p id=\"m11878-11877-11879\">\u201cNuestra prioridad es el di\u00e1logo, no escalar. A veces, la forma m\u00e1s responsable de liderazgo es la moderaci\u00f3n\u201d, indic\u00f3 el lunes el portavoz de la Comisi\u00f3n Europea, Olof Gill. \u201cLa UE tiene herramientas a su disposici\u00f3n y est\u00e1 preparada para responder si se imponen los aranceles amenazados\u201d.<\/p>\n\n\n\n<p id=\"m11883-11882-11884\">El valor del comercio de bienes y servicios entre la UE y Estados Unidos ascendi\u00f3 a 1,7 billones de euros (2 billones de d\u00f3lares) en 2024, o un promedio de 4.600 millones de euros al d\u00eda, seg\u00fan la agencia de estad\u00edsticas de la UE, Eurostat.<\/p>\n\n\n\n<p id=\"m11888-11887-11889\"><strong>\u00bfQu\u00e9 sigue para la UE?<\/strong><\/p>\n\n\n\n<p id=\"m11893-11892-11894\">Trump, la presidenta de la Comisi\u00f3n Europea Ursula von der Leyen, y otros l\u00edderes mundiales est\u00e1n viajando ahora a Davos para el Foro Econ\u00f3mico Mundial anual. A\u00fan no hay reuniones programadas entre los l\u00edderes europeos y Trump.<\/p>\n\n\n\n<p id=\"m11898-11897-11899\">Despu\u00e9s de Davos, los 27 l\u00edderes de la UE se reunir\u00e1n en Bruselas el jueves por la noche para una reuni\u00f3n de emergencia sobre las relaciones transatl\u00e1nticas.<\/p>\n\n\n\n<p id=\"m11903-11902-11904\">El presidente del Consejo Europeo, Ant\u00f3nio Costa, se\u00f1al\u00f3 que los l\u00edderes de la UE coinciden en que \u201clos aranceles socavar\u00edan las relaciones transatl\u00e1nticas y son incompatibles con el acuerdo comercial UE-Estados Unidos\u201d.<\/p>\n\n\n\n<p id=\"m11908-11907-11909\">Los l\u00edderes expresaron su \u201cdisposici\u00f3n a defendernos contra cualquier forma de coerci\u00f3n\u201d.<\/p>\n\n\n\n<p id=\"m11913-11912-11914\">El secretario del Tesoro de Estados Unidos, Scott Bessent, hablando el lunes con periodistas en Davos, Suiza, sugiri\u00f3 que los funcionarios de la UE hab\u00edan estado contactando a la administraci\u00f3n tras la amenaza de Trump, diciendo que \u201cevidentemente hay muchas entradas\u201d.<\/p>\n\n\n\n<p id=\"m11918-11917-11919\">Preguntado sobre la posibilidad de medidas de represalia por parte del bloque europeo, Bessent respondi\u00f3: \u201cCreo que ser\u00eda muy imprudente\u201d.<\/p>\n\n\n\n<p id=\"m11923-11922-11924\"><strong>\u00bfQu\u00e9 opciones est\u00e1n sobre la mesa?<\/strong><\/p>\n\n\n\n<p id=\"m11928-11927-11929\">Europa tiene muchas herramientas a su disposici\u00f3n, pero un camino complicado por delante, explic\u00f3 Penny Naas, vicepresidenta senior del German Marshall Fund, un grupo de expertos con sede en Washington.<\/p>\n\n\n\n<p id=\"m11933-11932-11934\">\u201cEs dif\u00edcil para los europeos encontrar ese espacio donde puedan demostrar fuerza sin incurrir en represalias significativas. Y mientras no est\u00e9n dispuestos a aceptar represalias, tendr\u00e1n problemas para proyectar fuerza\u201d, dijo.<\/p>\n\n\n\n<p id=\"m11938-11937-11939\">La UE tiene tres herramientas econ\u00f3micas principales que podr\u00eda usar para presionar a Washington: nuevos aranceles, suspensi\u00f3n del acuerdo comercial con Estados Unidos y la llamada \u201cbazuca\u201d, el t\u00e9rmino no oficial para el Instrumento Anti-Coerci\u00f3n del bloque que podr\u00eda sancionar a individuos o instituciones que est\u00e9n ejerciendo presi\u00f3n indebida sobre la UE.<\/p>\n\n\n\n<p id=\"m11943-11942-11944\">La UE y Estados Unidos acordaron en junio un marco para un acuerdo comercial. Iba a ser ratificado por el Parlamento Europeo esta semana, pero el s\u00e1bado, el l\u00edder del grupo m\u00e1s grande en el Parlamento, el legislador alem\u00e1n de centro-derecha Manfred Weber, sostuvo que la aprobaci\u00f3n \u201cno es posible en estos momentos\u201d.<\/p>\n\n\n\n<p id=\"m11948-11947-11949\">La UE tambi\u00e9n podr\u00eda imponer aranceles sobre bienes estadounidenses por valor de 93,000 millones de euros (108,000 millones de d\u00f3lares) que suspendi\u00f3 despu\u00e9s del acuerdo de julio. Sin embargo, el portavoz de la comisi\u00f3n, Gill, sostuvo que a menos que esa suspensi\u00f3n se extienda, esos aranceles entrar\u00edan en vigor el 7 de febrero si Estados Unidos sigue adelante con su amenaza de aranceles.<\/p>\n\n\n\n<p id=\"m11953-11952-11954\">El ministro de Finanzas de Irlanda, Simon Harris, advirti\u00f3 contra la escalada de tensiones que podr\u00eda arruinar ese acuerdo tan dif\u00edcil de alcanzar.<\/p>\n\n\n\n<p id=\"m11958-11957-11959\">\u201cEste es un momento para mantener la calma\u201d, apunt\u00f3 antes de una reuni\u00f3n de los ministros de finanzas de la UE en Bruselas.<\/p>\n\n\n\n<p id=\"m11963-11962-11964\">\u201cHemos trabajado muy duro a nivel de la UE para tener un acuerdo comercial en vigor con Estados Unidos, un acuerdo comercial que garantizar\u00e1 que la actividad econ\u00f3mica pueda seguir fluyendo a trav\u00e9s del Atl\u00e1ntico, un acuerdo comercial que es bueno para Estados Unidos, bueno para Europa, bueno para Irlanda. Cualquier cosa que ahora se aleje de eso, o se desv\u00ede de eso, podr\u00eda tener consecuencias potencialmente muy, muy significativas\u201d.<\/p>\n\n\n\n<p id=\"m11968-11967-11969\">Las mayores exportaciones de Europa a Estados Unidos son productos farmac\u00e9uticos, autom\u00f3viles, aviones, productos qu\u00edmicos, instrumentos m\u00e9dicos y vinos y licores.<\/p>\n\n\n\n<h3 class=\"wp-block-heading\">instrumento anti-coerci\u00f3n<\/h3>\n\n\n\n<p id=\"m11973-11972-11974\">En 2021, la Comisi\u00f3n Europea estableci\u00f3 el Instrumento Anti-Coerci\u00f3n despu\u00e9s de que Beijing restringiera el comercio con Lituania, que ha establecido lazos con Taiw\u00e1n, reclamado por China como su territorio.<\/p>\n\n\n\n<p id=\"m11978-11977-11979\">\u201cEl objetivo principal del Instrumento Anti-Coerci\u00f3n es la disuasi\u00f3n. Por lo tanto, el instrumento tendr\u00e1 m\u00e1s \u00e9xito si no hay necesidad de usarlo\u201d, seg\u00fan un comunicado de la comisi\u00f3n.<\/p>\n\n\n\n<p id=\"m11983-11982-11984\">Hay una negativa generalizada a usar el instrumento en las capitales europeas por temor a que escale las cosas, pero Francia y Alemania, los dos gigantes econ\u00f3micos del bloque, han se\u00f1alado su apoyo.<\/p>\n\n\n\n<p id=\"m11988-11987-11989\">\u201cLas amenazas de aranceles son inaceptables y no tienen lugar en este contexto\u201d, asegur\u00f3 el presidente franc\u00e9s Emmanuel Macron en una publicaci\u00f3n en redes sociales. \u201cLos europeos responder\u00e1n de manera unida y coordinada si se confirman. Nos aseguraremos de que se mantenga la soberan\u00eda europea\u201d.<\/p>\n\n\n\n<p id=\"m11993-11992-11994\">Indirectamente, la UE ha buscado mudar sus econom\u00edas de Estados Unidos a otras partes del mundo.<\/p>\n\n\n\n<p id=\"m11998-11997-11999\">Bruselas firm\u00f3 un gran acuerdo comercial la semana pasada con las cinco naciones del Mercosur, as\u00ed como acuerdos separados con Indonesia y Jap\u00f3n. Los funcionarios de la UE est\u00e1n trabajando en acuerdos de libre comercio similares con los Emiratos \u00c1rabes Unidos e India, donde von der Leyen estar\u00e1 a finales de enero para finalizar las negociaciones.<\/p>\n\n\n\n<p id=\"m12003-12002-12004\">Gill, el portavoz de la comisi\u00f3n, asever\u00f3 que el acuerdo con India cubrir\u00eda a casi 2.000 millones de personas, y junto con el acuerdo del Mercosur, proporciona una clara victoria para la UE tras el caos econ\u00f3mico global desatado por la segunda administraci\u00f3n de Trump.<\/p>\n\n\n\n<p id=\"m12008-12007-12009\">\u201cPodemos ver muy claramente que el liderazgo responsable y maduro en el escenario global est\u00e1 dando sus frutos en t\u00e9rminos de la agenda comercial de la UE, en t\u00e9rminos de nuestros esfuerzos por diversificar nuestros socios comerciales y darnos el m\u00e1ximo potencial econ\u00f3mico de nuestras asociaciones en todo el mundo\u201d, manifest\u00f3.<\/p>\n","protected":false},"excerpt":{"rendered":"<p>Trump declar\u00f3 el s\u00e1bado que impondr\u00eda un impuesto de importaci\u00f3n del 10% a partir de<\/p>\n","protected":false},"author":1,"featured_media":0,"comment_status":"open","ping_status":"open","sticky":false,"template":"","format":"standard","meta":{"footnotes":""},"categories":[4],"tags":[],"class_list":["post-22535","post","type-post","status-publish","format-standard","hentry","category-mundiales"],"_links":{"self":[{"href":"https:\/\/samantharadionline.com\/index.php\/wp-json\/wp\/v2\/posts\/22535","targetHints":{"allow":["GET"]}}],"collection":[{"href":"https:\/\/samantharadionline.com\/index.php\/wp-json\/wp\/v2\/posts"}],"about":[{"href":"https:\/\/samantharadionline.com\/index.php\/wp-json\/wp\/v2\/types\/post"}],"author":[{"embeddable":true,"href":"https:\/\/samantharadionline.com\/index.php\/wp-json\/wp\/v2\/users\/1"}],"replies":[{"embeddable":true,"href":"https:\/\/samantharadionline.com\/index.php\/wp-json\/wp\/v2\/comments?post=22535"}],"version-history":[{"count":1,"href":"https:\/\/samantharadionline.com\/index.php\/wp-json\/wp\/v2\/posts\/22535\/revisions"}],"predecessor-version":[{"id":22536,"href":"https:\/\/samantharadionline.com\/index.php\/wp-json\/wp\/v2\/posts\/22535\/revisions\/22536"}],"wp:attachment":[{"href":"https:\/\/samantharadionline.com\/index.php\/wp-json\/wp\/v2\/media?parent=22535"}],"wp:term":[{"taxonomy":"category","embeddable":true,"href":"https:\/\/samantharadionline.com\/index.php\/wp-json\/wp\/v2\/categories?post=22535"},{"taxonomy":"post_tag","embeddable":true,"href":"https:\/\/samantharadionline.com\/index.php\/wp-json\/wp\/v2\/tags?post=22535"}],"curies":[{"name":"wp","href":"https:\/\/api.w.org\/{rel}","templated":true}]}}