{"id":22533,"date":"2026-01-20T09:35:25","date_gmt":"2026-01-20T13:35:25","guid":{"rendered":"https:\/\/samantharadionline.com\/?p=22533"},"modified":"2026-01-20T09:35:26","modified_gmt":"2026-01-20T13:35:26","slug":"aviones-de-ee-uu-operan-despliegue-logistico-coordinado","status":"publish","type":"post","link":"https:\/\/samantharadionline.com\/index.php\/2026\/01\/20\/aviones-de-ee-uu-operan-despliegue-logistico-coordinado\/","title":{"rendered":"Aviones de EE UU operan despliegue log\u00edstico coordinado"},"content":{"rendered":"\n<p class=\"has-medium-font-size\"><em>Como parte del despliegue, soldados estadounidenses se encuentran concentrados en un campamento habilitado en el \u00e1rea cercana a la pista 17-35 del AILA<\/em><\/p>\n\n\n\n<figure class=\"wp-block-image\"><img decoding=\"async\" src=\"https:\/\/listindiario.com\/files\/image_60_60\/uploads\/2023\/05\/16\/64638e498cf04.jpeg\" alt=\"Avatar del Rafael Castro\"\/><\/figure>\n\n\n\n<p><strong><em>\u00a0<\/em>Rafael Castro, Santo Domingo, RD\u00a0<\/strong><\/p>\n\n\n\n<p id=\"m65901-65900-65902\">Al menos diez&nbsp;<strong>aeronaves militares<\/strong>&nbsp;de las Fuerzas Armadas de los Estados Unidos mantienen operaciones regulares desde el Aeropuerto Internacional de Las Am\u00e9ricas (AILA), Jos\u00e9 Francisco Pe\u00f1a G\u00f3mez, como parte de un despliegue log\u00edstico y de apoyo que se ejecuta en coordinaci\u00f3n con las autoridades dominicanas.<\/p>\n\n\n\n<p id=\"m65906-65905-65907\">Las operaciones, activas desde el pasado 8 de diciembre de 2025, incluyen entre tres y cuatro vuelos diarios desde la terminal dominicana hacia territorio estadounidense, principalmente con destino a Miami.<\/p>\n\n\n\n<p id=\"m65911-65910-65912\">De acuerdo con los detalles ofrecidos, las misiones est\u00e1n enfocadas en el traslado de cargas y materiales log\u00edsticos vinculados a tareas de apoyo estrat\u00e9gico.<\/p>\n\n\n\n<p id=\"m65916-65915-65917\">\u201cNosotros vemos movimientos de aeronaves&nbsp;<strong>todos los d\u00edas,<\/strong>&nbsp;de las que est\u00e1n estacionadas aqu\u00ed en la terminal aeroportuaria\u201d, expres\u00f3 una fuente aeroportuaria que solicit\u00f3 mantener su identidad en reserva, al confirmar la regularidad del flujo a\u00e9reo militar.<\/p>\n\n\n\n<p id=\"m65921-65920-65922\">Como parte del despliegue, soldados estadounidenses se encuentran concentrados en un campamento habilitado en el \u00e1rea cercana a la pista 17-35 del AILA.<\/p>\n\n\n\n<p id=\"m65926-65925-65927\">En ese espacio tambi\u00e9n se observan equipos, veh\u00edculos y unidades de apoyo terrestre&nbsp;<strong>transportados por las propias aeronaves<\/strong>, adem\u00e1s de suministros y personal dedicado a labores de vigilancia y log\u00edstica.<\/p>\n\n\n\n<p id=\"m65931-65930-65932\">Pese a la presencia militar, las operaciones a\u00e9reas comerciales del AILA contin\u00faan desarroll\u00e1ndose con normalidad, bajo estrictos protocolos de seguridad.<\/p>\n\n\n\n<p id=\"m65936-65935-65937\">Oficiales y agentes del Cuerpo Especializado de Seguridad Aeroportuaria y de la Aviaci\u00f3n Civil (Cesac) trabajan de manera coordinada en la supervisi\u00f3n y control de los vuelos, garantizando que el movimiento regular de pasajeros y cargas no se vea afectado.<\/p>\n\n\n\n<h3 class=\"wp-block-heading\">Base A\u00e9rea de San Isidro<\/h3>\n\n\n\n<p id=\"m65941-65940-65942\">En contraste, una fuente indic\u00f3 que en la Base A\u00e9rea de San Isidro ya cesaron las operaciones de aeronaves militares estadounidenses. Seg\u00fan explic\u00f3, los aviones solo utilizaron esa instalaci\u00f3n por unos d\u00edas<strong>&nbsp;para traslados puntuales de carga&nbsp;<\/strong>y actualmente no permanece ninguna aeronave de ese tipo en la base.<\/p>\n\n\n\n<p id=\"m65946-65945-65947\">La misma fuente se\u00f1al\u00f3 que versiones difundidas en redes sociales sobre una presencia militar permanente en San Isidro carecen de veracidad y responden a informaciones mal interpretadas.<\/p>\n\n\n\n<p id=\"m65951-65950-65952\">Las autoridades aeroportuarias reiteraron que el despliegue en el AILA no ha alterado la programaci\u00f3n regular de vuelos, gracias a medidas de coordinaci\u00f3n interinstitucional dise\u00f1adas para evitar retrasos o inconvenientes operativos.<\/p>\n\n\n\n<p id=\"m65956-65955-65957\">Asimismo, indicaron que, una vez concluyan las operaciones anunciadas por el Poder Ejecutivo, el personal y los equipos desplegados ser\u00e1n&nbsp;<strong>reubicados conforme a los planes establecidos<\/strong>.<\/p>\n\n\n\n<p id=\"m65961-65960-65962\">De acuerdo con informaciones oficiales, la presencia de estas aeronaves responde a prioridades del Departamento de Defensa de Estados Unidos, alineadas con directrices presidenciales orientadas a interrumpir el tr\u00e1fico il\u00edcito de drogas y reforzar la protecci\u00f3n del territorio estadounidense<\/p>\n","protected":false},"excerpt":{"rendered":"<p>Como parte del despliegue, soldados estadounidenses se encuentran concentrados en un campamento habilitado en el<\/p>\n","protected":false},"author":1,"featured_media":0,"comment_status":"open","ping_status":"open","sticky":false,"template":"","format":"standard","meta":{"footnotes":""},"categories":[12],"tags":[],"class_list":["post-22533","post","type-post","status-publish","format-standard","hentry","category-nacionales"],"_links":{"self":[{"href":"https:\/\/samantharadionline.com\/index.php\/wp-json\/wp\/v2\/posts\/22533","targetHints":{"allow":["GET"]}}],"collection":[{"href":"https:\/\/samantharadionline.com\/index.php\/wp-json\/wp\/v2\/posts"}],"about":[{"href":"https:\/\/samantharadionline.com\/index.php\/wp-json\/wp\/v2\/types\/post"}],"author":[{"embeddable":true,"href":"https:\/\/samantharadionline.com\/index.php\/wp-json\/wp\/v2\/users\/1"}],"replies":[{"embeddable":true,"href":"https:\/\/samantharadionline.com\/index.php\/wp-json\/wp\/v2\/comments?post=22533"}],"version-history":[{"count":1,"href":"https:\/\/samantharadionline.com\/index.php\/wp-json\/wp\/v2\/posts\/22533\/revisions"}],"predecessor-version":[{"id":22534,"href":"https:\/\/samantharadionline.com\/index.php\/wp-json\/wp\/v2\/posts\/22533\/revisions\/22534"}],"wp:attachment":[{"href":"https:\/\/samantharadionline.com\/index.php\/wp-json\/wp\/v2\/media?parent=22533"}],"wp:term":[{"taxonomy":"category","embeddable":true,"href":"https:\/\/samantharadionline.com\/index.php\/wp-json\/wp\/v2\/categories?post=22533"},{"taxonomy":"post_tag","embeddable":true,"href":"https:\/\/samantharadionline.com\/index.php\/wp-json\/wp\/v2\/tags?post=22533"}],"curies":[{"name":"wp","href":"https:\/\/api.w.org\/{rel}","templated":true}]}}