{"id":22526,"date":"2026-01-20T09:29:21","date_gmt":"2026-01-20T13:29:21","guid":{"rendered":"https:\/\/samantharadionline.com\/?p=22526"},"modified":"2026-01-20T09:29:21","modified_gmt":"2026-01-20T13:29:21","slug":"trasladan-a-ramon-alburquerque-al-centro-medico-para-continuar-tratamiento","status":"publish","type":"post","link":"https:\/\/samantharadionline.com\/index.php\/2026\/01\/20\/trasladan-a-ramon-alburquerque-al-centro-medico-para-continuar-tratamiento\/","title":{"rendered":"Trasladan a Ram\u00f3n Alburquerque al centro m\u00e9dico para continuar tratamiento"},"content":{"rendered":"\n<p class=\"has-medium-font-size\"><em>El ingeniero en qu\u00edmica nuclear arrib\u00f3 al pa\u00eds a bordo de un avi\u00f3n ambulancia, que aterriz\u00f3 a las 7:23 de la noche en la terminal Doctor Joaqu\u00edn Balaguer (El Hig\u00fcero)<\/em><\/p>\n\n\n\n<figure class=\"wp-block-image\"><img decoding=\"async\" src=\"https:\/\/listindiario.com\/files\/image_60_60\/uploads\/2023\/05\/16\/64638e498cf04.jpeg\" alt=\"Avatar del Rafael Castro\"\/><\/figure>\n\n\n\n<p><strong><em>\u00a0<\/em>Rafael Castro, Santo Domingo, RD<\/strong><\/p>\n\n\n\n<p id=\"m70281-70280-70282\">El dirigente perreme\u00edsta y expresidente del Senado de la Rep\u00fablica, Ram\u00f3n Alburquerque,&nbsp;<strong>lleg\u00f3 la noche de este lunes<\/strong>&nbsp;a la Rep\u00fablica Dominicana, tras ser trasladado desde los Estados Unidos para continuar su tratamiento m\u00e9dico.<\/p>\n\n\n\n<p id=\"m70286-70285-70287\">El ingeniero en qu\u00edmica nuclear arrib\u00f3 al pa\u00eds a&nbsp;<strong>bordo de un avi\u00f3n ambulancia<\/strong>, que aterriz\u00f3 a las 7:23 de la noche en la terminal Doctor Joaqu\u00edn Balaguer (El Hig\u00fcero).<\/p>\n\n\n\n<p id=\"m70291-70290-70292\">A su llegada, fue recibido por familiares y personas cercanas, y de inmediato trasladado al Centro de Diagn\u00f3stico y Medicina Avanzada y Telemedicina&nbsp;<strong>(Cedimat)<\/strong>, ubicado en la Plaza de la Salud, en Santo Domingo.<\/p>\n","protected":false},"excerpt":{"rendered":"<p>El ingeniero en qu\u00edmica nuclear arrib\u00f3 al pa\u00eds a bordo de un avi\u00f3n ambulancia, que<\/p>\n","protected":false},"author":1,"featured_media":22527,"comment_status":"open","ping_status":"open","sticky":false,"template":"","format":"standard","meta":{"footnotes":""},"categories":[12],"tags":[],"class_list":["post-22526","post","type-post","status-publish","format-standard","has-post-thumbnail","hentry","category-nacionales"],"_links":{"self":[{"href":"https:\/\/samantharadionline.com\/index.php\/wp-json\/wp\/v2\/posts\/22526","targetHints":{"allow":["GET"]}}],"collection":[{"href":"https:\/\/samantharadionline.com\/index.php\/wp-json\/wp\/v2\/posts"}],"about":[{"href":"https:\/\/samantharadionline.com\/index.php\/wp-json\/wp\/v2\/types\/post"}],"author":[{"embeddable":true,"href":"https:\/\/samantharadionline.com\/index.php\/wp-json\/wp\/v2\/users\/1"}],"replies":[{"embeddable":true,"href":"https:\/\/samantharadionline.com\/index.php\/wp-json\/wp\/v2\/comments?post=22526"}],"version-history":[{"count":1,"href":"https:\/\/samantharadionline.com\/index.php\/wp-json\/wp\/v2\/posts\/22526\/revisions"}],"predecessor-version":[{"id":22528,"href":"https:\/\/samantharadionline.com\/index.php\/wp-json\/wp\/v2\/posts\/22526\/revisions\/22528"}],"wp:featuredmedia":[{"embeddable":true,"href":"https:\/\/samantharadionline.com\/index.php\/wp-json\/wp\/v2\/media\/22527"}],"wp:attachment":[{"href":"https:\/\/samantharadionline.com\/index.php\/wp-json\/wp\/v2\/media?parent=22526"}],"wp:term":[{"taxonomy":"category","embeddable":true,"href":"https:\/\/samantharadionline.com\/index.php\/wp-json\/wp\/v2\/categories?post=22526"},{"taxonomy":"post_tag","embeddable":true,"href":"https:\/\/samantharadionline.com\/index.php\/wp-json\/wp\/v2\/tags?post=22526"}],"curies":[{"name":"wp","href":"https:\/\/api.w.org\/{rel}","templated":true}]}}