{"id":22524,"date":"2026-01-20T09:26:27","date_gmt":"2026-01-20T13:26:27","guid":{"rendered":"https:\/\/samantharadionline.com\/?p=22524"},"modified":"2026-01-20T09:30:20","modified_gmt":"2026-01-20T13:30:20","slug":"manuel-rivas-el-fallecido-exdirector-de-omsa-vinculado-a-la-muerte-de-yuniol-ramirez","status":"publish","type":"post","link":"https:\/\/samantharadionline.com\/index.php\/2026\/01\/20\/manuel-rivas-el-fallecido-exdirector-de-omsa-vinculado-a-la-muerte-de-yuniol-ramirez\/","title":{"rendered":"Manuel Rivas, el fallecido exdirector de OMSA vinculado a la muerte de Yuniol Ram\u00edrez"},"content":{"rendered":"\n<p class=\"has-medium-font-size\"><em>Oriundo de la comunidad de Postrer R\u00edo al sur del pa\u00eds, fue un exfuncionario y dirigente del Partido de la Liberaci\u00f3n Dominicana (PLD)<\/em><\/p>\n\n\n\n<figure class=\"wp-block-image\"><img decoding=\"async\" src=\"https:\/\/listindiario.com\/files\/image_60_60\/uploads\/2023\/05\/16\/646390bd19a47.jpeg\" alt=\"Avatar del Saulo Mota Telem\u00edn\"\/><\/figure>\n\n\n\n<p><strong><em>\u00a0<\/em>Saulo Mota Telem\u00edn, Santo Domingo, RD<\/strong><\/p>\n\n\n\n<p id=\"m26120-26119-26121\">El exdirector de la&nbsp;<strong>Oficina Metropolitana de Servicios de Autobuses<\/strong>&nbsp;(<strong>OMSA<\/strong>),&nbsp;<strong>Manuel Rivas<\/strong>, falleci\u00f3 este lunes, de causas a\u00fan no reveladas.<\/p>\n\n\n\n<p id=\"m26125-26124-26126\">Rivas, oriundo de la comunidad de Postrer R\u00edo al sur del pa\u00eds, fue un exfuncionario y dirigente del Partido de la Liberaci\u00f3n Dominicana (PLD).<\/p>\n\n\n\n<p id=\"m26130-26129-26131\">Fue&nbsp;presidente del&nbsp;<strong>Partido de la Liberaci\u00f3n Dominicana<\/strong>&nbsp;(<strong>PLD<\/strong>) en Santo Domingo Oeste y, en esa demarcaci\u00f3n, aspir\u00f3 en m\u00e1s de una ocasi\u00f3n para ser alcalde.<\/p>\n\n\n\n<p id=\"m26135-26134-26136\">Intent\u00f3 ser candidato del partido morado en Santo Domingo en las elecciones de 2010, pero perdi\u00f3 la elecci\u00f3n interna ante Jos\u00e9 Andujar.<\/p>\n\n\n\n<p id=\"m26140-26139-26141\">Luego, Rivas prob\u00f3 otra vez en 2016, pero en esa ocasi\u00f3n vio sus intenciones frustradas por el acuerdo de su organizaci\u00f3n pol\u00edtica con el Partido Revolucionario Dominicano (PRD).<\/p>\n\n\n\n<p id=\"m26145-26144-26146\">Tambi\u00e9n fue miembro del Comit\u00e9 Central del PLD.<\/p>\n\n\n\n<p id=\"m26150-26149-26151\">En 2016 dirigi\u00f3 el movimiento Unidos Todos, en apoyo a la reelecci\u00f3n del entonces presidente<strong>&nbsp;Danilo Medina<\/strong>.<\/p>\n\n\n\n<p><strong>Lea tambi\u00e9n<\/strong><\/p>\n\n\n\n<h3 class=\"wp-block-heading\">EDUCACI\u00d3N<\/h3>\n\n\n\n<p id=\"m26160-26159-26161\">Fue profesor de F\u00edsica y Matem\u00e1ticas de manera voluntaria en 1973, en un liceo de su comunidad.<\/p>\n\n\n\n<p id=\"m26165-26164-26166\">En diciembre de 1974 ingres\u00f3 en la Universidad Aut\u00f3noma de Santo Domingo (UASD), a cursar la carrera de Ingenier\u00eda Civil, gradu\u00e1ndose en 1982.&nbsp;<\/p>\n\n\n\n<p id=\"m26170-26169-26171\">Durante sus estudios fue monitor de C\u00e1tedra de Topograf\u00eda y de F\u00edsica de la Facultad de Ingenier\u00eda de la UASD.<\/p>\n\n\n\n<h3 class=\"wp-block-heading\">OMSA y vinculaci\u00f3n a muerte de yuniol<\/h3>\n\n\n\n<p id=\"m26175-26174-26176\">Medina, a trav\u00e9s del&nbsp;<strong>decreto&nbsp;No. 461-12<\/strong>, nombr\u00f3 a Rivas en agosto de 2012 como director de la OMSA, cargo que mantuvo por cinco a\u00f1os, hasta su vinculaci\u00f3n con la muerte del catedr\u00e1tico y abogado, Yuniol Ram\u00edrez.<\/p>\n\n\n\n<figure class=\"wp-block-image\" id=\"m26180-26179-26181\"><img decoding=\"async\" src=\"https:\/\/listindiario.com\/files\/vertical_main_image\/uploads\/2022\/09\/09\/6430843a4cb57.jpeg\" alt=\"Exdirector de la Oficina Metropolitana de Servicios de Autobuses (OMSA), Manuel Antonio Rivas. Foto de archivo LD.\"\/><figcaption class=\"wp-element-caption\">Exdirector de la Oficina Metropolitana de Servicios de Autobuses (OMSA), Manuel Antonio Rivas. Foto de archivo LD.<\/figcaption><\/figure>\n\n\n\n<p id=\"m26192-26191-26193\">Por el caso fue enviado a prisi\u00f3n preventiva, condici\u00f3n que posteriormente.<\/p>\n\n\n\n<p id=\"m26197-26196-26198\">Luego, en 2022, fue exonerado de responsabilidad penal por las juezas del Segundo Tribunal Colegiado del Distrito Nacional<\/p>\n","protected":false},"excerpt":{"rendered":"<p>Oriundo de la comunidad de Postrer R\u00edo al sur del pa\u00eds, fue un exfuncionario y<\/p>\n","protected":false},"author":1,"featured_media":22529,"comment_status":"open","ping_status":"open","sticky":false,"template":"","format":"standard","meta":{"footnotes":""},"categories":[12],"tags":[],"class_list":["post-22524","post","type-post","status-publish","format-standard","has-post-thumbnail","hentry","category-nacionales"],"_links":{"self":[{"href":"https:\/\/samantharadionline.com\/index.php\/wp-json\/wp\/v2\/posts\/22524","targetHints":{"allow":["GET"]}}],"collection":[{"href":"https:\/\/samantharadionline.com\/index.php\/wp-json\/wp\/v2\/posts"}],"about":[{"href":"https:\/\/samantharadionline.com\/index.php\/wp-json\/wp\/v2\/types\/post"}],"author":[{"embeddable":true,"href":"https:\/\/samantharadionline.com\/index.php\/wp-json\/wp\/v2\/users\/1"}],"replies":[{"embeddable":true,"href":"https:\/\/samantharadionline.com\/index.php\/wp-json\/wp\/v2\/comments?post=22524"}],"version-history":[{"count":1,"href":"https:\/\/samantharadionline.com\/index.php\/wp-json\/wp\/v2\/posts\/22524\/revisions"}],"predecessor-version":[{"id":22525,"href":"https:\/\/samantharadionline.com\/index.php\/wp-json\/wp\/v2\/posts\/22524\/revisions\/22525"}],"wp:featuredmedia":[{"embeddable":true,"href":"https:\/\/samantharadionline.com\/index.php\/wp-json\/wp\/v2\/media\/22529"}],"wp:attachment":[{"href":"https:\/\/samantharadionline.com\/index.php\/wp-json\/wp\/v2\/media?parent=22524"}],"wp:term":[{"taxonomy":"category","embeddable":true,"href":"https:\/\/samantharadionline.com\/index.php\/wp-json\/wp\/v2\/categories?post=22524"},{"taxonomy":"post_tag","embeddable":true,"href":"https:\/\/samantharadionline.com\/index.php\/wp-json\/wp\/v2\/tags?post=22524"}],"curies":[{"name":"wp","href":"https:\/\/api.w.org\/{rel}","templated":true}]}}