{"id":22085,"date":"2026-01-03T11:39:11","date_gmt":"2026-01-03T15:39:11","guid":{"rendered":"https:\/\/samantharadionline.com\/?p=22085"},"modified":"2026-01-03T11:39:11","modified_gmt":"2026-01-03T15:39:11","slug":"trump-asegura-que-vio-la-detencion-de-maduro-en-directo-y-que-fue-como-un-show-televisivo","status":"publish","type":"post","link":"https:\/\/samantharadionline.com\/index.php\/2026\/01\/03\/trump-asegura-que-vio-la-detencion-de-maduro-en-directo-y-que-fue-como-un-show-televisivo\/","title":{"rendered":"Trump asegura que vio la detenci\u00f3n de Maduro \u00aben directo\u00bb y que fue \u00abcomo un show televisivo\u00bb"},"content":{"rendered":"\n<p class=\"has-medium-font-size\"><em>La operaci\u00f3n fue \u00abmuy bien organizada\u00bb y ning\u00fan estadounidense perdi\u00f3 la vida, agreg\u00f3 el mandatario republicano.<\/em><\/p>\n\n\n\n<figure class=\"wp-block-image\"><img decoding=\"async\" src=\"https:\/\/listindiario.com\/files\/image_60_60\/uploads\/2025\/06\/12\/684b39171bfd7.jpeg\" alt=\"Avatar del Agencia AFP\"\/><\/figure>\n\n\n\n<p><strong><em>\u00a0<\/em>Agencia AFP, West Palm Beach, Estados Unidos<\/strong><\/p>\n\n\n\n<p id=\"m144257-144256-144258\">El presidente estadounidense,&nbsp;<strong>Donald Trump<\/strong>, afirm\u00f3 el s\u00e1bado que hab\u00eda visto \u00aben directo\u00bb la captura del mandatario venezolano&nbsp;<strong>Nicol\u00e1s Maduro<\/strong>&nbsp;y su esposa, una operaci\u00f3n militar que fue \u00abcomo un show televisivo\u00bb.<\/p>\n\n\n\n<p id=\"m144262-144261-144263\">\u00abLa vi literalmente como si hubiera visto un<strong>&nbsp;show televisivo.&nbsp;<\/strong>La vimos en una sala y seguimos todos los aspectos\u00bb, dijo Trump en entrevista con la emisora Fox.<\/p>\n\n\n\n<p id=\"m144267-144266-144268\">La operaci\u00f3n fue \u00abmuy bien organizada\u00bb y ning\u00fan estadounidense perdi\u00f3 la vida, agreg\u00f3 el mandatario republicano.<\/p>\n","protected":false},"excerpt":{"rendered":"<p>La operaci\u00f3n fue \u00abmuy bien organizada\u00bb y ning\u00fan estadounidense perdi\u00f3 la vida, agreg\u00f3 el mandatario<\/p>\n","protected":false},"author":1,"featured_media":22086,"comment_status":"open","ping_status":"open","sticky":false,"template":"","format":"standard","meta":{"footnotes":""},"categories":[4],"tags":[],"class_list":["post-22085","post","type-post","status-publish","format-standard","has-post-thumbnail","hentry","category-mundiales"],"_links":{"self":[{"href":"https:\/\/samantharadionline.com\/index.php\/wp-json\/wp\/v2\/posts\/22085","targetHints":{"allow":["GET"]}}],"collection":[{"href":"https:\/\/samantharadionline.com\/index.php\/wp-json\/wp\/v2\/posts"}],"about":[{"href":"https:\/\/samantharadionline.com\/index.php\/wp-json\/wp\/v2\/types\/post"}],"author":[{"embeddable":true,"href":"https:\/\/samantharadionline.com\/index.php\/wp-json\/wp\/v2\/users\/1"}],"replies":[{"embeddable":true,"href":"https:\/\/samantharadionline.com\/index.php\/wp-json\/wp\/v2\/comments?post=22085"}],"version-history":[{"count":1,"href":"https:\/\/samantharadionline.com\/index.php\/wp-json\/wp\/v2\/posts\/22085\/revisions"}],"predecessor-version":[{"id":22087,"href":"https:\/\/samantharadionline.com\/index.php\/wp-json\/wp\/v2\/posts\/22085\/revisions\/22087"}],"wp:featuredmedia":[{"embeddable":true,"href":"https:\/\/samantharadionline.com\/index.php\/wp-json\/wp\/v2\/media\/22086"}],"wp:attachment":[{"href":"https:\/\/samantharadionline.com\/index.php\/wp-json\/wp\/v2\/media?parent=22085"}],"wp:term":[{"taxonomy":"category","embeddable":true,"href":"https:\/\/samantharadionline.com\/index.php\/wp-json\/wp\/v2\/categories?post=22085"},{"taxonomy":"post_tag","embeddable":true,"href":"https:\/\/samantharadionline.com\/index.php\/wp-json\/wp\/v2\/tags?post=22085"}],"curies":[{"name":"wp","href":"https:\/\/api.w.org\/{rel}","templated":true}]}}