{"id":22079,"date":"2026-01-03T11:34:41","date_gmt":"2026-01-03T15:34:41","guid":{"rendered":"https:\/\/samantharadionline.com\/?p=22079"},"modified":"2026-01-03T11:34:42","modified_gmt":"2026-01-03T15:34:42","slug":"lula-afirma-que-la-captura-de-maduro-por-parte-de-ee-uu-cruza-una-linea-inaceptable","status":"publish","type":"post","link":"https:\/\/samantharadionline.com\/index.php\/2026\/01\/03\/lula-afirma-que-la-captura-de-maduro-por-parte-de-ee-uu-cruza-una-linea-inaceptable\/","title":{"rendered":"Lula afirma que la captura de Maduro por parte de EE.UU. \u00abcruza una l\u00ednea inaceptable\u00bb"},"content":{"rendered":"\n<p class=\"has-medium-font-size\"><em>Presidente de Brasil, Luiz In\u00e1cio Lula da Silva y el presidente de Estados Unidos, Donald Trump.<\/em><\/p>\n\n\n\n<figure class=\"wp-block-image\"><img decoding=\"async\" src=\"https:\/\/listindiario.com\/files\/image_60_60\/uploads\/2023\/05\/23\/646cd02f4f53e.jpeg\" alt=\"Avatar del Agencia EFE\"\/><\/figure>\n\n\n\n<p><strong><em>\u00a0<\/em>Agencia EFE, S\u00e3o Paulo<\/strong><\/p>\n\n\n\n<p id=\"m88305-88304-88306\">El presidente brasile\u00f1o,<strong>&nbsp;Luiz In\u00e1cio Lula da Silva,<\/strong>&nbsp;afirm\u00f3 este s\u00e1bado que la captura del mandatario venezolano,&nbsp;<strong>Nicol\u00e1s Maduro<\/strong>, as\u00ed como los bombardeos al pa\u00eds sudamericano por parte de Estados Unidos&nbsp;<strong>\u00abcruzan una l\u00ednea inaceptable\u00bb.<\/strong><\/p>\n\n\n\n<p id=\"m88310-88309-88311\">Lula asegur\u00f3 en un comunicado que el ataque a&nbsp;<strong>Venezuela&nbsp;<\/strong>lanzado durante la madrugada, con bombardeos en Caracas y otras zonas del pa\u00eds, supone una \u00abafronta grav\u00edsima a la soberan\u00eda\u00bb de esa naci\u00f3n, adem\u00e1s de un \u00abprecedente&nbsp;<strong>extremadamente peligroso<\/strong>&nbsp;para toda la comunidad internacional\u00bb.<\/p>\n\n\n\n<p id=\"m88315-88314-88316\">\u00abAtacar pa\u00edses, en flagrante violaci\u00f3n del derecho internacional, es el primer paso para un mundo de violencia, caos e inestabilidad, donde la ley del m\u00e1s fuerte prevalece sobre el multilateralismo\u00bb, destac\u00f3 el l\u00edder de la mayor potencia latinoamericana.<\/p>\n\n\n\n<p id=\"m88320-88319-88321\">El presidente brasile\u00f1o a\u00f1adi\u00f3 que la operaci\u00f3n militar de&nbsp;<strong>EE.UU<\/strong>. \u00abrecuerda a los peores momentos de la interferencia en la pol\u00edtica de&nbsp;<strong>Am\u00e9rica Latina<\/strong>\u00bb y \u00abamenaza la preservaci\u00f3n de la regi\u00f3n como&nbsp;<strong>zona de paz\u00bb.<\/strong><\/p>\n\n\n\n<p id=\"m88325-88324-88326\">En ese sentido, dijo que&nbsp;<strong>Naciones Unidas<\/strong>&nbsp;\u00abnecesita responder de forma vigorosa\u00bb a lo ocurrido y que&nbsp;<strong>Brasil&nbsp;<\/strong>\u00absigue a disposici\u00f3n\u00bb para \u00abpromover la v\u00eda del di\u00e1logo y de la cooperaci\u00f3n\u00bb.<\/p>\n\n\n\n<p id=\"m88330-88329-88331\">Previamente, el presidente estadounidense,&nbsp;<strong>Donald Trump<\/strong>, describi\u00f3 la operaci\u00f3n como \u00abun ataque a gran escala\u00bb y anunci\u00f3 que&nbsp;<strong>Maduro&nbsp;<\/strong>fue \u00abcapturado y sacado del pa\u00eds\u00bb.<\/p>\n\n\n\n<p id=\"m88335-88334-88336\">De acuerdo con la fiscal general de EE.UU.,&nbsp;<strong>Pamela Bondi<\/strong>, el mandatario venezolano y su esposa&nbsp;<strong>Cilia Flores<\/strong>, que tambi\u00e9n fuera capturada, afrontar\u00e1n \u00abpronto\u00bb la justicia de la naci\u00f3n norteamericana por las acusaciones de&nbsp;<strong>narcotr\u00e1fico<\/strong>.<\/p>\n\n\n\n<p id=\"m88340-88339-88341\">La vicepresidenta de Venezuela,&nbsp;<strong>Delcy Rodr\u00edguez,<\/strong>&nbsp;por su parte, denunci\u00f3 que se desconoce el paradero de Maduro y su esposa y exigi\u00f3 al Gobierno de Trump que presente una prueba de vida de ambos.<\/p>\n\n\n\n<p id=\"m88345-88344-88346\">A comienzos de diciembre,&nbsp;<strong>Lula&nbsp;<\/strong>habl\u00f3 por separado con&nbsp;<strong>Trump&nbsp;<\/strong>y con&nbsp;<strong>Maduro&nbsp;<\/strong>para intentar mediar en el conflicto, agravado hace cuatro meses con el despliegue de una flota de guerra estadounidense frente a las costas venezolanas.<\/p>\n\n\n\n<p id=\"m88350-88349-88351\">El gobernante brasile\u00f1o se ha mostrado cr\u00edtico con la campa\u00f1a b\u00e9lica de Estados Unidos en Am\u00e9rica Latina y el Caribe y ha reiterado desde entonces que&nbsp;<strong>la regi\u00f3n es una zona de paz.<\/strong><\/p>\n\n\n\n<p id=\"m88355-88354-88356\">En septiembre, el Gobierno de Trump inici\u00f3 una serie de ataques contra lanchas civiles que, seg\u00fan&nbsp;<strong>Washington<\/strong>, pertenecen a&nbsp;<strong>bandas de narcotraficantes.<\/strong><\/p>\n\n\n\n<p id=\"m88360-88359-88361\">El Ejecutivo estadounidense ha justificado sus acciones contra&nbsp;<strong>Venezuela&nbsp;<\/strong>acusando a&nbsp;<strong>Maduro&nbsp;<\/strong>de liderar una&nbsp;<strong>organizaci\u00f3n internacional de narcotr\u00e1fico.<\/strong><\/p>\n","protected":false},"excerpt":{"rendered":"<p>Presidente de Brasil, Luiz In\u00e1cio Lula da Silva y el presidente de Estados Unidos, Donald<\/p>\n","protected":false},"author":1,"featured_media":22080,"comment_status":"open","ping_status":"open","sticky":false,"template":"","format":"standard","meta":{"footnotes":""},"categories":[4],"tags":[],"class_list":["post-22079","post","type-post","status-publish","format-standard","has-post-thumbnail","hentry","category-mundiales"],"_links":{"self":[{"href":"https:\/\/samantharadionline.com\/index.php\/wp-json\/wp\/v2\/posts\/22079","targetHints":{"allow":["GET"]}}],"collection":[{"href":"https:\/\/samantharadionline.com\/index.php\/wp-json\/wp\/v2\/posts"}],"about":[{"href":"https:\/\/samantharadionline.com\/index.php\/wp-json\/wp\/v2\/types\/post"}],"author":[{"embeddable":true,"href":"https:\/\/samantharadionline.com\/index.php\/wp-json\/wp\/v2\/users\/1"}],"replies":[{"embeddable":true,"href":"https:\/\/samantharadionline.com\/index.php\/wp-json\/wp\/v2\/comments?post=22079"}],"version-history":[{"count":1,"href":"https:\/\/samantharadionline.com\/index.php\/wp-json\/wp\/v2\/posts\/22079\/revisions"}],"predecessor-version":[{"id":22081,"href":"https:\/\/samantharadionline.com\/index.php\/wp-json\/wp\/v2\/posts\/22079\/revisions\/22081"}],"wp:featuredmedia":[{"embeddable":true,"href":"https:\/\/samantharadionline.com\/index.php\/wp-json\/wp\/v2\/media\/22080"}],"wp:attachment":[{"href":"https:\/\/samantharadionline.com\/index.php\/wp-json\/wp\/v2\/media?parent=22079"}],"wp:term":[{"taxonomy":"category","embeddable":true,"href":"https:\/\/samantharadionline.com\/index.php\/wp-json\/wp\/v2\/categories?post=22079"},{"taxonomy":"post_tag","embeddable":true,"href":"https:\/\/samantharadionline.com\/index.php\/wp-json\/wp\/v2\/tags?post=22079"}],"curies":[{"name":"wp","href":"https:\/\/api.w.org\/{rel}","templated":true}]}}