{"id":2201,"date":"2024-03-05T22:11:34","date_gmt":"2024-03-05T21:11:34","guid":{"rendered":"https:\/\/samantharadionline.com\/?p=2201"},"modified":"2024-03-05T22:11:35","modified_gmt":"2024-03-05T21:11:35","slug":"las-presidenciales-en-venezuela-seran-el-28-de-julio","status":"publish","type":"post","link":"https:\/\/samantharadionline.com\/index.php\/2024\/03\/05\/las-presidenciales-en-venezuela-seran-el-28-de-julio\/","title":{"rendered":"Las presidenciales en Venezuela ser\u00e1n el 28 de julio"},"content":{"rendered":"\n<p><strong>El presidente venezolano, Nicol\u00e1s Maduro, habla con sus partidarios en un evento que conmemora un discurso de 2004 del fallecido presidente Hugo Ch\u00e1vez que sus partidarios consideran un momento antiimperialista clave en la historia de su Revoluci\u00f3n Bolivariana en Caracas, el jueves 29 de febrero de 2024<\/strong><\/p>\n\n\n\n<p><strong>Venezuela\u00a0celebrar\u00e1 las elecciones presidenciales el 28 de julio de este a\u00f1o, anunci\u00f3 este martes el\u00a0Consejo Nacional Electoral\u00a0(CNE), que facilit\u00f3, adem\u00e1s, las fechas m\u00e1s destacadas del\u00a0cronograma electoral.\u00a0<\/strong><\/p>\n","protected":false},"excerpt":{"rendered":"<p>El presidente venezolano, Nicol\u00e1s Maduro, habla con sus partidarios en un evento que conmemora un<\/p>\n","protected":false},"author":1,"featured_media":2202,"comment_status":"open","ping_status":"open","sticky":false,"template":"","format":"standard","meta":{"footnotes":""},"categories":[4],"tags":[],"class_list":["post-2201","post","type-post","status-publish","format-standard","has-post-thumbnail","hentry","category-mundiales"],"_links":{"self":[{"href":"https:\/\/samantharadionline.com\/index.php\/wp-json\/wp\/v2\/posts\/2201","targetHints":{"allow":["GET"]}}],"collection":[{"href":"https:\/\/samantharadionline.com\/index.php\/wp-json\/wp\/v2\/posts"}],"about":[{"href":"https:\/\/samantharadionline.com\/index.php\/wp-json\/wp\/v2\/types\/post"}],"author":[{"embeddable":true,"href":"https:\/\/samantharadionline.com\/index.php\/wp-json\/wp\/v2\/users\/1"}],"replies":[{"embeddable":true,"href":"https:\/\/samantharadionline.com\/index.php\/wp-json\/wp\/v2\/comments?post=2201"}],"version-history":[{"count":1,"href":"https:\/\/samantharadionline.com\/index.php\/wp-json\/wp\/v2\/posts\/2201\/revisions"}],"predecessor-version":[{"id":2203,"href":"https:\/\/samantharadionline.com\/index.php\/wp-json\/wp\/v2\/posts\/2201\/revisions\/2203"}],"wp:featuredmedia":[{"embeddable":true,"href":"https:\/\/samantharadionline.com\/index.php\/wp-json\/wp\/v2\/media\/2202"}],"wp:attachment":[{"href":"https:\/\/samantharadionline.com\/index.php\/wp-json\/wp\/v2\/media?parent=2201"}],"wp:term":[{"taxonomy":"category","embeddable":true,"href":"https:\/\/samantharadionline.com\/index.php\/wp-json\/wp\/v2\/categories?post=2201"},{"taxonomy":"post_tag","embeddable":true,"href":"https:\/\/samantharadionline.com\/index.php\/wp-json\/wp\/v2\/tags?post=2201"}],"curies":[{"name":"wp","href":"https:\/\/api.w.org\/{rel}","templated":true}]}}