{"id":21784,"date":"2025-12-13T08:56:04","date_gmt":"2025-12-13T12:56:04","guid":{"rendered":"https:\/\/samantharadionline.com\/?p=21784"},"modified":"2025-12-13T08:56:05","modified_gmt":"2025-12-13T12:56:05","slug":"oficial-amenaza-con-excluir-a-periodista-de-actos","status":"publish","type":"post","link":"https:\/\/samantharadionline.com\/index.php\/2025\/12\/13\/oficial-amenaza-con-excluir-a-periodista-de-actos\/","title":{"rendered":"Oficial amenaza con excluir a periodista de actos"},"content":{"rendered":"\n<p class=\"has-medium-font-size\"><em>Oficial de la seguridad de Abinader amenaza con excluir a periodista de actividades oficiales<\/em><\/p>\n\n\n\n<p><strong>LD, Santo Domingo, RD\u00a0<\/strong><\/p>\n\n\n\n<p id=\"m19006-19005-19007\">Uno de los oficiales que coordina la avanzada del presidente Luis Abinader enfrent\u00f3 verbalmente al reportero de <em>List\u00edn Diario<\/em>, <strong>Sauro Scalella<\/strong>, y amenaz\u00f3 con impedirle la entrada a futuras actividades oficiales del mandatario.<\/p>\n\n\n\n<p id=\"m19011-19010-19012\">Se trata del mayor del Ej\u00e9rcito Manuel Alejandro Fern\u00e1ndez Tavares, encargado de la sub-direcci\u00f3n de Seguridad Est\u00e1tica de la Direcci\u00f3n de Avanzada Presidencial del Cuerpo de Seguridad Presidencial (CUSEP).<\/p>\n\n\n\n<p id=\"m19016-19015-19017\">El hecho ocurri\u00f3 el viernes en el Polideportivo Club San Carlos, donde Abinader encabez\u00f3 un almuerzo navide\u00f1o con motoconchistas.<\/p>\n\n\n\n<p>PUBLICIDAD<\/p>\n\n\n\n<p id=\"m19021-19020-19022\">Scalella, acreditado para cubrir el Palacio Nacional y la agenda p\u00fablica del jefe del Estado, asisti\u00f3 al lugar para reportar sobre la actividad.<\/p>\n\n\n\n<p id=\"m19026-19025-19027\">El periodista se coloc\u00f3 en un espacio por donde saldr\u00eda el mandatario, con la intenci\u00f3n de abordarlo y formularle preguntas de inter\u00e9s nacional.<\/p>\n\n\n\n<p id=\"m19031-19030-19032\">Scalella intent\u00f3 consultar al presidente sobre las declaraciones de su par colombiano Gustavo Petro, quien afirm\u00f3 que dos cuerpos supuestamente \u201cbombardeados\u201d por Estados Unidos y hallados la semana pasada en una playa colombiana podr\u00edan ser ciudadanos dominicanos.<\/p>\n\n\n\n<p id=\"m19036-19035-19037\">Abinader se retir\u00f3 sin ofrecer declaraciones, mientras uno de sus escoltas apart\u00f3 levemente al reportero al momento del intento de pregunta.<\/p>\n\n\n\n<p id=\"m19041-19040-19042\">Segundos despu\u00e9s, el oficial que coordina la avanzada presidencial regres\u00f3 al \u00e1rea, visiblemente alterado, se\u00f1alando a Scalella y cuestionando su presencia.<\/p>\n\n\n\n<p id=\"m19046-19045-19047\">\u201c\u00bfQu\u00e9 hace ese periodista ah\u00ed?\u201d, dijo el oficial, dirigi\u00e9ndose a otro agente del CUSEP.<\/p>\n\n\n\n<p id=\"m19051-19050-19052\">Scalella respondi\u00f3 mostrando su carnet de <em>List\u00edn Diario<\/em> y su acreditaci\u00f3n oficial de la Presidencia, explicando que cubre de forma regular las actividades del mandatario.<\/p>\n\n\n\n<p id=\"m19056-19055-19057\">El oficial continu\u00f3 interrog\u00e1ndolo: \u201c\u00bfA qu\u00e9 t\u00fa viniste a la actividad?\u201d. El periodista respondi\u00f3: \u201cVine a cubrir el almuerzo del presidente con los motoconchistas\u201d. El agente insisti\u00f3: \u201c\u00bfY cu\u00e1l fue la pregunta que le hiciste?\u201d.<\/p>\n\n\n\n<p id=\"m19061-19060-19062\">Tras escuchar la explicaci\u00f3n del reportero, el oficial insinu\u00f3: \u201cEntonces, t\u00fa te agarras del carnet de Presidencia para hacerle preguntas al presidente\u201d.<\/p>\n\n\n\n<p id=\"m19066-19065-19067\">Scalella replic\u00f3: \u201cEse es mi trabajo\u201d.<\/p>\n\n\n\n<p id=\"m19071-19070-19072\">El agente, a\u00fan alterado, orden\u00f3 a otros miembros de la seguridad impedir el acceso del periodista a futuras actividades presidenciales.<\/p>\n\n\n\n<p id=\"m19076-19075-19077\">Scalella est\u00e1 acreditado en la Presidencia de la Rep\u00fablica desde octubre de 2024.<\/p>\n","protected":false},"excerpt":{"rendered":"<p>Oficial de la seguridad de Abinader amenaza con excluir a periodista de actividades oficiales LD,<\/p>\n","protected":false},"author":1,"featured_media":21785,"comment_status":"open","ping_status":"open","sticky":false,"template":"","format":"standard","meta":{"footnotes":""},"categories":[12],"tags":[],"class_list":["post-21784","post","type-post","status-publish","format-standard","has-post-thumbnail","hentry","category-nacionales"],"_links":{"self":[{"href":"https:\/\/samantharadionline.com\/index.php\/wp-json\/wp\/v2\/posts\/21784","targetHints":{"allow":["GET"]}}],"collection":[{"href":"https:\/\/samantharadionline.com\/index.php\/wp-json\/wp\/v2\/posts"}],"about":[{"href":"https:\/\/samantharadionline.com\/index.php\/wp-json\/wp\/v2\/types\/post"}],"author":[{"embeddable":true,"href":"https:\/\/samantharadionline.com\/index.php\/wp-json\/wp\/v2\/users\/1"}],"replies":[{"embeddable":true,"href":"https:\/\/samantharadionline.com\/index.php\/wp-json\/wp\/v2\/comments?post=21784"}],"version-history":[{"count":1,"href":"https:\/\/samantharadionline.com\/index.php\/wp-json\/wp\/v2\/posts\/21784\/revisions"}],"predecessor-version":[{"id":21786,"href":"https:\/\/samantharadionline.com\/index.php\/wp-json\/wp\/v2\/posts\/21784\/revisions\/21786"}],"wp:featuredmedia":[{"embeddable":true,"href":"https:\/\/samantharadionline.com\/index.php\/wp-json\/wp\/v2\/media\/21785"}],"wp:attachment":[{"href":"https:\/\/samantharadionline.com\/index.php\/wp-json\/wp\/v2\/media?parent=21784"}],"wp:term":[{"taxonomy":"category","embeddable":true,"href":"https:\/\/samantharadionline.com\/index.php\/wp-json\/wp\/v2\/categories?post=21784"},{"taxonomy":"post_tag","embeddable":true,"href":"https:\/\/samantharadionline.com\/index.php\/wp-json\/wp\/v2\/tags?post=21784"}],"curies":[{"name":"wp","href":"https:\/\/api.w.org\/{rel}","templated":true}]}}