{"id":21781,"date":"2025-12-13T08:50:24","date_gmt":"2025-12-13T12:50:24","guid":{"rendered":"https:\/\/samantharadionline.com\/?p=21781"},"modified":"2025-12-13T08:50:25","modified_gmt":"2025-12-13T12:50:25","slug":"abogado-de-hazim-asegura-exfuncionario-podria-morir-de-manera-subita-en-la-carcel","status":"publish","type":"post","link":"https:\/\/samantharadionline.com\/index.php\/2025\/12\/13\/abogado-de-hazim-asegura-exfuncionario-podria-morir-de-manera-subita-en-la-carcel\/","title":{"rendered":"\u00a0Abogado de Hazim asegura exfuncionario podr\u00eda morir de manera s\u00fabita en la c\u00e1rcel"},"content":{"rendered":"\n<p class=\"has-medium-font-size\"><em>\u00abPuede morir de manera s\u00fabita o quedar parapl\u00e9jico o cuadripl\u00e9jico en la c\u00e1rcel, esa es su realidad\u00bb<\/em><\/p>\n\n\n\n<figure class=\"wp-block-image\"><img decoding=\"async\" src=\"https:\/\/listindiario.com\/files\/image_60_60\/uploads\/2023\/05\/16\/646390bd19a47.jpeg\" alt=\"Avatar del Saulo Mota Telem\u00edn\"\/><\/figure>\n\n\n\n<p><strong><em>\u00a0<\/em>Saulo Mota Telem\u00edn, Santo Domingo, RD<\/strong><\/p>\n\n\n\n<p id=\"m99440-99439-99441\">El abogado de Santiago Hazim en el caso Senasa, Miguel Valerio, asegur\u00f3 que su cliente podr\u00eda morir de \u00abmanera s\u00fabita\u00bb en la c\u00e1rcel, si el juzgado de Atenci\u00f3n Permanente del Distrito Nacional acoge la solicitud de medida de coerci\u00f3n pedida por el Ministerio P\u00fablico.<\/p>\n\n\n\n<p id=\"m99445-99444-99446\">Valerio ofreci\u00f3 esta informaci\u00f3n a miembros de la prensa durante un breve receso concedido durante la audiencia de conocimiento de solicitud de medida de coerci\u00f3n en contra de un grupo acusado de desfalcar al&nbsp;Seguro Nacional de Salud (Senasa), afirmando que esta es una posibilidad por la escler\u00f3sis m\u00faltiple que padece Hazim.<\/p>\n\n\n\n<p id=\"m99450-99449-99451\">Sin embargo, el jurista asever\u00f3 que la muerte no ser\u00eda la \u00fanica consecuencia de esta enfermedad, afirmando que tambi\u00e9n existe la posibilidad de que el funcionario pierda funciones motoras parcial o totalmente.<\/p>\n\n\n\n<p id=\"m99455-99454-99456\">\u00abPuede morir de manera s\u00fabita o quedar parapl\u00e9jico o cuadripl\u00e9jico en la c\u00e1rcel, esa es su realidad\u00bb, dijo.<\/p>\n\n\n\n<p id=\"m99460-99459-99461\">Igualmente indic\u00f3 que su cliente ha llorado durante este proceso judicial, porque no quer\u00eda que se conozca p\u00fablicamente que padece de esa condici\u00f3n.<\/p>\n\n\n\n<p id=\"m99465-99464-99466\">\u00abPor eso llor\u00f3, porque \u00e9l no quer\u00eda que eso se tratara incluso tuvo internos dos veces&nbsp;y ten\u00eda que internarse, una tercera y dijimos que &#8216;no&#8217; para que viniera a comparecer con nosotros\u00bb, expres\u00f3.<\/p>\n\n\n\n<p id=\"m99470-99469-99471\">Tambi\u00e9n destac\u00f3 la importancia de que Hazim siga su tratamiento en el exterior, resaltando que lleva trat\u00e1ndose con el mismo m\u00e9dico desde 2011.<\/p>\n\n\n\n<p id=\"m99475-99474-99476\">Por tal raz\u00f3n, la defensa de Hazim pidi\u00f3 al tribunal que se sujeten a lo que la Ley manda, en referenta a una persona con enfermedad grave.<\/p>\n\n\n\n<h3 class=\"wp-block-heading\">CASO SENASA<\/h3>\n\n\n\n<p id=\"m99480-99479-99481\">El Ministerio P\u00fablico anunci\u00f3 durante el fin de semana pasado la puesta en marcha de la denominada \u00aboperaci\u00f3n Cobra\u00bb, en la que acusa a un grupo de personas de haber sustra\u00eddo dinero al patrimonio p\u00fablico a trav\u00e9s del Seguro Nacional de Salud (Senasa).<\/p>\n\n\n\n<p id=\"m99485-99484-99486\">Este operativo conllev\u00f3 una docena de allanamientos con la participaci\u00f3n de m\u00e1s de 20 fiscales y 200 agentes policiales.<\/p>\n\n\n\n<p id=\"m99490-99489-99491\">Hasta el momento los implicados en este caso judicial son Santiago Hazim, exdirector ejecutivo de la instituci\u00f3n durante el per\u00edodo 2020-2025; Gustavo Enrique Messina Cruz, gerente financiero de la instituci\u00f3n entre 2020-2025; Germ\u00e1n Rafael Robles Qui\u00f1ones, exconsultor jur\u00eddico del Senasa.<\/p>\n\n\n\n<p id=\"m99495-99494-99496\">Tambi\u00e9n Francisco Iv\u00e1n Minaya P\u00e9rez, gerente de servicios de Salud de Senasa entre 2020-2025; Ram\u00f3n Alan Speakler Mateo, quien laboraba en la entidad desde 2016; Eduardo Read Estrella, miembro del grupo Read y propietario de la empresa KHERSUN S.A, Cinty Acosta Senci\u00f3n y gerente de la empresa Madison Medical, S. A; Ada Ledesma Ubiera, propietaria de la distribuidora Lufarka; Rafael Mart\u00ednez Hazim, que se entreg\u00f3 la tarde del martes 8 de noviembre y Heidi Mariela Pineda.<\/p>\n\n\n\n<p id=\"m99500-99499-99501\">Conforme a los fiscales al grupo se le imputan cargos de coalici\u00f3n de funcionarios, prevaricaci\u00f3n, asociaci\u00f3n de malhechores, cobro de soborno, estafa contra el Estado dominicano, desfalco, falsificaci\u00f3n, uso de documentos falsos y lavado de activos.<\/p>\n","protected":false},"excerpt":{"rendered":"<p>\u00abPuede morir de manera s\u00fabita o quedar parapl\u00e9jico o cuadripl\u00e9jico en la c\u00e1rcel, esa es<\/p>\n","protected":false},"author":1,"featured_media":21782,"comment_status":"open","ping_status":"open","sticky":false,"template":"","format":"standard","meta":{"footnotes":""},"categories":[12],"tags":[],"class_list":["post-21781","post","type-post","status-publish","format-standard","has-post-thumbnail","hentry","category-nacionales"],"_links":{"self":[{"href":"https:\/\/samantharadionline.com\/index.php\/wp-json\/wp\/v2\/posts\/21781","targetHints":{"allow":["GET"]}}],"collection":[{"href":"https:\/\/samantharadionline.com\/index.php\/wp-json\/wp\/v2\/posts"}],"about":[{"href":"https:\/\/samantharadionline.com\/index.php\/wp-json\/wp\/v2\/types\/post"}],"author":[{"embeddable":true,"href":"https:\/\/samantharadionline.com\/index.php\/wp-json\/wp\/v2\/users\/1"}],"replies":[{"embeddable":true,"href":"https:\/\/samantharadionline.com\/index.php\/wp-json\/wp\/v2\/comments?post=21781"}],"version-history":[{"count":1,"href":"https:\/\/samantharadionline.com\/index.php\/wp-json\/wp\/v2\/posts\/21781\/revisions"}],"predecessor-version":[{"id":21783,"href":"https:\/\/samantharadionline.com\/index.php\/wp-json\/wp\/v2\/posts\/21781\/revisions\/21783"}],"wp:featuredmedia":[{"embeddable":true,"href":"https:\/\/samantharadionline.com\/index.php\/wp-json\/wp\/v2\/media\/21782"}],"wp:attachment":[{"href":"https:\/\/samantharadionline.com\/index.php\/wp-json\/wp\/v2\/media?parent=21781"}],"wp:term":[{"taxonomy":"category","embeddable":true,"href":"https:\/\/samantharadionline.com\/index.php\/wp-json\/wp\/v2\/categories?post=21781"},{"taxonomy":"post_tag","embeddable":true,"href":"https:\/\/samantharadionline.com\/index.php\/wp-json\/wp\/v2\/tags?post=21781"}],"curies":[{"name":"wp","href":"https:\/\/api.w.org\/{rel}","templated":true}]}}