{"id":21775,"date":"2025-12-13T08:44:45","date_gmt":"2025-12-13T12:44:45","guid":{"rendered":"https:\/\/samantharadionline.com\/?p=21775"},"modified":"2025-12-13T08:44:46","modified_gmt":"2025-12-13T12:44:46","slug":"eeuu-intimida-con-sobrevuelo-de-aviones-de-combate-a-venezuela-violando-es-espacio-aereo","status":"publish","type":"post","link":"https:\/\/samantharadionline.com\/index.php\/2025\/12\/13\/eeuu-intimida-con-sobrevuelo-de-aviones-de-combate-a-venezuela-violando-es-espacio-aereo\/","title":{"rendered":"EEUU  intimida con sobrevuelo de aviones de combate a Venezuela violando es espacio a\u00e9reo"},"content":{"rendered":"\n<p class=\"has-medium-font-size\"><em>El martes, dos aviones de combate F-18 estadounidenses se internaron, seg\u00fan mostr\u00f3 el servicio de seguimiento para aviaci\u00f3n Flightradar24<\/em><\/p>\n\n\n\n<figure class=\"wp-block-image\"><img decoding=\"async\" src=\"https:\/\/listindiario.com\/files\/image_60_60\/uploads\/2023\/05\/23\/646cd02f4f53e.jpeg\" alt=\"Avatar del Agencia EFE\"\/><\/figure>\n\n\n\n<p><strong><em>\u00a0<\/em>Agencia EFE, Caracas, Venezuela<\/strong><\/p>\n\n\n\n<p id=\"m75159-75158-75160\">El ministro venezolano de Defensa,&nbsp;<strong>Vladimir Padrino<\/strong>&nbsp;L\u00f3pez, denunci\u00f3 este viernes un intento de intimidaci\u00f3n por parte de<strong>&nbsp;Estados Unidos&nbsp;<\/strong>con el sobrevuelo de aviones de&nbsp;<strong>combate F-18<\/strong>, que el pasado martes se internaron en el espacio del Golfo de&nbsp;<strong>Venezuela<\/strong>, seg\u00fan mostr\u00f3 el servicio de seguimiento para aviaci\u00f3n Flightradar24.<\/p>\n\n\n\n<p id=\"m75164-75163-75165\">\u00abHemos estado viendo las pretensiones de intimidarnos, acercando vectores a\u00e9reos de las&nbsp;<strong>Fuerzas Armadas de los Estados Unidos<\/strong>&nbsp;a nuestras costas (&#8230;) nosotros aqu\u00ed con mucha humildad les decimos que no se equivoquen con nosotros, nosotros estamos preparados para defender a este pa\u00eds\u00bb, dijo el funcionario durante un acto por el 47 aniversario del comando de defensa aeroespacial integral, transmitido por el canal estatal Venezolana de Televisi\u00f3n (VTV).<\/p>\n\n\n\n<p id=\"m75169-75168-75170\">Padrino L\u00f3pez sostuvo que esta acci\u00f3n no va a quebrar a la<strong>&nbsp;Fuerza Armada Nacional Bolivariana<\/strong>&nbsp;(FANB) ni al pueblo venezolano.<\/p>\n\n\n\n<p id=\"m75174-75173-75175\">\u00abTenemos la capacidad para reaccionar y defender nuestro espacio a\u00e9reo, no se equivoquen y no sigan ustedes con su juego de operaciones psicol\u00f3gicas que no nos las tragamos en lo absoluto, para nada\u00bb, reiter\u00f3.<\/p>\n\n\n\n<p>PUBLICIDAD<\/p>\n\n\n\n<p id=\"m75179-75178-75180\">El martes, dos aviones de combate F-18 estadounidenses se internaron, seg\u00fan mostr\u00f3 el servicio de seguimiento para aviaci\u00f3n Flightradar24, en el espacio a\u00e9reo sobre las aguas del Golfo de Venezuela durante unos 40 minutos.<\/p>\n\n\n\n<p id=\"m75184-75183-75185\">El sobrevuelo se produjo en torno a las 12:00 hora local (16:00 GMT) en una zona del golfo a unos 160 kil\u00f3metros al noreste de Maracaibo, la segunda ciudad venezolana m\u00e1s poblada.<\/p>\n\n\n\n<p id=\"m75189-75188-75190\">Los dos aparatos, identificados como dos F-18 de la variante F, que son biplaza, realizaron varias idas y venidas en forma de tirabuz\u00f3n antes de volar con rumbo norte hasta un punto situado a unos 50 kil\u00f3metros al oeste de Aruba, donde se presupone que se encontrar\u00eda el portaaviones USS Gerald Ford, el mayor y m\u00e1s sofisticado de EE.UU.<\/p>\n\n\n\n<p id=\"m75194-75193-75195\">El Pent\u00e1gono envi\u00f3 hace unas semanas al nav\u00edo, que se uni\u00f3 a un enorme contingente que&nbsp;<strong>Washington mantiene en el Caribe&nbsp;<\/strong>desde finales de agosto y que supone su mayor despliegue en la regi\u00f3n en d\u00e9cadas, bajo el argumento de combatir el narcotr\u00e1fico, pero que Caracas considera una amenaza para propiciar un cambio de Gobierno.<\/p>\n\n\n\n<p id=\"m75199-75198-75200\">Un d\u00eda despu\u00e9s de este sobrevuelo, la Administraci\u00f3n de&nbsp;<strong>Donald Trump<\/strong>&nbsp;intercept\u00f3 y confisc\u00f3 un buque petrolero cerca de las aguas de Venezuela, lo que fue calificado por el Gobierno de Nicol\u00e1s Maduro como un \u00abrobo\u00bb.<\/p>\n\n\n\n<p id=\"m75204-75203-75205\">El petrolero, de nombre Skipper y que navegaba con falsa bandera, fue incautado por orden de un juez estadounidense por sus v\u00ednculos previos con el contrabando de petr\u00f3leo iran\u00ed, sancionado por Washington, aunque en esta ocasi\u00f3n transportaba crudo venezolano, seg\u00fan The New York Times.<\/p>\n","protected":false},"excerpt":{"rendered":"<p>El martes, dos aviones de combate F-18 estadounidenses se internaron, seg\u00fan mostr\u00f3 el servicio de<\/p>\n","protected":false},"author":1,"featured_media":21776,"comment_status":"open","ping_status":"open","sticky":false,"template":"","format":"standard","meta":{"footnotes":""},"categories":[4],"tags":[],"class_list":["post-21775","post","type-post","status-publish","format-standard","has-post-thumbnail","hentry","category-mundiales"],"_links":{"self":[{"href":"https:\/\/samantharadionline.com\/index.php\/wp-json\/wp\/v2\/posts\/21775","targetHints":{"allow":["GET"]}}],"collection":[{"href":"https:\/\/samantharadionline.com\/index.php\/wp-json\/wp\/v2\/posts"}],"about":[{"href":"https:\/\/samantharadionline.com\/index.php\/wp-json\/wp\/v2\/types\/post"}],"author":[{"embeddable":true,"href":"https:\/\/samantharadionline.com\/index.php\/wp-json\/wp\/v2\/users\/1"}],"replies":[{"embeddable":true,"href":"https:\/\/samantharadionline.com\/index.php\/wp-json\/wp\/v2\/comments?post=21775"}],"version-history":[{"count":1,"href":"https:\/\/samantharadionline.com\/index.php\/wp-json\/wp\/v2\/posts\/21775\/revisions"}],"predecessor-version":[{"id":21777,"href":"https:\/\/samantharadionline.com\/index.php\/wp-json\/wp\/v2\/posts\/21775\/revisions\/21777"}],"wp:featuredmedia":[{"embeddable":true,"href":"https:\/\/samantharadionline.com\/index.php\/wp-json\/wp\/v2\/media\/21776"}],"wp:attachment":[{"href":"https:\/\/samantharadionline.com\/index.php\/wp-json\/wp\/v2\/media?parent=21775"}],"wp:term":[{"taxonomy":"category","embeddable":true,"href":"https:\/\/samantharadionline.com\/index.php\/wp-json\/wp\/v2\/categories?post=21775"},{"taxonomy":"post_tag","embeddable":true,"href":"https:\/\/samantharadionline.com\/index.php\/wp-json\/wp\/v2\/tags?post=21775"}],"curies":[{"name":"wp","href":"https:\/\/api.w.org\/{rel}","templated":true}]}}