{"id":21769,"date":"2025-12-13T08:36:22","date_gmt":"2025-12-13T12:36:22","guid":{"rendered":"https:\/\/samantharadionline.com\/?p=21769"},"modified":"2025-12-13T08:36:23","modified_gmt":"2025-12-13T12:36:23","slug":"se-reservan-fallo-de-medida-de-coercion-para-el-proximo-domingo","status":"publish","type":"post","link":"https:\/\/samantharadionline.com\/index.php\/2025\/12\/13\/se-reservan-fallo-de-medida-de-coercion-para-el-proximo-domingo\/","title":{"rendered":"Se reservan fallo de medida de coerci\u00f3n para el pr\u00f3ximo domingo"},"content":{"rendered":"\n<p class=\"has-medium-font-size\"><em>A los acusados\u00a0se le imputan cargos de coalici\u00f3n de funcionarios, prevaricaci\u00f3n, asociaci\u00f3n de malhechores, cobro de soborno, estafa contra el Estado dominicano, desfalco, falsificaci\u00f3n, uso de documentos falsos y lavado de activos<\/em><\/p>\n\n\n\n<figure class=\"wp-block-image\"><img decoding=\"async\" src=\"https:\/\/listindiario.com\/files\/image_60_60\/uploads\/2025\/01\/25\/67959c045be4c.jpeg\" alt=\"Avatar del Lizbeth Chalas\"\/><\/figure>\n\n\n\n<p><strong><em>\u00a0<\/em>Lizbeth Chalas, Santo Domingo, RD<\/strong><\/p>\n\n\n\n<p id=\"m15616-15615-15617\">El juez del juzgado de Atenci\u00f3n Permanente del Distrito Nacional, Rigoberto Sena, se reserv\u00f3 el fallo sobre la audiencia de conocimiento de medida de coerci\u00f3n de los implicados del caso Senasa para el pr\u00f3ximo domingo, a las 6:00 p. m.<\/p>\n\n\n\n<p id=\"m15621-15620-15622\">Sena hizo este anuncia tras m\u00e1s de 12 horas de audiencia, en la que los fiscales,&nbsp;encabezada por Wilson Camacho y Mirna Ortiz, finalizaron su exposici\u00f3n, y la defensa de los imputados tuvo la oportunidad de responder a las acusaciones.&nbsp;&nbsp;<\/p>\n\n\n\n<figure class=\"wp-block-image\" id=\"m15626-15625-15627\"><img decoding=\"async\" src=\"https:\/\/listindiario.com\/files\/vertical_main_image\/files\/fp\/uploads\/2025\/12\/13\/693cf880bdf52.r_d.1413-563.jpeg\" alt=\"Imputados en caso Senasa salen tras la finalizaci\u00f3n de la audiencia de conocimiento de medida de coerci\u00f3n en su contra\"\/><figcaption class=\"wp-element-caption\">Imputados en caso Senasa salen tras la finalizaci\u00f3n de la audiencia de conocimiento de medida de coerci\u00f3n en su contraV\u00edctor Ram\u00edrez<\/figcaption><\/figure>\n\n\n\n<h3 class=\"wp-block-heading\">CASO SENASA<\/h3>\n\n\n\n<p id=\"m15638-15637-15639\">El Ministerio P\u00fablico anunci\u00f3 durante el fin de semana pasado la puesta en marcha de la denominada \u00aboperaci\u00f3n Cobra\u00bb, en la que acusa a un grupo de personas de haber sustra\u00eddo dinero al patrimonio p\u00fablico a trav\u00e9s del Seguro Nacional de Salud (Senasa).<\/p>\n\n\n\n<p id=\"m15643-15642-15644\">Este operativo conllev\u00f3 una docena de allanamientos con la participaci\u00f3n de m\u00e1s de 20 fiscales y 200 agentes policiales.<\/p>\n\n\n\n<p id=\"m15648-15647-15649\">Hasta el momento los implicados en este caso judicial son Santiago Hazim, exdirector ejecutivo de la instituci\u00f3n durante el per\u00edodo 2020-2025; Gustavo Enrique Messina Cruz, gerente financiero de la instituci\u00f3n entre 2020-2025; Germ\u00e1n Rafael Robles Qui\u00f1ones, exconsultor jur\u00eddico del Senasa.<\/p>\n\n\n\n<p id=\"m15653-15652-15654\">Tambi\u00e9n Francisco Iv\u00e1n Minaya P\u00e9rez, gerente de servicios de Salud de Senasa entre 2020-2025; Ram\u00f3n Alan Speakler Mateo, quien laboraba en la entidad desde 2016; Eduardo Read Estrella, miembro del grupo Read y propietario de la empresa KHERSUN S.A, Cinty Acosta Senci\u00f3n y gerente de la empresa Madison Medical, S. A; Ada Ledesma Ubiera, propietaria de la distribuidora Lufarka; Rafael Mart\u00ednez Hazim, que se entreg\u00f3 la tarde del martes 8 de noviembre y Heidi Mariela Pineda.<\/p>\n\n\n\n<figure class=\"wp-block-image\" id=\"m15658-15657-15659\"><img decoding=\"async\" src=\"https:\/\/listindiario.com\/files\/vertical_main_image\/files\/fp\/uploads\/2025\/12\/12\/693ce1f58d69e.r_d.669-210.png\" alt=\"Imputados en el caso Senasa\"\/><figcaption class=\"wp-element-caption\">Imputados en el caso SenasaList\u00edn Diario<\/figcaption><\/figure>\n\n\n\n<p id=\"m15670-15669-15671\">Conforme a los fiscales al grupo se le imputan cargos de coalici\u00f3n de funcionarios, prevaricaci\u00f3n, asociaci\u00f3n de malhechores, cobro de soborno, estafa contra el Estado dominicano, desfalco, falsificaci\u00f3n, uso de documentos falsos y lavado de activos.<\/p>\n","protected":false},"excerpt":{"rendered":"<p>A los acusados\u00a0se le imputan cargos de coalici\u00f3n de funcionarios, prevaricaci\u00f3n, asociaci\u00f3n de malhechores, cobro<\/p>\n","protected":false},"author":1,"featured_media":21770,"comment_status":"open","ping_status":"open","sticky":false,"template":"","format":"standard","meta":{"footnotes":""},"categories":[12],"tags":[],"class_list":["post-21769","post","type-post","status-publish","format-standard","has-post-thumbnail","hentry","category-nacionales"],"_links":{"self":[{"href":"https:\/\/samantharadionline.com\/index.php\/wp-json\/wp\/v2\/posts\/21769","targetHints":{"allow":["GET"]}}],"collection":[{"href":"https:\/\/samantharadionline.com\/index.php\/wp-json\/wp\/v2\/posts"}],"about":[{"href":"https:\/\/samantharadionline.com\/index.php\/wp-json\/wp\/v2\/types\/post"}],"author":[{"embeddable":true,"href":"https:\/\/samantharadionline.com\/index.php\/wp-json\/wp\/v2\/users\/1"}],"replies":[{"embeddable":true,"href":"https:\/\/samantharadionline.com\/index.php\/wp-json\/wp\/v2\/comments?post=21769"}],"version-history":[{"count":1,"href":"https:\/\/samantharadionline.com\/index.php\/wp-json\/wp\/v2\/posts\/21769\/revisions"}],"predecessor-version":[{"id":21771,"href":"https:\/\/samantharadionline.com\/index.php\/wp-json\/wp\/v2\/posts\/21769\/revisions\/21771"}],"wp:featuredmedia":[{"embeddable":true,"href":"https:\/\/samantharadionline.com\/index.php\/wp-json\/wp\/v2\/media\/21770"}],"wp:attachment":[{"href":"https:\/\/samantharadionline.com\/index.php\/wp-json\/wp\/v2\/media?parent=21769"}],"wp:term":[{"taxonomy":"category","embeddable":true,"href":"https:\/\/samantharadionline.com\/index.php\/wp-json\/wp\/v2\/categories?post=21769"},{"taxonomy":"post_tag","embeddable":true,"href":"https:\/\/samantharadionline.com\/index.php\/wp-json\/wp\/v2\/tags?post=21769"}],"curies":[{"name":"wp","href":"https:\/\/api.w.org\/{rel}","templated":true}]}}