{"id":21766,"date":"2025-12-13T08:33:31","date_gmt":"2025-12-13T12:33:31","guid":{"rendered":"https:\/\/samantharadionline.com\/?p=21766"},"modified":"2025-12-13T08:33:32","modified_gmt":"2025-12-13T12:33:32","slug":"aumenta-los-virus-respiratorios-en-ninos-del-distrito-nacional","status":"publish","type":"post","link":"https:\/\/samantharadionline.com\/index.php\/2025\/12\/13\/aumenta-los-virus-respiratorios-en-ninos-del-distrito-nacional\/","title":{"rendered":"Aumenta los virus respiratorios en ni\u00f1os del Distrito Nacional"},"content":{"rendered":"\n<p class=\"has-medium-font-size\"><em>Se observaron a varios pacientes, predominantemente ni\u00f1os, con s\u00edntomas comunes como tos, congesti\u00f3n, fiebre, cansancio y malestar general. Aunque la mayor\u00eda eran infantes, tambi\u00e9n se vieron adultos con procesos gripales<\/em><\/p>\n\n\n\n<p><strong>Josu\u00e9 Batista, \u00a0Santo Domingo, RD<\/strong><\/p>\n\n\n\n<p id=\"m54507-54506-54508\">Durante noviembre y diciembre, varios hospitales del Distrito Nacional han registrado un aumento significativo en la afluencia de pacientes afectados por diversos virus respiratorios y gastrointestinales, siendo los ni\u00f1os el grupo m\u00e1s vulnerable.<\/p>\n\n\n\n<p id=\"m54512-54511-54513\">La doctora Mabel Jones, directora del Hospital Infantil Doctor Robert Reid Cabral, confirm\u00f3 la presencia en el ambiente del Virus Sincitial Respiratorio (VSR), Influenza A y B, H1N1 y algunos virus gastrointestinales, responsables de las diversas afecciones.<\/p>\n\n\n\n<p id=\"m54517-54516-54518\">Reporteros de List\u00edn Diario visitaron dos centros de salud y observaron a varios pacientes, predominantemente ni\u00f1os, con s\u00edntomas comunes como tos, congesti\u00f3n, fiebre, cansancio y malestar general. Aunque la mayor\u00eda eran infantes, tambi\u00e9n se vieron adultos con procesos gripales.<\/p>\n\n\n\n<p id=\"m54522-54521-54523\">El recorrido comenz\u00f3 en el Hospital Infantil Robert Reid Cabral, donde madres y padres buscaban atenci\u00f3n m\u00e9dica urgente para sus hijos.<\/p>\n\n\n\n<p id=\"m54527-54526-54528\">En pasillos y salas de espera se observaban ni\u00f1os y ni\u00f1as, principalmente entre los tres meses y los cinco a\u00f1os de edad, acudiendo tanto por chequeos rutinarios como por complicaciones gripales.<\/p>\n\n\n\n<p id=\"m54532-54531-54533\">Karen de la Cruz, madre de un ni\u00f1o, viaj\u00f3 desde Haina, San Crist\u00f3bal, debido a que su hijo presenta \u00abuna fiebre que no se le quita\u00bb y mucha tos desde principios de mes. Indic\u00f3 que la situaci\u00f3n ha persistido durante los \u00faltimos dos meses.<\/p>\n\n\n\n<p id=\"m54537-54536-54538\">En el mismo centro, Gloribel Santos relat\u00f3 que su hija de tres meses ha sido afectada intermitentemente por tos y congesti\u00f3n, s\u00edntomas que han empeorado con el paso de los d\u00edas, motivando su traslado a Santo Domingo.<\/p>\n\n\n\n<p id=\"m54542-54541-54543\">La doctora Mabel Jones enfatiz\u00f3 una serie de recomendaciones para la poblaci\u00f3n, tales como: No enviar a los ni\u00f1os a clases si presentan s\u00edntomas; usar mascarillas si ya est\u00e1n infectados; lavar las manos frecuentemente; no medicar sin la autorizaci\u00f3n del pediatra y vacunarse para evitar mayores inconvenientes.<\/p>\n\n\n\n<p id=\"m54547-54546-54548\"><strong>Situaci\u00f3n en la Ciudad Sanitaria<\/strong><\/p>\n\n\n\n<p id=\"m54552-54551-54553\">En la Ciudad Sanitaria doctor Luis Eduardo Aybar se constat\u00f3 el caso de una ni\u00f1a de cinco a\u00f1os que acudi\u00f3 por s\u00edntomas gripales. Su t\u00eda, Mar\u00eda Concepci\u00f3n, mencion\u00f3 que la menor ha presentado molestias gripales durante varias semanas y ha requerido tres visitas al centro.<\/p>\n\n\n\n<p id=\"m54557-54556-54558\">\u00abAqu\u00ed la hemos tra\u00eddo tres veces y los doctores me han dicho que es viral. Ella ha presentado tos y fiebre, pero no ha estado grave\u00bb, afirm\u00f3.<\/p>\n\n\n\n<p id=\"m54562-54561-54563\">El equipo m\u00e9dico de la Ciudad Sanitaria facilit\u00f3 datos epidemiol\u00f3gicos que revelaron 37 casos de enfermedades febriles agudas de v\u00edas respiratorias altas durante noviembre.&nbsp;<\/p>\n\n\n\n<p id=\"m54567-54566-54568\">Adem\u00e1s, doctores del Centro Especializado de Atenci\u00f3n Ambulatoria en Salud doctor Nelson Astacio, adscrito a la Ciudad Sanitaria, confirmaron que la mayor\u00eda de los casos se presentaron en ni\u00f1os.<\/p>\n\n\n\n<p id=\"m54572-54571-54573\"><strong>Centros de vacunaci\u00f3n<\/strong><\/p>\n\n\n\n<p id=\"m54577-54576-54578\">El Ministerio de Salud P\u00fablica mantiene activos 71 centros de vacunaci\u00f3n en el Gran Santo Domingo y el Distrito Nacional para combatir la influenza estacional. Sin embargo, empleados de la carpa de vacunaci\u00f3n del Ministerio de Salud P\u00fablica indicaron que la afluencia de personas a\u00fan no es masiva.<\/p>\n\n\n\n<p id=\"m54582-54581-54583\">Un colaborador del Hospital Santo Socorro, no obstante, asegur\u00f3 que s\u00ed reciben a ciudadanos de distintas edades, incluyendo \u00abni\u00f1os con sus padres, adultos mayores y dem\u00e1s\u00bb, quienes pueden encontrar vacunas contra la influenza y otros virus.<\/p>\n","protected":false},"excerpt":{"rendered":"<p>Se observaron a varios pacientes, predominantemente ni\u00f1os, con s\u00edntomas comunes como tos, congesti\u00f3n, fiebre, cansancio<\/p>\n","protected":false},"author":1,"featured_media":21767,"comment_status":"open","ping_status":"open","sticky":false,"template":"","format":"standard","meta":{"footnotes":""},"categories":[12],"tags":[],"class_list":["post-21766","post","type-post","status-publish","format-standard","has-post-thumbnail","hentry","category-nacionales"],"_links":{"self":[{"href":"https:\/\/samantharadionline.com\/index.php\/wp-json\/wp\/v2\/posts\/21766","targetHints":{"allow":["GET"]}}],"collection":[{"href":"https:\/\/samantharadionline.com\/index.php\/wp-json\/wp\/v2\/posts"}],"about":[{"href":"https:\/\/samantharadionline.com\/index.php\/wp-json\/wp\/v2\/types\/post"}],"author":[{"embeddable":true,"href":"https:\/\/samantharadionline.com\/index.php\/wp-json\/wp\/v2\/users\/1"}],"replies":[{"embeddable":true,"href":"https:\/\/samantharadionline.com\/index.php\/wp-json\/wp\/v2\/comments?post=21766"}],"version-history":[{"count":1,"href":"https:\/\/samantharadionline.com\/index.php\/wp-json\/wp\/v2\/posts\/21766\/revisions"}],"predecessor-version":[{"id":21768,"href":"https:\/\/samantharadionline.com\/index.php\/wp-json\/wp\/v2\/posts\/21766\/revisions\/21768"}],"wp:featuredmedia":[{"embeddable":true,"href":"https:\/\/samantharadionline.com\/index.php\/wp-json\/wp\/v2\/media\/21767"}],"wp:attachment":[{"href":"https:\/\/samantharadionline.com\/index.php\/wp-json\/wp\/v2\/media?parent=21766"}],"wp:term":[{"taxonomy":"category","embeddable":true,"href":"https:\/\/samantharadionline.com\/index.php\/wp-json\/wp\/v2\/categories?post=21766"},{"taxonomy":"post_tag","embeddable":true,"href":"https:\/\/samantharadionline.com\/index.php\/wp-json\/wp\/v2\/tags?post=21766"}],"curies":[{"name":"wp","href":"https:\/\/api.w.org\/{rel}","templated":true}]}}