{"id":21720,"date":"2025-12-11T18:36:54","date_gmt":"2025-12-11T22:36:54","guid":{"rendered":"https:\/\/samantharadionline.com\/?p=21720"},"modified":"2025-12-11T18:36:55","modified_gmt":"2025-12-11T22:36:55","slug":"diputados-aprueban-presupuesto-general-del-estado-2026","status":"publish","type":"post","link":"https:\/\/samantharadionline.com\/index.php\/2025\/12\/11\/diputados-aprueban-presupuesto-general-del-estado-2026\/","title":{"rendered":"Diputados aprueban Presupuesto General del Estado 2026"},"content":{"rendered":"\n<p class=\"has-medium-font-size\"><em>La pieza contempla una estimaci\u00f3n de RD$1, 841,701,394,621 en ingresos y RD$278,654,744,137 en d\u00e9ficit financiero consolidado para el Gobierno Central, los Organismos Aut\u00f3nomos y Descentralizados no Financieros y las Instituciones P\u00fablicas de la Seguridad Social<\/em><\/p>\n\n\n\n<figure class=\"wp-block-image\"><img decoding=\"async\" src=\"https:\/\/listindiario.com\/files\/image_60_60\/uploads\/2023\/05\/16\/64637a1e3ff38.jpeg\" alt=\"Avatar del \u00c1ngel Valdez\"\/><\/figure>\n\n\n\n<p><strong><em>\u00a0<\/em>\u00c1ngel Valdez, Santo Domingo, RD<\/strong><\/p>\n\n\n\n<p id=\"m24609-24608-24610\">La C\u00e1mara de Diputados aprob\u00f3 de urgencia un proyecto de ley que tiene el objetivo de regular el Presupuesto General del Estado preparado por el Gobierno para ser aplicado el pr\u00f3ximo a\u00f1o.<\/p>\n\n\n\n<p id=\"m24614-24613-24615\">Sin embargo, esta iniciativa, que ahora pasar\u00e1 al Senado de la Rep\u00fablica, contin\u00faa incumpliendo un mandato legal establecido en el C\u00f3digo Tributario, seg\u00fan aseguran algunos legisladores de organizaciones pol\u00edticas opositoras.<\/p>\n\n\n\n<p id=\"m24619-24618-24620\">Se trata de la indexaci\u00f3n salarial que ordena la Ley 11-92, la cual debe realizar el Poder Ejecutivo cada a\u00f1o a los trabajadores gratificados con un monto no mayor, aproximadamente, a los RD$ 52,000 y le exonera de la reducci\u00f3n causada<strong>&nbsp;por el Impuesto Sobre la Renta (ISR).<\/strong><\/p>\n\n\n\n<p id=\"m24624-24623-24625\">Congresistas del Partido de la Liberaci\u00f3n Dominicana (PLD) y la Fuerza del Pueblo (FP) fueron los autores, en algunos casos de manera individual, de tres peticiones presentadas durante la sesi\u00f3n, pero,&nbsp;<strong>los representantes del Partido Revolucionario Moderno (PRM) entendieron necesario mantener el art\u00edculo 45&nbsp;<\/strong>en la pieza establecido en los presupuestos aplicados desde el 2017, suspendiendo as\u00ed el deber que tiene el Poder Ejecutivo de desarrollar la revisi\u00f3n anual del monto salarial antes mencionado.<\/p>\n\n\n\n<p id=\"m24629-24628-24630\">\u201cDurante el ejercicio presupuestario del a\u00f1o 2026, quedar\u00e1 sin efecto el ajuste por inflaci\u00f3n previsto en el p\u00e1rrafo I del art\u00edculo 296 de la Ley que aprueba el C\u00f3digo Tributario de la Rep\u00fablica Dominicana N\u00fam. 11-92, del 16 de mayo de 1992 y sus modificaciones, por lo cual no se tomar\u00e1 en consideraci\u00f3n las disposiciones establecidas en el art\u00edculo 327 del citado C\u00f3digo\u201d, versa el art\u00edculo favorecido.<\/p>\n\n\n\n<p id=\"m24634-24633-24635\">El diputado de la FP, Jos\u00e9 B\u00e1ez, tom\u00f3 un turno momentos antes de producirse la votaci\u00f3n para recordar que el Gobierno ha optado por obviar la petici\u00f3n realizada por su organizaci\u00f3n pol\u00edtica,&nbsp;<strong>espec\u00edficamente demanda ante la opini\u00f3n p\u00fablica&nbsp;<\/strong>por el senador&nbsp;<strong>Omar Fern\u00e1ndez<\/strong>, sin importar el efecto negativo causado en los bolsillos de los asalariados dominicanos.<\/p>\n\n\n\n<p id=\"m24639-24638-24640\">\u201cPedimos que se indexe el salario y as\u00ed esas personas reciban el dinero en su bolsillo para pagar sus universidades, alimentos, renta, energ\u00eda el\u00e9ctrica que est\u00e1 tan cara y elevada&#8230;\u201d, expres\u00f3 mientras sus compa\u00f1eros de bancada sosten\u00edan una hoja con las palabras: \u201cindexaci\u00f3n salarial\u201d.<\/p>\n\n\n\n<p id=\"m24644-24643-24645\"><strong>El diputado del PLD, Charlie Mariotti, aprovech\u00f3 su intervenci\u00f3n para<\/strong>&nbsp;cuestionar que el Gobierno prefiera aumentar la n\u00f3mina p\u00fablica con la adici\u00f3n de 18,500 millones, pero evite efectuar la indexaci\u00f3n salarial.<\/p>\n\n\n\n<p id=\"m24649-24648-24650\">\u201cEste es el mismo monto que ustedes quieren aumentar, es el dinero que dejar\u00edan de percibir\u2026 si logramos no aumentar la n\u00f3mina p\u00fablica podemos devolverle a capacidad de pago a todo aquel que gana menos de 52,000\u201d, expres\u00f3 Mariotti.<\/p>\n\n\n\n<h3 class=\"wp-block-heading\">PRM se defiende<\/h3>\n\n\n\n<p id=\"m24654-24653-24655\">Los congresistas del PRM reaccionaron a las declaraciones emitidas por los integrantes de los bloques pol\u00edticos opositores,&nbsp;<strong>PLD, FP y el Partido Revolucionario Dominicano (PRD).<\/strong><\/p>\n\n\n\n<p id=\"m24659-24658-24660\">Defendiendo su decisi\u00f3n de mantener en estado de suspensi\u00f3n la indexaci\u00f3n salarial, el diputado Wandy Batista asegur\u00f3 que la&nbsp;<strong>FP es una entidad pol\u00edtica sin la moral&nbsp;<\/strong>requerida para poder opinar sobre ese tema.<\/p>\n\n\n\n<p id=\"m24664-24663-24665\">\u201cPol\u00edticamente, no hay moral para que el partido de Leonel Fern\u00e1ndez est\u00e9 pidiendo indexaci\u00f3n salarial. No hay porque el Gobierno de&nbsp;<strong>Leonel Fern\u00e1ndez, desde el 2004, hasta el 2012,<\/strong>&nbsp;le meti\u00f3 cinco reformas fiscales en un periodo de ocho a\u00f1os\u2026\u201d, afirm\u00f3 Batista.<\/p>\n\n\n\n<p id=\"m24669-24668-24670\">El vocero del bloque oficialista, diputado Amado D\u00edaz,&nbsp;<strong>coincidi\u00f3 con esas expresiones y lament\u00f3 que otras virtudes registradas<\/strong>&nbsp;en el proyecto de ley no sean reconocidas.<\/p>\n\n\n\n<h3 class=\"wp-block-heading\">M\u00e1s de 400 mil millones en pr\u00e9stamos<\/h3>\n\n\n\n<p id=\"m24674-24673-24675\">En t\u00e9rminos generales, la pieza contempla una estimaci\u00f3n de&nbsp;<strong>RD$ 1,841,701,394,621 en ingresos y RD$ 278,654,744,137 en d\u00e9ficit financiero consolidado para el Gobierno Central<\/strong>, los Organismos Aut\u00f3nomos y Descentralizados no Financieros y las Instituciones P\u00fablicas de la Seguridad Social.<\/p>\n\n\n\n<p id=\"m24679-24678-24680\">Adem\u00e1s, dispone una autorizaci\u00f3n al Ministerio de Hacienda y Econom\u00eda que le<strong>&nbsp;permitir\u00e1 adquirir una deuda p\u00fablica por un monto de RD$401,767,814,730.<\/strong>&nbsp;Esto se traduce en pr\u00e9stamos que luego solicitar\u00e1 el Gobierno a entidades financieras, internacionales o locales.<\/p>\n\n\n\n<p id=\"m24684-24683-24685\">Por otro lado, la<strong>&nbsp;pieza destina RD$460,096.4<\/strong>&nbsp;millones, lo que equivale al 35.4% del gasto primario del Gobierno Central, en la articulaci\u00f3n de bienes y servicios p\u00fablicos relacionados con la Estrategia Nacional de Desarrollo.<\/p>\n\n\n\n<p id=\"m24689-24688-24690\">\u201cEste monto representa el impulso al desarrollo local, provincial y regional, asegura una econom\u00eda articulada, innovadora y ambientalmente sostenible, con una estructura productiva que genera crecimiento alto y sostenido, con trabajo digno; y fortalece el sistema nacional de ciencia, tecnolog\u00eda e innovaci\u00f3n para dar respuestas a las demandas econ\u00f3micas, sociales y culturales de la naci\u00f3n\u201d, indica.<\/p>\n\n\n\n<p id=\"m24694-24693-24695\">El desglose registrado en el documento elaborado por la comisi\u00f3n legislativa de Hacienda indica que el Gobierno destinar\u00e1&nbsp;<strong>RD$ 285,296.2 millones para desarrollo social<\/strong>, los cuales ser\u00e1n distribuidos de la siguiente manera: \u201cSalud y seguridad social integral, con RD$110,163.90 millones; Educaci\u00f3n de calidad, con RD$83,275.52 millones; e Igualdad de derechos y oportunidades, con RD$70,415.05 millones\u201d.<\/p>\n\n\n\n<p id=\"m24699-24698-24700\">Mientras que el objetivo general Imperio de la ley y seguridad ciudadana ostenta el mayor monto,&nbsp;<strong>con RD$ 34.419.51 millones y la estrategia general de \u201ccompetitividad&nbsp;<\/strong>e innovaci\u00f3n en un ambiente favorable a la cooperaci\u00f3n y la responsabilidad social\u201d contar\u00eda con RD$ 40,141.06 millones.<\/p>\n\n\n\n<p id=\"m24704-24703-24705\">Por \u00faltimo, destacan la&nbsp;<strong>entrega de RD$ 10,240.94<\/strong>&nbsp;millones para el manejo sostenible del medio ambiente.<\/p>\n\n\n\n<p id=\"m24709-24708-24710\">Asimismo, menciona que habilitar\u00e1n RD$ 37,003,168,242 millones para la ejecuci\u00f3n de ocho programas que son parte del Plan Nacional Plurianual del Sector P\u00fablico.<\/p>\n","protected":false},"excerpt":{"rendered":"<p>La pieza contempla una estimaci\u00f3n de RD$1, 841,701,394,621 en ingresos y RD$278,654,744,137 en d\u00e9ficit financiero<\/p>\n","protected":false},"author":1,"featured_media":21721,"comment_status":"open","ping_status":"open","sticky":false,"template":"","format":"standard","meta":{"footnotes":""},"categories":[10],"tags":[],"class_list":["post-21720","post","type-post","status-publish","format-standard","has-post-thumbnail","hentry","category-economica"],"_links":{"self":[{"href":"https:\/\/samantharadionline.com\/index.php\/wp-json\/wp\/v2\/posts\/21720","targetHints":{"allow":["GET"]}}],"collection":[{"href":"https:\/\/samantharadionline.com\/index.php\/wp-json\/wp\/v2\/posts"}],"about":[{"href":"https:\/\/samantharadionline.com\/index.php\/wp-json\/wp\/v2\/types\/post"}],"author":[{"embeddable":true,"href":"https:\/\/samantharadionline.com\/index.php\/wp-json\/wp\/v2\/users\/1"}],"replies":[{"embeddable":true,"href":"https:\/\/samantharadionline.com\/index.php\/wp-json\/wp\/v2\/comments?post=21720"}],"version-history":[{"count":1,"href":"https:\/\/samantharadionline.com\/index.php\/wp-json\/wp\/v2\/posts\/21720\/revisions"}],"predecessor-version":[{"id":21722,"href":"https:\/\/samantharadionline.com\/index.php\/wp-json\/wp\/v2\/posts\/21720\/revisions\/21722"}],"wp:featuredmedia":[{"embeddable":true,"href":"https:\/\/samantharadionline.com\/index.php\/wp-json\/wp\/v2\/media\/21721"}],"wp:attachment":[{"href":"https:\/\/samantharadionline.com\/index.php\/wp-json\/wp\/v2\/media?parent=21720"}],"wp:term":[{"taxonomy":"category","embeddable":true,"href":"https:\/\/samantharadionline.com\/index.php\/wp-json\/wp\/v2\/categories?post=21720"},{"taxonomy":"post_tag","embeddable":true,"href":"https:\/\/samantharadionline.com\/index.php\/wp-json\/wp\/v2\/tags?post=21720"}],"curies":[{"name":"wp","href":"https:\/\/api.w.org\/{rel}","templated":true}]}}