{"id":21717,"date":"2025-12-09T20:01:04","date_gmt":"2025-12-10T00:01:04","guid":{"rendered":"https:\/\/samantharadionline.com\/?p=21717"},"modified":"2025-12-09T20:01:05","modified_gmt":"2025-12-10T00:01:05","slug":"el-conocimiento-de-medida-de-coercion-contra-acusados-del-caso-senasa-es-aplazado","status":"publish","type":"post","link":"https:\/\/samantharadionline.com\/index.php\/2025\/12\/09\/el-conocimiento-de-medida-de-coercion-contra-acusados-del-caso-senasa-es-aplazado\/","title":{"rendered":"El conocimiento de medida de coerci\u00f3n contra acusados del caso Senasa es aplazado"},"content":{"rendered":"\n<p class=\"has-medium-font-size\"><em>La audiencia fue movida para conocerse el jueves 11 de diciembre a las 2:00 de la tarde<\/em><\/p>\n\n\n\n<figure class=\"wp-block-image\"><img decoding=\"async\" src=\"https:\/\/listindiario.com\/files\/image_60_60\/uploads\/2023\/06\/15\/648bb0d62900f.jpeg\" alt=\"Avatar del Audry Trinidad\"\/><\/figure>\n\n\n\n<p><strong><em>\u00a0<\/em>Audry Trinidad, Santo Domingo, RD\u00a0<\/strong><\/p>\n\n\n\n<p id=\"m51929-51928-51930\">El<strong>&nbsp;Juzgado de Atenci\u00f3n Permanente del Distrito Nacional&nbsp;<\/strong>aplaz\u00f3 este martes el conocimiento de solicitud de medida de coerci\u00f3n en contra de Santiago Hazim y otros nueve acusados de sustraer patrimonio del Estado a trav\u00e9s del Seguro Nacional de Salud (Senasa).<\/p>\n\n\n\n<p id=\"m51934-51933-51935\">La audiencia fue movida para conocerse el jueves 11 de diciembre&nbsp;a las 2:00 de la tarde.<\/p>\n\n\n\n<p id=\"m51939-51938-51940\">El&nbsp;<strong>Ministerio P\u00fablico&nbsp;<\/strong>pide 18 meses de prisi\u00f3n preventiva contra Hazim Albainy; Rafael Luis Mart\u00ednez Hazim, fundador del centro de telemedicina Mycare;&nbsp;<strong>Gustavo Enrique Messina<\/strong>&nbsp;<strong>Cruz<\/strong>, Germ\u00e1n Rafael Robles Qui\u00f1ones, Francisco Iv\u00e1n Minaya P\u00e9rez, Eduardo Read Estrella, Cinty Acosta Senci\u00f3n, Ram\u00f3n Alan Speakler Mateo y Ada Ledesma Ubiera.<\/p>\n\n\n\n<p id=\"m51944-51943-51945\">El Ministerio P\u00fablico los acusa de coalici\u00f3n de funcionarios, prevaricaci\u00f3n, asociaci\u00f3n de malhechores, cobro de soborno, estafa contra el Estado dominicano, desfalco, falsificaci\u00f3n, uso de documentos falsos y lavado de activos.<\/p>\n\n\n\n<p id=\"m51949-51948-51950\">Conforme al expediente de solicitud de medida de coerci\u00f3n que sobrepasa las 500 p\u00e1ginas, el entramado sustrajo m\u00e1s de&nbsp;<strong>RD$ 15, 921,369,659.62&nbsp;<\/strong>hasta el cierre de 2024.<\/p>\n\n\n\n<p id=\"m51954-51953-51955\">Seg\u00fan el documento de solicitud de medida de coerci\u00f3n en contra de los implicados en el caso Senasa, Santiago Hazim Albainy inclu\u00eda en el presunto entramado a sus \u00abasistentes m\u00e1s cercanas\u00bb, identificadas como Johana Fern\u00e1ndez y Johanna Grull\u00f3n, quienes en se presentaban a las reuniones con listas predeterminadas de prestadores que deb\u00edan ser aprobados por \u00f3rdenes directas del exfuncionario.<\/p>\n\n\n\n<p id=\"m51959-51958-51960\">El Ministerio P\u00fablico tambi\u00e9n asever\u00f3 que este grupo trabajaba de manera \u00abarticulada\u00bb para aprobar contratos a prestadores que supuestamente no cumpl\u00edan con los requisitos m\u00ednimos legales ni t\u00e9cnicos, pero que eran promovidos por el entonces director del Senasa bajo argumentos como \u00abaport\u00f3 en la cam\u0440\u0430\u00f1\u0430\u00bb \u043e \u00abhay que ayudarlo\u00bb.<\/p>\n\n\n\n<h3 class=\"wp-block-heading\">EL ROL DE LOS MIEMBROS DEL COMIT\u00c9<\/h3>\n\n\n\n<p id=\"m51964-51963-51965\">Los fiscales indicaron en el expediente que&nbsp;<strong>Germ\u00e1n Robles,<\/strong>&nbsp;en su rol de consultor jur\u00eddico, ejerc\u00eda un \u00abpoder determinante\u00bb, afirmando que era el encargado de imponer la aprobaci\u00f3n de los prestadores \u00abagraciados\u00bb y gestionando de manera directa contratos fuera del procedimiento regular.<\/p>\n\n\n\n<p id=\"m51969-51968-51970\">De manera similar est\u00e1 el gerente de salud,&nbsp;<strong>Francisco Iv\u00e1n Minaya<\/strong>. El rol de esta persona era homologar los acuerdos y dirigir las reuniones del Comit\u00e9 de Contrataciones de Prestadores.<\/p>\n\n\n\n<p id=\"m51974-51973-51975\">En el caso de&nbsp;<strong>Roberto Cana\u00e1n,<\/strong>&nbsp;gerente de atenci\u00f3n al usuario, su trabajo consist\u00eda en presionar la habilitaci\u00f3n y ampliaci\u00f3n de prestadores sin documentaci\u00f3n o infraestructura adecuada.<\/p>\n\n\n\n<p id=\"m51979-51978-51980\">Por igual, es mencionada la gerente de afiliaci\u00f3n,&nbsp;<strong>Carmen Jos\u00e9 Vel\u00e1zquez<\/strong>, quien participaba en la validaci\u00f3n y firma sistem\u00e1tica de actas que recog\u00edan decisiones previamente pactadas con Hazim Albainy.<\/p>\n","protected":false},"excerpt":{"rendered":"<p>La audiencia fue movida para conocerse el jueves 11 de diciembre a las 2:00 de<\/p>\n","protected":false},"author":1,"featured_media":21718,"comment_status":"open","ping_status":"open","sticky":false,"template":"","format":"standard","meta":{"footnotes":""},"categories":[12],"tags":[],"class_list":["post-21717","post","type-post","status-publish","format-standard","has-post-thumbnail","hentry","category-nacionales"],"_links":{"self":[{"href":"https:\/\/samantharadionline.com\/index.php\/wp-json\/wp\/v2\/posts\/21717","targetHints":{"allow":["GET"]}}],"collection":[{"href":"https:\/\/samantharadionline.com\/index.php\/wp-json\/wp\/v2\/posts"}],"about":[{"href":"https:\/\/samantharadionline.com\/index.php\/wp-json\/wp\/v2\/types\/post"}],"author":[{"embeddable":true,"href":"https:\/\/samantharadionline.com\/index.php\/wp-json\/wp\/v2\/users\/1"}],"replies":[{"embeddable":true,"href":"https:\/\/samantharadionline.com\/index.php\/wp-json\/wp\/v2\/comments?post=21717"}],"version-history":[{"count":1,"href":"https:\/\/samantharadionline.com\/index.php\/wp-json\/wp\/v2\/posts\/21717\/revisions"}],"predecessor-version":[{"id":21719,"href":"https:\/\/samantharadionline.com\/index.php\/wp-json\/wp\/v2\/posts\/21717\/revisions\/21719"}],"wp:featuredmedia":[{"embeddable":true,"href":"https:\/\/samantharadionline.com\/index.php\/wp-json\/wp\/v2\/media\/21718"}],"wp:attachment":[{"href":"https:\/\/samantharadionline.com\/index.php\/wp-json\/wp\/v2\/media?parent=21717"}],"wp:term":[{"taxonomy":"category","embeddable":true,"href":"https:\/\/samantharadionline.com\/index.php\/wp-json\/wp\/v2\/categories?post=21717"},{"taxonomy":"post_tag","embeddable":true,"href":"https:\/\/samantharadionline.com\/index.php\/wp-json\/wp\/v2\/tags?post=21717"}],"curies":[{"name":"wp","href":"https:\/\/api.w.org\/{rel}","templated":true}]}}