{"id":21714,"date":"2025-12-09T19:57:56","date_gmt":"2025-12-09T23:57:56","guid":{"rendered":"https:\/\/samantharadionline.com\/?p=21714"},"modified":"2025-12-09T19:57:57","modified_gmt":"2025-12-09T23:57:57","slug":"el-caso-mas-grave-de-corrupcion-es-senasa-afirma-el-mp","status":"publish","type":"post","link":"https:\/\/samantharadionline.com\/index.php\/2025\/12\/09\/el-caso-mas-grave-de-corrupcion-es-senasa-afirma-el-mp\/","title":{"rendered":"El Caso \u00abm\u00e1s grave de corrupci\u00f3n\u00bb, es Senasa, afirma el MP"},"content":{"rendered":"\n<p class=\"has-medium-font-size\"><em>Santiago Hazim y otros nueve imputados, la magistrada calific\u00f3 el caso como un \u201catentado directo a un derecho fundamental de las personas\u201d.<\/em><\/p>\n\n\n\n<figure class=\"wp-block-image\"><img decoding=\"async\" src=\"https:\/\/listindiario.com\/files\/image_60_60\/uploads\/2023\/06\/15\/648bb0d62900f.jpeg\" alt=\"Avatar del Audry Trinidad\"\/><\/figure>\n\n\n\n<p><strong><em>\u00a0<\/em>Audry Trinidad, Santo Domingo, RD\u00a0<\/strong><\/p>\n\n\n\n<p id=\"m93845-93844-93846\">El Ministerio P\u00fablico afirm\u00f3 que el caso del Seguro Nacional de Salud (Senasa), es el m\u00e1s grave presentado que ha presentado el \u00f3rgano en materia de corrupci\u00f3n.<\/p>\n\n\n\n<p id=\"m93850-93849-93851\">\u201cLa operaci\u00f3n Cobra,&nbsp;<strong>es la operaci\u00f3n m\u00e1s grave de corrupci\u00f3n que ha presentado el Ministerio P\u00fablico<\/strong>&nbsp;hasta este momento\u201d, dijo Mirna Ortiz, titular de Procuradur\u00eda Especializada de Persecuci\u00f3n de la Corrupci\u00f3n Administrativa.<\/p>\n\n\n\n<p id=\"m93855-93854-93856\">Tras ser aplazada la solicitud de medida de coerci\u00f3n en contra del exdirector de Senasa, Santiago Hazim y otros nueve imputados, la magistrada calific\u00f3 el caso como un \u201c<strong>atentado directo a un derecho fundamental de las personas<\/strong>\u201d.<\/p>\n\n\n\n<p id=\"m93860-93859-93861\">\u201cAqu\u00ed estamos hablando que se rob\u00f3, que se sustrajo dinero de la salud; y no de la salud de cualquiera, del&nbsp;<strong>seguro de salud de los m\u00e1s pobres<\/strong>, de los que no tienen dinero para pagar un seguro privado, de los que tienen que acudir a los hospitales para que les digan que no hay camas o medicamentos\u201d, apunt\u00f3 la magistrada.<\/p>\n\n\n\n<p id=\"m93865-93864-93866\">Ortiz indic\u00f3 que el \u00f3rgano acusador cuenta con un legajo de pruebas testimoniales y documentales, que al conocerse la medida de coerci\u00f3n, probar\u00e1n cada una de las imputaciones realizadas y las tipificaciones penales.<\/p>\n\n\n\n<p id=\"m93870-93869-93871\">Asimismo, destac\u00f3 que el fraude cometido en Senasa se estima que es de unos<strong>&nbsp;15 mil millones de pesos,<\/strong>&nbsp;con m\u00e1s de dos mil millones de pesos pagados por&nbsp;<strong>sobornos a las m\u00e1ximas autoridades de la instituci\u00f3n.<\/strong><\/p>\n\n\n\n<p id=\"m93875-93874-93876\">Destac\u00f3 que hubo empresarios y personas jur\u00eddicas que fueron utilizados para el lavado de dinero y pago de sobornos.<\/p>\n\n\n\n<h3 class=\"wp-block-heading\">Aplazan audiencia<\/h3>\n\n\n\n<p id=\"m93880-93879-93881\">Adem\u00e1s, explic\u00f3 que la audiencia del conocimiento de solicitud de medida de coerci\u00f3n fue aplazada debido a que los imputados establecieron el gran n\u00famero de p\u00e1ginas que contiene la medida y el volumen de pruebas que se les ha entregado y el juez, le concedi\u00f3 el plazo para que conocieran las imputaciones.<\/p>\n\n\n\n<p id=\"m93885-93884-93886\"><strong>La misma fue aplazada para el jueves 11 del presente mes a las 2:00 de la tarde.<\/strong><\/p>\n\n\n\n<p id=\"m93890-93889-93891\">El Ministerio P\u00fablico pide 18 meses de prisi\u00f3n preventiva contra Hazim Albainy; Rafael Luis Mart\u00ednez Hazim, fundador del centro de telemedicina Mycare; Gustavo Enrique Messina Cruz, Germ\u00e1n Rafael Robles Qui\u00f1ones, Francisco Iv\u00e1n Minaya P\u00e9rez, Eduardo Read Estrella, Cinty Acosta Senci\u00f3n, Ram\u00f3n Alan Speakler Mateo y Ada Ledesma Ubiera.<\/p>\n\n\n\n<p id=\"m93895-93894-93896\">Adem\u00e1s, son acusados de coalici\u00f3n de funcionarios, prevaricaci\u00f3n, asociaci\u00f3n de malhechores, cobro de soborno, estafa contra el Estado dominicano, desfalco, falsificaci\u00f3n, uso de documentos falsos y lavado de activos.<\/p>\n","protected":false},"excerpt":{"rendered":"<p>Santiago Hazim y otros nueve imputados, la magistrada calific\u00f3 el caso como un \u201catentado directo<\/p>\n","protected":false},"author":1,"featured_media":21715,"comment_status":"open","ping_status":"open","sticky":false,"template":"","format":"standard","meta":{"footnotes":""},"categories":[12],"tags":[],"class_list":["post-21714","post","type-post","status-publish","format-standard","has-post-thumbnail","hentry","category-nacionales"],"_links":{"self":[{"href":"https:\/\/samantharadionline.com\/index.php\/wp-json\/wp\/v2\/posts\/21714","targetHints":{"allow":["GET"]}}],"collection":[{"href":"https:\/\/samantharadionline.com\/index.php\/wp-json\/wp\/v2\/posts"}],"about":[{"href":"https:\/\/samantharadionline.com\/index.php\/wp-json\/wp\/v2\/types\/post"}],"author":[{"embeddable":true,"href":"https:\/\/samantharadionline.com\/index.php\/wp-json\/wp\/v2\/users\/1"}],"replies":[{"embeddable":true,"href":"https:\/\/samantharadionline.com\/index.php\/wp-json\/wp\/v2\/comments?post=21714"}],"version-history":[{"count":1,"href":"https:\/\/samantharadionline.com\/index.php\/wp-json\/wp\/v2\/posts\/21714\/revisions"}],"predecessor-version":[{"id":21716,"href":"https:\/\/samantharadionline.com\/index.php\/wp-json\/wp\/v2\/posts\/21714\/revisions\/21716"}],"wp:featuredmedia":[{"embeddable":true,"href":"https:\/\/samantharadionline.com\/index.php\/wp-json\/wp\/v2\/media\/21715"}],"wp:attachment":[{"href":"https:\/\/samantharadionline.com\/index.php\/wp-json\/wp\/v2\/media?parent=21714"}],"wp:term":[{"taxonomy":"category","embeddable":true,"href":"https:\/\/samantharadionline.com\/index.php\/wp-json\/wp\/v2\/categories?post=21714"},{"taxonomy":"post_tag","embeddable":true,"href":"https:\/\/samantharadionline.com\/index.php\/wp-json\/wp\/v2\/tags?post=21714"}],"curies":[{"name":"wp","href":"https:\/\/api.w.org\/{rel}","templated":true}]}}