{"id":21701,"date":"2025-12-09T16:38:31","date_gmt":"2025-12-09T20:38:31","guid":{"rendered":"https:\/\/samantharadionline.com\/?p=21701"},"modified":"2025-12-09T16:38:32","modified_gmt":"2025-12-09T20:38:32","slug":"piden-sancion-contundente-en-caso-stephora-ann-marcie-joseph","status":"publish","type":"post","link":"https:\/\/samantharadionline.com\/index.php\/2025\/12\/09\/piden-sancion-contundente-en-caso-stephora-ann-marcie-joseph\/","title":{"rendered":"Piden \u201csanci\u00f3n contundente\u201d en caso Stephora Ann-Marcie Joseph"},"content":{"rendered":"\n<p class=\"has-medium-font-size\"><em>El tribunal de Atenci\u00f3n Permanente de Santiago aplaz\u00f3 la medida para este mi\u00e9rcoles, a las 9:00 de la ma\u00f1ana, a fines de que los abogados de la v\u00edctima pudieran hacer el dep\u00f3sito de unos documentos necesarios para preparar su defensa<\/em><\/p>\n\n\n\n<p><strong>Ashley Mart\u00ednez \/ Hensy Mart\u00ednez, Santiago, RD.<\/strong><\/p>\n\n\n\n<p id=\"m49320-49319-49321\">La magistrada Olga Din\u00e1 Llaver\u00edas, titular de la Direcci\u00f3n Nacional de Ni\u00f1os, Ni\u00f1as, Adolescentes y Familia (Dinnaf), asegur\u00f3 que el Ministerio P\u00fablico\u00a0<strong>est\u00e1 enfocado en una investigaci\u00f3n responsable con sanciones contundentes<\/strong>, en el caso de la muerte de<strong>\u00a0Stephora Ann-Marcie Joseph\u00a0<\/strong>el pasado 14 de noviembre.<\/p>\n\n\n\n<p id=\"m49325-49324-49326\">\u201cEstamos enfocados en que los responsables de este homicidio involuntario reciban&nbsp;<strong>una sanci\u00f3n responsable y contundente\u201d<\/strong>, dijo la magistrada, a la vez que inform\u00f3 sobre el aplazamiento de la solicitud de medida de coerci\u00f3n para este mi\u00e9rcoles, a las 9:00 de la ma\u00f1ana.<\/p>\n\n\n\n<p id=\"m49330-49329-49331\">De acuerdo a Din\u00e1, el tribunal de Atenci\u00f3n Permanente de Santiago<strong>&nbsp;aplaz\u00f3 la audiencia a fines de que los abogados de la v\u00edctima pudieran<\/strong>&nbsp;hacer el dep\u00f3sito de unos documentos necesarios para preparar su defensa.<\/p>\n\n\n\n<p id=\"m49335-49334-49336\">En tanto que los abogados de la familia de Stephora indicaron que la audiencia fue pospuesta con el fin de que se notificara formalmente a la madre de la menor para asistir, y<strong>&nbsp;tambi\u00e9n para que la defensa pudiera conocer el expediente que les fue entregado este lunes,&nbsp;<\/strong>pasadas las 4:00 p. m.&nbsp;<\/p>\n\n\n\n<p id=\"m49340-49339-49341\">Por este caso est\u00e1n bajo arresto&nbsp;<strong>Yris del Carmen Reyes Adames, directora administrativa del Leonardo Da Vinci; Gisela Gonz\u00e1lez<\/strong>, coordinadora general y asesora del equipo directivo; Francisca Josefina Tavarez V\u00e9lez, orientadora, y Vilma Altagracia Vargas Morel, coordinadora del nivel secundario.<\/p>\n","protected":false},"excerpt":{"rendered":"<p>El tribunal de Atenci\u00f3n Permanente de Santiago aplaz\u00f3 la medida para este mi\u00e9rcoles, a las<\/p>\n","protected":false},"author":1,"featured_media":21702,"comment_status":"open","ping_status":"open","sticky":false,"template":"","format":"standard","meta":{"footnotes":""},"categories":[12],"tags":[],"class_list":["post-21701","post","type-post","status-publish","format-standard","has-post-thumbnail","hentry","category-nacionales"],"_links":{"self":[{"href":"https:\/\/samantharadionline.com\/index.php\/wp-json\/wp\/v2\/posts\/21701","targetHints":{"allow":["GET"]}}],"collection":[{"href":"https:\/\/samantharadionline.com\/index.php\/wp-json\/wp\/v2\/posts"}],"about":[{"href":"https:\/\/samantharadionline.com\/index.php\/wp-json\/wp\/v2\/types\/post"}],"author":[{"embeddable":true,"href":"https:\/\/samantharadionline.com\/index.php\/wp-json\/wp\/v2\/users\/1"}],"replies":[{"embeddable":true,"href":"https:\/\/samantharadionline.com\/index.php\/wp-json\/wp\/v2\/comments?post=21701"}],"version-history":[{"count":1,"href":"https:\/\/samantharadionline.com\/index.php\/wp-json\/wp\/v2\/posts\/21701\/revisions"}],"predecessor-version":[{"id":21703,"href":"https:\/\/samantharadionline.com\/index.php\/wp-json\/wp\/v2\/posts\/21701\/revisions\/21703"}],"wp:featuredmedia":[{"embeddable":true,"href":"https:\/\/samantharadionline.com\/index.php\/wp-json\/wp\/v2\/media\/21702"}],"wp:attachment":[{"href":"https:\/\/samantharadionline.com\/index.php\/wp-json\/wp\/v2\/media?parent=21701"}],"wp:term":[{"taxonomy":"category","embeddable":true,"href":"https:\/\/samantharadionline.com\/index.php\/wp-json\/wp\/v2\/categories?post=21701"},{"taxonomy":"post_tag","embeddable":true,"href":"https:\/\/samantharadionline.com\/index.php\/wp-json\/wp\/v2\/tags?post=21701"}],"curies":[{"name":"wp","href":"https:\/\/api.w.org\/{rel}","templated":true}]}}