{"id":21698,"date":"2025-12-09T09:37:11","date_gmt":"2025-12-09T13:37:11","guid":{"rendered":"https:\/\/samantharadionline.com\/?p=21698"},"modified":"2025-12-09T09:37:12","modified_gmt":"2025-12-09T13:37:12","slug":"europa-va-por-muy-mal-camino","status":"publish","type":"post","link":"https:\/\/samantharadionline.com\/index.php\/2025\/12\/09\/europa-va-por-muy-mal-camino\/","title":{"rendered":"Europa va por muy mal camino"},"content":{"rendered":"\n<p class=\"has-medium-font-size\"><em>Trump arremeti\u00f3 contra una \u00abdesagradable\u00bb multa de 140 millones de d\u00f3lares que impuso la Uni\u00f3n Europea a la red social X del magnate tecnol\u00f3gico Elon Musk<\/em><\/p>\n\n\n\n<figure class=\"wp-block-image\"><img decoding=\"async\" src=\"https:\/\/listindiario.com\/files\/image_60_60\/uploads\/2025\/06\/12\/684b39171bfd7.jpeg\" alt=\"Avatar del Agencia AFP\"\/><\/figure>\n\n\n\n<p><em>\u00a0<\/em><strong>Agencia AFP, Washington, Estados Unidos<\/strong><\/p>\n\n\n\n<p id=\"m19019-19018-19020\">El presidente de Estados Unidos, Donald Trump, advirti\u00f3 el lunes que Europa va \u00abpor muy mal camino\u00bb, en un ataque d\u00edas despu\u00e9s de que Washington public\u00f3 su nueva estrategia de seguridad en la que critica al continente por la migraci\u00f3n masiva.<\/p>\n\n\n\n<p id=\"m19024-19023-19025\">Trump arremeti\u00f3 contra una \u00abdesagradable\u00bb multa de 140 millones de d\u00f3lares que impuso la Uni\u00f3n Europea a la red social X del magnate tecnol\u00f3gico Elon Musk, aunque admiti\u00f3 que no sab\u00eda mucho al respecto.<\/p>\n\n\n\n<p id=\"m19029-19028-19030\">\u00abEuropa tiene que tener mucho cuidado. (Ellos) est\u00e1n haciendo muchas cosas. Queremos mantener a Europa como Europa\u00bb, dijo Trump a periodistas en la Casa Blanca.<\/p>\n\n\n\n<p id=\"m19034-19033-19035\">\u00abEs muy malo para la gente. No queremos que Europa cambie tanto. Est\u00e1n tomando muy mal camino\u00bb, agreg\u00f3 el republicano.<\/p>\n\n\n\n<p id=\"m19039-19038-19040\">Los comentarios del mandatario ocurren despu\u00e9s de las cr\u00edticas consignadas en la nueva estrategia de seguridad nacional de Estados Unidos publicada la semana pasada, que consider\u00f3 a Europa como sobrerregulada y se\u00f1al\u00f3 que enfrenta la \u00abdesaparici\u00f3n de la civilizaci\u00f3n\u00bb debido a la migraci\u00f3n.<\/p>\n\n\n\n<p id=\"m19044-19043-19045\">En un lenguaje que no es habitual para referirse a sus aliados, la estrategia dice que la administraci\u00f3n de Trump estar\u00eda \u00abcultivando la resistencia a la trayectoria actual de Europa dentro de las naciones europeas\u00bb.<\/p>\n\n\n\n<p id=\"m19049-19048-19050\">Trump y los europeos tambi\u00e9n est\u00e1n cada vez m\u00e1s en desacuerdo sobre los planes de Estados Unidos para poner fin a la guerra en Ucrania, porque temen que Washington pretenda forzar a Kiev a ceder territorio a Rusia.<\/p>\n\n\n\n<p id=\"m19054-19053-19055\">El Kremlin salud\u00f3 los cambios en la estrategia de Trump, y el s\u00e1bado un funcionario dijo que era \u00aben gran medida consistente\u00bb con la visi\u00f3n de Rusia.<\/p>\n\n\n\n<p id=\"m19059-19058-19060\">La posici\u00f3n de Trump hacia Europa refleja la de Musk, el exaliado del presidente, quien ha expresado repetidamente declaraciones incendiarias sobre la migraci\u00f3n en la UE.<\/p>\n\n\n\n<p id=\"m19064-19063-19065\">Musk dijo despu\u00e9s de que X fuera multado por violar las normas digitales de la UE que el bloque deber\u00eda ser \u00ababolido\u00bb. Bruselas desestim\u00f3 sus declaraciones como \u00abcompletamente locas\u00bb.<\/p>\n\n\n\n<figure class=\"wp-block-image\" id=\"m19069-19068-19070\"><img decoding=\"async\" src=\"https:\/\/listindiario.com\/files\/vertical_main_image\/files\/fp\/uploads\/2025\/06\/06\/6843811522b9d.r_d.82-245.jpeg\" alt=\"Elon Musk (izq.), director ejecutivo de Tesla y SpaceX, y el presidente de Estados Unidos, Donald Trump, se estrechan la mano durante la competici\u00f3n de lucha libre masculina de la NCAA en el Wells Fargo Center de Filadelfia, Pensilvania, el 22 de marzo de 2025.\"\/><figcaption class=\"wp-element-caption\">Elon Musk y Donald Trum, se estrechan la mano durante la competici\u00f3n de lucha libre masculina de la NCAA en el Wells Fargo Center de Filadelfia, Pensilvania, el 22 de marzo de 2025.AFP<\/figcaption><\/figure>\n","protected":false},"excerpt":{"rendered":"<p>Trump arremeti\u00f3 contra una \u00abdesagradable\u00bb multa de 140 millones de d\u00f3lares que impuso la Uni\u00f3n<\/p>\n","protected":false},"author":1,"featured_media":21699,"comment_status":"open","ping_status":"open","sticky":false,"template":"","format":"standard","meta":{"footnotes":""},"categories":[4],"tags":[],"class_list":["post-21698","post","type-post","status-publish","format-standard","has-post-thumbnail","hentry","category-mundiales"],"_links":{"self":[{"href":"https:\/\/samantharadionline.com\/index.php\/wp-json\/wp\/v2\/posts\/21698","targetHints":{"allow":["GET"]}}],"collection":[{"href":"https:\/\/samantharadionline.com\/index.php\/wp-json\/wp\/v2\/posts"}],"about":[{"href":"https:\/\/samantharadionline.com\/index.php\/wp-json\/wp\/v2\/types\/post"}],"author":[{"embeddable":true,"href":"https:\/\/samantharadionline.com\/index.php\/wp-json\/wp\/v2\/users\/1"}],"replies":[{"embeddable":true,"href":"https:\/\/samantharadionline.com\/index.php\/wp-json\/wp\/v2\/comments?post=21698"}],"version-history":[{"count":1,"href":"https:\/\/samantharadionline.com\/index.php\/wp-json\/wp\/v2\/posts\/21698\/revisions"}],"predecessor-version":[{"id":21700,"href":"https:\/\/samantharadionline.com\/index.php\/wp-json\/wp\/v2\/posts\/21698\/revisions\/21700"}],"wp:featuredmedia":[{"embeddable":true,"href":"https:\/\/samantharadionline.com\/index.php\/wp-json\/wp\/v2\/media\/21699"}],"wp:attachment":[{"href":"https:\/\/samantharadionline.com\/index.php\/wp-json\/wp\/v2\/media?parent=21698"}],"wp:term":[{"taxonomy":"category","embeddable":true,"href":"https:\/\/samantharadionline.com\/index.php\/wp-json\/wp\/v2\/categories?post=21698"},{"taxonomy":"post_tag","embeddable":true,"href":"https:\/\/samantharadionline.com\/index.php\/wp-json\/wp\/v2\/tags?post=21698"}],"curies":[{"name":"wp","href":"https:\/\/api.w.org\/{rel}","templated":true}]}}