{"id":21692,"date":"2025-12-09T09:29:16","date_gmt":"2025-12-09T13:29:16","guid":{"rendered":"https:\/\/samantharadionline.com\/?p=21692"},"modified":"2025-12-09T09:29:17","modified_gmt":"2025-12-09T13:29:17","slug":"stephora-joseph-muere-por-asfixia-mecanica-de-acuerdo-a-la-autopsia","status":"publish","type":"post","link":"https:\/\/samantharadionline.com\/index.php\/2025\/12\/09\/stephora-joseph-muere-por-asfixia-mecanica-de-acuerdo-a-la-autopsia\/","title":{"rendered":"Stephora Joseph muere por asfixia mec\u00e1nica de acuerdo a la autopsia"},"content":{"rendered":"\n<p class=\"has-medium-font-size\"><em>El escrito del \u00f3rgano acusador contin\u00faa explicando \u00abque a las 9:45 la menor de edad, realiz\u00f3 esto se desesperaci\u00f3n, luchando por tomar aire, por mantenerse a flote, por sobrevivir.<\/em><\/p>\n\n\n\n<figure class=\"wp-block-image\"><img decoding=\"async\" src=\"https:\/\/listindiario.com\/files\/image_60_60\/uploads\/2023\/05\/11\/645cf84d86d11.png\" alt=\"Avatar del Indira V\u00e1squez\"\/><\/figure>\n\n\n\n<p><strong><em>\u00a0<\/em>Indira V\u00e1squez, Santiago, RD<\/strong><\/p>\n\n\n\n<p id=\"m31377-31376-31378\">Veinticinco d\u00edas pasaron para que se diera a conocer la presunta causa de la\u00a0<strong>muerte de Stephora Ann-Merci Joseph<\/strong>.\u00a0De acuerdo al informe\u00a0<strong>552-2025\u00a0<\/strong>del Instituto Nacional de Ciencias Forenses fechado el 19 de noviembre, la ni\u00f1a muri\u00f3 por \u201c<strong>asfixia mec\u00e1nica por ahogamiento<\/strong>, es una\u00a0<strong>muerte violenta<\/strong>\u201d.\u00a0<\/p>\n\n\n\n<p id=\"m31382-31381-31383\">De etiolog\u00eda m\u00e9dico legal indeterminada, el mecanismo de la muerte fue \u201cinsuficiencia respiratoria, la forma de producirse la muerte fue r\u00e1pida\u201d.<\/p>\n\n\n\n<p id=\"m31387-31386-31388\">En el documento no se establece la hora de la muerte, ya que aunque en el relato f\u00e1ctico del Ministerio P\u00fablico se establece que los hechos comenzaron a las 9:45 de la ma\u00f1ana, el levantamiento del cad\u00e1ver se produjo a las 2:05 de la tarde.<\/p>\n\n\n\n<h3 class=\"wp-block-heading\">Los hechos<\/h3>\n\n\n\n<p id=\"m31392-31391-31393\">Seg\u00fan el Ministerio P\u00fablico, \u201ca las 9:44 de la ma\u00f1ana, la v\u00edctima se adentra a la piscina, caminando confiada\u00bb. La piscina se encontraba sin ning\u00fan tipo de se\u00f1alizaci\u00f3n y al momento en que llega a la mitad de la misma, la menor \u00abse percat\u00f3 de que el nivel de agua era diferente y de inmediato empez\u00f3 a hundirse y a hacer se\u00f1as de auxilio con los brazos muestra de que se estaba ahogando\u00bb.<\/p>\n\n\n\n<p id=\"m31397-31396-31398\">El escrito del \u00f3rgano acusador contin\u00faa explicando \u00abque a las 9:45 (de la ma\u00f1ana) la menor de edad realiz\u00f3 gesto de desesperaci\u00f3n, luchando por tomar aire, por mantenerse a flote, por sobrevivir\u00bb.<\/p>\n\n\n\n<p id=\"m31402-31401-31403\">En la solicitud de medida de coerci\u00f3n se establece que \u00abmientras se estaba ahogando, la imputada&nbsp;<strong>Francisca Josefina Tav\u00e1rez V\u00e9lez<\/strong>, camina por el borde de la piscina, justo al lado de la v\u00edctima y se desplaza sin siquiera voltear la cara, en cambio se dirige a la parte de la piscina donde est\u00e1 el jacuzzi y habla con unos ni\u00f1os que est\u00e1n ah\u00ed, regresando a la parte del gazebo, volviendo a pasar al lado de la v\u00edctima, sin que nada le llame la atenci\u00f3n. Esta es una muestra extrema de la falta de cuidado y de la forma&nbsp;<strong>negligente&nbsp;<\/strong>e&nbsp;<strong>irresponsable&nbsp;<\/strong>en la que las imputadas realizaron la supervisi\u00f3n del \u00e1rea de la piscina\u00bb.<\/p>\n\n\n\n<p id=\"m31407-31406-31408\">El cuerpo de<strong>&nbsp;la ni\u00f1a ahogado permaneci\u00f3 en el fondo de la piscina durante 30 minutos,&nbsp;<\/strong>de acuerdo al an\u00e1lisis pericial del Departamento de Cr\u00edmenes y Delitos de Alta Tecnolog\u00eda (<strong>Dicat<\/strong>) cuando otro menor detect\u00f3 el cuerpo de&nbsp;<strong>Stephora<\/strong>, que ya hab\u00eda subido, y es \u00e9l qui\u00e9n ayuda a sacarla.<\/p>\n\n\n\n<p id=\"m31412-31411-31413\">\u00ab<strong>Se ahog\u00f3<\/strong>,&nbsp;<strong>se ahog\u00f3<\/strong>\u00ab, gritaba el menor, mientras llamaban a la imputada Vilma Altagracia Vargas Morel.<\/p>\n\n\n\n<p><strong>Lea tambi\u00e9n<\/strong><\/p>\n\n\n\n<h3 class=\"wp-block-heading\">Maestras viendo el tel\u00e9fono y conversando<\/h3>\n\n\n\n<p id=\"m31422-31421-31423\">En su relato establece que durante esos 31 minutos la imputada Vilma Altagracia Vargas Morel utilizaba su aparato celular, sin ver lo que estaba pasando, siendo todo esto captado por las c\u00e1maras de seguridad del lugar.<\/p>\n\n\n\n<p id=\"m31427-31426-31428\">Posteriormente se manten\u00eda conversando con la imputada Francisca Josefina Tav\u00e1rez V\u00e9lez, \u00absin hacer una revisi\u00f3n de los menores de edad, que se encontraban dentro de la piscina\u00bb.<\/p>\n\n\n\n<h3 class=\"wp-block-heading\">No quer\u00edan llamar al 911<\/h3>\n\n\n\n<p id=\"m31432-31431-31433\">El expediente revela un detalle estremecedor, cuando un empleado de la hacienda y varios estudiantes insistieron en llamar al 911 a las 10:20 a. m., la imputada Francisca Tav\u00e1rez respondi\u00f3: \u201cNo. Est\u00e1n llamando a la directora.\u201d<\/p>\n\n\n\n<p id=\"m31437-31436-31438\">Se llam\u00f3 primero al colegio<strong>, no al sistema de emergencias<\/strong>. La madre tampoco fue informada de inmediato, la llamaron 1 hora 25 minutos despu\u00e9s de que estaba muerta para decirle que se estaba vomitando.<\/p>\n\n\n\n<p id=\"m31442-31441-31443\">Cuando finalmente se activ\u00f3 el 911,&nbsp;<strong>ya Stephora estaba muerta<\/strong>.<\/p>\n\n\n\n<figure class=\"wp-block-image\" id=\"m31447-31446-31448\"><img decoding=\"async\" src=\"https:\/\/listindiario.com\/files\/vertical_main_image\/files\/fp\/uploads\/2025\/12\/05\/69338c229da1c.r_d.343-363.jpeg\" alt=\"La estudiante Stephora, de 11 a\u00f1os, muri\u00f3 en una excursi\u00f3n de un colegio.\"\/><figcaption class=\"wp-element-caption\">La estudiante Stephora, de 11 a\u00f1os, muri\u00f3 en una excursi\u00f3n de un colegio.<\/figcaption><\/figure>\n\n\n\n<h3 class=\"wp-block-heading\">Llamaron a madre m\u00e1s de una hora despu\u00e9s<\/h3>\n\n\n\n<p id=\"m31459-31458-31460\">A la madre que lleg\u00f3 poco m\u00e1s de las 12:00 del mediod\u00eda le dijeron que su hija estaba viva bajo cuidados m\u00e9dicos. Le comunicaron la muerte 4 horas despu\u00e9s de estar en la parte frontal de la hacienda.<\/p>\n\n\n\n<p id=\"m31464-31463-31465\">Durante ese tiempo entraron unidades del DICRIM, del SWAT y una ambulancia\u2026, pero nadie sali\u00f3 a hablar con la madre.<\/p>\n\n\n\n<p id=\"m31469-31468-31470\">En su relato el Ministerio P\u00fablico tampoco establece qu\u00e9 se hizo con la ni\u00f1a desde las 10:20 hasta las 2:05 de la tarde, cuando se hace el levantamiento del cad\u00e1ver<\/p>\n\n\n\n<p><strong>Lea tambi\u00e9n<\/strong><\/p>\n\n\n\n<h3 class=\"wp-block-heading\">Violaci\u00f3n de los protocolos<\/h3>\n\n\n\n<p id=\"m31479-31478-31480\">El documento detalla que el colegio organiz\u00f3 la actividad llamada \u201c<strong>Agasajo Guardia de Honor<\/strong>\u201d violando la&nbsp;<strong>Orden Departamental 09-2009<\/strong>, que proh\u00edbe terminantemente excursiones y actividades recreativas en r\u00edos, playas, lagos y piscinas.<\/p>\n\n\n\n<p id=\"m31484-31483-31485\">Pese a la prohibici\u00f3n, el centro aprob\u00f3 la actividad, coordinada por las imputadas, para 87 estudiantes de entre 10 y 18 a\u00f1os, incluyendo a Stephora.<\/p>\n\n\n\n<p id=\"m31489-31488-31490\">El lugar escogido fue Hacienda Los Caballos, un espacio que, de acuerdo al informe de la Defensa Civil, no contaba con salvavidas, se\u00f1alizaci\u00f3n, rutas de evacuaci\u00f3n ni protocolos de emergencia.<\/p>\n\n\n\n<h3 class=\"wp-block-heading\">Sin verificar qui\u00e9n sab\u00eda nadar<\/h3>\n\n\n\n<p id=\"m31494-31493-31495\">Aunque los padres deb\u00edan firmar una autorizaci\u00f3n para el uso de la piscina, el colegio nunca pregunt\u00f3 si los ni\u00f1os sab\u00edan nadar.<\/p>\n\n\n\n<h3 class=\"wp-block-heading\">La propia madre de la ni\u00f1a declar\u00f3 al Ministerio P\u00fablico:<\/h3>\n\n\n\n<p id=\"m31499-31498-31500\">\u201cMi hija no sab\u00eda nadar. Yo pensaba que era una piscina de ni\u00f1os. Ellos no me dieron detalles\u201d.&nbsp;<\/p>\n\n\n\n<p id=\"m31504-31503-31505\">En el audiovisual se puede observar c\u00f3mo un grupo de al menos cinco ni\u00f1os la ve mientras ella levanta las manos pidiendo ayuda al momento en que se est\u00e1 ahogando, ellos la se\u00f1alan, pero nadie pide ayuda. De hecho, van hacia otros puntos de la piscina sin dar parte a las maestras, ni a ning\u00fan otro personal all\u00ed presente.<\/p>\n\n\n\n<h3 class=\"wp-block-heading\">Las imputadas<\/h3>\n\n\n\n<p id=\"m31509-31508-31510\">La Fiscal\u00eda de Santiago deposit\u00f3 la solicitud de medida de coerci\u00f3n contra cuatro integrantes del equipo directivo y docente del&nbsp;<strong>colegio Leonardo Da Vinci<\/strong>, acusadas de&nbsp;<strong>homicidio involuntario<\/strong>, abandono y maltrato a menores.&nbsp;<\/p>\n\n\n\n<p id=\"m31514-31513-31515\"><strong>Yris del Carmen Reyes Adames<\/strong>, directora administrativa del instituto Leonardo Da Vinci; Gisela Altagracia de las Mercedes Gonz\u00e1lez, coordinadora general y asesora del equipo directivo; Francisca Josefina Tav\u00e1rez V\u00e9lez, orientadora y Vilma Altagracia Vargas Morel, coordinadora del nivel secundario.<\/p>\n\n\n\n<p><strong>Lea tambi\u00e9n<\/strong><\/p>\n\n\n\n<h3 class=\"wp-block-heading\">Responsabilidad penal<\/h3>\n\n\n\n<p id=\"m31524-31523-31525\">El&nbsp;<strong>Ministerio P\u00fablico<\/strong>&nbsp;sostiene que las cuatro imputadas actuaron con torpeza, negligencia e imprudencia extrema, incumpliendo su deber de cuidado y violando normas nacionales.<\/p>\n\n\n\n<p id=\"m31529-31528-31530\">La calificaci\u00f3n jur\u00eddica que ha dado el Ministerio P\u00fablico es homicidio involuntario (art. 319 CP), abandono y maltrato a menores (art. 351-2 CP) y Violaci\u00f3n al C\u00f3digo de Ni\u00f1os, Ni\u00f1as y Adolescentes (Ley 136-03).<\/p>\n\n\n\n<p id=\"m31534-31533-31535\">Para el Ministerio P\u00fablico, la&nbsp;<strong>muerte de Stephora&nbsp;<\/strong>fue resultado directo de una&nbsp;<strong>excursi\u00f3n ilegal<\/strong>, en un&nbsp;<strong>lugar inseguro&nbsp;<\/strong>con falta total de supervisi\u00f3n, la omisi\u00f3n de auxilio y el incumplimiento de protocolos.<\/p>\n","protected":false},"excerpt":{"rendered":"<p>El escrito del \u00f3rgano acusador contin\u00faa explicando \u00abque a las 9:45 la menor de edad,<\/p>\n","protected":false},"author":1,"featured_media":21693,"comment_status":"open","ping_status":"open","sticky":false,"template":"","format":"standard","meta":{"footnotes":""},"categories":[12],"tags":[],"class_list":["post-21692","post","type-post","status-publish","format-standard","has-post-thumbnail","hentry","category-nacionales"],"_links":{"self":[{"href":"https:\/\/samantharadionline.com\/index.php\/wp-json\/wp\/v2\/posts\/21692","targetHints":{"allow":["GET"]}}],"collection":[{"href":"https:\/\/samantharadionline.com\/index.php\/wp-json\/wp\/v2\/posts"}],"about":[{"href":"https:\/\/samantharadionline.com\/index.php\/wp-json\/wp\/v2\/types\/post"}],"author":[{"embeddable":true,"href":"https:\/\/samantharadionline.com\/index.php\/wp-json\/wp\/v2\/users\/1"}],"replies":[{"embeddable":true,"href":"https:\/\/samantharadionline.com\/index.php\/wp-json\/wp\/v2\/comments?post=21692"}],"version-history":[{"count":1,"href":"https:\/\/samantharadionline.com\/index.php\/wp-json\/wp\/v2\/posts\/21692\/revisions"}],"predecessor-version":[{"id":21694,"href":"https:\/\/samantharadionline.com\/index.php\/wp-json\/wp\/v2\/posts\/21692\/revisions\/21694"}],"wp:featuredmedia":[{"embeddable":true,"href":"https:\/\/samantharadionline.com\/index.php\/wp-json\/wp\/v2\/media\/21693"}],"wp:attachment":[{"href":"https:\/\/samantharadionline.com\/index.php\/wp-json\/wp\/v2\/media?parent=21692"}],"wp:term":[{"taxonomy":"category","embeddable":true,"href":"https:\/\/samantharadionline.com\/index.php\/wp-json\/wp\/v2\/categories?post=21692"},{"taxonomy":"post_tag","embeddable":true,"href":"https:\/\/samantharadionline.com\/index.php\/wp-json\/wp\/v2\/tags?post=21692"}],"curies":[{"name":"wp","href":"https:\/\/api.w.org\/{rel}","templated":true}]}}