{"id":21689,"date":"2025-12-09T09:25:54","date_gmt":"2025-12-09T13:25:54","guid":{"rendered":"https:\/\/samantharadionline.com\/?p=21689"},"modified":"2025-12-09T09:25:55","modified_gmt":"2025-12-09T13:25:55","slug":"la-carcel-debe-ser-el-ultimo-lugar-para-un-menor-de-edad","status":"publish","type":"post","link":"https:\/\/samantharadionline.com\/index.php\/2025\/12\/09\/la-carcel-debe-ser-el-ultimo-lugar-para-un-menor-de-edad\/","title":{"rendered":"La c\u00e1rcel debe ser el \u00faltimo lugar para un menor de edad"},"content":{"rendered":"\n<p class=\"has-medium-font-size\"><em>Se\u00f1al\u00f3 que estos j\u00f3venes a\u00fan est\u00e1n formando su identidad y muchas veces llegan tarde al Estado, cuando ya se requiere una \u00abprevenci\u00f3n terciaria\u00bb.<\/em><\/p>\n\n\n\n<p><strong>Sauro Scalella,\u00a0Ram\u00f3n Cruz Benz\u00e1n, SANTO DOMINGO, RD<\/strong><\/p>\n\n\n\n<p id=\"m41224-41223-41225\">El titular de la Direcci\u00f3n General de Servicios Penitenciarios y Correccionales (DGSPC), Roberto Santana, afirm\u00f3 que el mayor reto del sistema penitenciario no est\u00e1 en los adultos privados de libertad, sino en los ni\u00f1os y adolescentes.<\/p>\n\n\n\n<p id=\"m41229-41228-41230\">Se\u00f1al\u00f3 que estos j\u00f3venes a\u00fan est\u00e1n formando su identidad y muchas veces llegan tarde al Estado, cuando ya se requiere una \u00abprevenci\u00f3n terciaria\u00bb.<\/p>\n\n\n\n<p id=\"m41234-41233-41235\">\u00abCuando llega la prevenci\u00f3n terciaria a un adolescente, al Estado y a la sociedad se les presenta un reto de extrema delicadeza\u00bb, sostuvo en el panel de expertos del LIST\u00cdN DIARIO, encabezado por su director, Miguel Franjul.<\/p>\n\n\n\n<p id=\"m41261-41260-41262\">\u00abPues, se trata de una respuesta, probablemente tard\u00eda, ante la ausencia de una prevenci\u00f3n primaria en la que la escuela, la familia, la comunidad, las iglesias, el Estado y sus pol\u00edticas sociales debieron hacer su trabajo\u00bb, a\u00f1adi\u00f3.<\/p>\n\n\n\n<p id=\"m41266-41265-41267\">Santana explic\u00f3 que la c\u00e1rcel debe ser el \u00faltimo recurso para menores en conflicto con la ley, citando a una acad\u00e9mica brit\u00e1nica, la cual sostiene que lo m\u00e1s probable es que un adolescente encarcelado termine siendo un delincuente adulto.<\/p>\n\n\n\n<p id=\"m41271-41270-41272\">\u00abSe\u00f1alando con eso que el \u00faltimo lugar a donde debe ser remitido un adolescente o un menor es a la c\u00e1rcel\u00bb, dijo.<\/p>\n\n\n\n<p id=\"m41276-41275-41277\">Aunque reconoci\u00f3 que en casos excepcionales, como los sicariatos, no hay alternativa, insisti\u00f3 en que el encierro puede agravar sus problemas emocionales y conductuales.<\/p>\n\n\n\n<p id=\"m41281-41280-41282\">\u00abEl encarcelamiento es la medida desagradable, excepcional que ning\u00fan Estado deber\u00eda encontrarse en esa situaci\u00f3n de tener que tomarla\u00bb, afirm\u00f3.<\/p>\n\n\n\n<p id=\"m41286-41285-41287\">\u00abSi eso crea un disturbio conductual y emocional en un adulto, \u00bfqu\u00e9 ocurre con esto cuando es a un adolescente o a un menor que le corresponde?\u00bb, reflexion\u00f3 Santana.<\/p>\n\n\n\n<p id=\"m41291-41290-41292\">El funcionario destac\u00f3 que, pese a la complejidad del tema, el Estado ha priorizado medidas alternativas al encarcelamiento.<\/p>\n\n\n\n<p id=\"m41296-41295-41297\">Mencion\u00f3 programas comunitarios, familiares e intermedios que procuran evitar que los j\u00f3venes reincidan, as\u00ed como la propuesta de unificar en una sola instituci\u00f3n las pol\u00edticas destinadas a menores infractores.<\/p>\n\n\n\n<p id=\"m41301-41300-41302\">Actualmente existen en el pa\u00eds seis centros para adolescentes en conflicto con la ley.<\/p>\n\n\n\n<p id=\"m41306-41305-41307\">Santana afirm\u00f3 que el sistema se mantiene en \u201csituaci\u00f3n de estabilidad\u201d, aunque no libre de fallas.<\/p>\n\n\n\n<p id=\"m41311-41310-41312\">\u00abEstabilidad no quiere decir que todo funciona bien, sino que no hay una situaci\u00f3n de falta de ausencia de control\u00bb, aclar\u00f3.<\/p>\n\n\n\n<p id=\"m41316-41315-41317\">El experto en r\u00e9gimen penitenciario revel\u00f3 que se han registrado casos de abusos sexuales entre internos varones, un tema que atribuye tanto al contexto vulnerable de los j\u00f3venes como a la necesidad de mayor supervisi\u00f3n y personal especializado.<\/p>\n\n\n\n<figure class=\"wp-block-image\" id=\"m41321-41320-41322\"><img decoding=\"async\" src=\"https:\/\/listindiario.com\/files\/vertical_main_image\/uploads\/2025\/12\/08\/69378ff60d7dc.jpeg\" alt=\"Participantes y anfitriones en el Panel de Expertos del LIST\u00cdN DIARIO para analizar el fen\u00f3meno de la delincuencia en los menores de edad.\"\/><figcaption class=\"wp-element-caption\">Participantes y anfitriones en el Panel de Expertos del LIST\u00cdN DIARIO para analizar el fen\u00f3meno de la delincuencia en los menores de edad.JOS\u00c9 A. MALDONADO\/LD<\/figcaption><\/figure>\n\n\n\n<p id=\"m41333-41332-41334\">El director de Servicios Penitenciarios y Correccionales se\u00f1al\u00f3 como avance la reducci\u00f3n de la poblaci\u00f3n juvenil privada de libertad en Hato Nuevo, que pas\u00f3 de casi 300 internos a poco m\u00e1s de 100.<\/p>\n\n\n\n<p id=\"m41338-41337-41339\">Adem\u00e1s, inform\u00f3 que se trabaja en retomar la reforma penitenciaria, fortalecer los programas de reinserci\u00f3n y el sistema de \u201cmedio libre\u201d que permite a reclusos con parte de su condena cumplida realizar trabajos con autorizaci\u00f3n judicial.<\/p>\n\n\n\n<p id=\"m41343-41342-41344\">Santana asegur\u00f3 que la capacitaci\u00f3n del personal es clave en el proceso.<\/p>\n\n\n\n<p id=\"m41348-41347-41349\">Indic\u00f3 que recientemente se formaron 300 nuevos agentes penitenciarios, y que se avanza en la sustituci\u00f3n gradual de polic\u00edas y militares dentro de los recintos. Tambi\u00e9n se cre\u00f3 una oficina contra la corrupci\u00f3n para enfrentar irregularidades internas.<\/p>\n\n\n\n<p id=\"m41353-41352-41354\">\u201cEn la medida en que tienes rehabilitaci\u00f3n, tienes reinserci\u00f3n y reducci\u00f3n de la reincidencia\u201d, sostuvo.<\/p>\n\n\n\n<p id=\"m41358-41357-41359\">El experto agreg\u00f3 que los menores representan apenas el 1% de la poblaci\u00f3n penitenciaria y las mujeres el 2%. \u201cLos malos somos los adultos varones. Somos el 97%\u201d, dijo.<\/p>\n","protected":false},"excerpt":{"rendered":"<p>Se\u00f1al\u00f3 que estos j\u00f3venes a\u00fan est\u00e1n formando su identidad y muchas veces llegan tarde al<\/p>\n","protected":false},"author":1,"featured_media":21690,"comment_status":"open","ping_status":"open","sticky":false,"template":"","format":"standard","meta":{"footnotes":""},"categories":[12],"tags":[],"class_list":["post-21689","post","type-post","status-publish","format-standard","has-post-thumbnail","hentry","category-nacionales"],"_links":{"self":[{"href":"https:\/\/samantharadionline.com\/index.php\/wp-json\/wp\/v2\/posts\/21689","targetHints":{"allow":["GET"]}}],"collection":[{"href":"https:\/\/samantharadionline.com\/index.php\/wp-json\/wp\/v2\/posts"}],"about":[{"href":"https:\/\/samantharadionline.com\/index.php\/wp-json\/wp\/v2\/types\/post"}],"author":[{"embeddable":true,"href":"https:\/\/samantharadionline.com\/index.php\/wp-json\/wp\/v2\/users\/1"}],"replies":[{"embeddable":true,"href":"https:\/\/samantharadionline.com\/index.php\/wp-json\/wp\/v2\/comments?post=21689"}],"version-history":[{"count":1,"href":"https:\/\/samantharadionline.com\/index.php\/wp-json\/wp\/v2\/posts\/21689\/revisions"}],"predecessor-version":[{"id":21691,"href":"https:\/\/samantharadionline.com\/index.php\/wp-json\/wp\/v2\/posts\/21689\/revisions\/21691"}],"wp:featuredmedia":[{"embeddable":true,"href":"https:\/\/samantharadionline.com\/index.php\/wp-json\/wp\/v2\/media\/21690"}],"wp:attachment":[{"href":"https:\/\/samantharadionline.com\/index.php\/wp-json\/wp\/v2\/media?parent=21689"}],"wp:term":[{"taxonomy":"category","embeddable":true,"href":"https:\/\/samantharadionline.com\/index.php\/wp-json\/wp\/v2\/categories?post=21689"},{"taxonomy":"post_tag","embeddable":true,"href":"https:\/\/samantharadionline.com\/index.php\/wp-json\/wp\/v2\/tags?post=21689"}],"curies":[{"name":"wp","href":"https:\/\/api.w.org\/{rel}","templated":true}]}}