{"id":21675,"date":"2025-12-07T09:55:07","date_gmt":"2025-12-07T13:55:07","guid":{"rendered":"https:\/\/samantharadionline.com\/?p=21675"},"modified":"2025-12-07T09:55:08","modified_gmt":"2025-12-07T13:55:08","slug":"cuatro-trabajadoras-del-leonardo-da-vinci-son-arrestadas-la-por-muerte-de-stephora-anne-mircie","status":"publish","type":"post","link":"https:\/\/samantharadionline.com\/index.php\/2025\/12\/07\/cuatro-trabajadoras-del-leonardo-da-vinci-son-arrestadas-la-por-muerte-de-stephora-anne-mircie\/","title":{"rendered":"Cuatro trabajadoras del Leonardo Da Vinci son arrestadas la por muerte de Stephora Anne-Mircie"},"content":{"rendered":"\n<p class=\"has-medium-font-size\"><em>El Ministerio P\u00fablico establece que se evidenci\u00f3 en el v\u00eddeo que \u201chubo negligencia extrema con respecto a las cuidadoras que ten\u00edan la obligaci\u00f3n de Sthepfora\u201d, as\u00ed como de las personas que intervinieron en la organizaci\u00f3n del paseo<\/em><\/p>\n\n\n\n<p><strong>LD,  Santo Domingo, RD.\u00a0<\/strong><\/p>\n\n\n\n<p id=\"m14462-14461-14463\">El Ministerio P\u00fablico inform\u00f3 que arrest\u00f3 a cuatro miembros del Instituto Leonardo Da Vinci, vinculadas a lo que cataloga como&nbsp;<strong>\u201chomicidio involuntario\u201d de la ni\u00f1a Stephora Anne-Mircie Joseph<\/strong>, de 11 a\u00f1os de edad, fallecida en la hacienda Los Caballos, en Gurabo, durante una excursi\u00f3n a la que la llev\u00f3 el centro educativo.<\/p>\n\n\n\n<p id=\"m14467-14466-14468\">Las arrestadas son Yris del Carmen Reyes Adames,&nbsp;<strong>directora administrativa<\/strong>&nbsp;del Leonardo Da Vinci; Gisela Gonz\u00e1lez, coordinadora general y asesora del equipo directivo; Francisca Josefina Tavarez V\u00e9lez, orientadora, y Vilma Altagracia Vargas Morel, coordinadora del nivel secundario.<\/p>\n\n\n\n<p id=\"m14472-14471-14473\">La muerte de la ni\u00f1a se produjo el 14 de noviembre en una de las piscinas de la hacienda Los Caballos, a donde fue trasladada en una excursi\u00f3n junto a otros alumnos del Instituto Leonardo Da Vinci, el cual est\u00e1 ubicado en la Carretera Don Pedro, en Santiago de los Caballeros.<\/p>\n\n\n\n<p id=\"m14477-14476-14478\">\u201cEl Ministerio P\u00fablico tiene evidencias de que movilizaron a 87 ni\u00f1os solo con 3 cuidadoras, s<strong>in tener en cuenta las medidas de seguridad y la profundidad de las piscinas del lugar<\/strong>, sin haber llevado salvavidas, ni preguntado a los padres o tutores si los ni\u00f1os sab\u00edan o no nadar, adem\u00e1s de que tampoco requirieron chalecos salvavidas\u201d, dice una nota de prensa.<\/p>\n\n\n\n<p id=\"m14482-14481-14483\">Asimismo, establecieron que se evidenci\u00f3, en el v\u00eddeo que \u201c<strong>hubo negligencia extrema con respecto a las cuidadoras que ten\u00edan la obligaci\u00f3n de Sthepfora<\/strong>\u201d, as\u00ed como de las personas que intervinieron en la organizaci\u00f3n del paseo.<\/p>\n\n\n\n<p id=\"m14492-14491-14493\">El Ministerio P\u00fablico ha solicitado al Ministerio de Educaci\u00f3n,<strong>&nbsp;la realizaci\u00f3n de una inspecci\u00f3n conjunta del Colegio Leonardo Da Vinci,&nbsp;<\/strong>con el objetivo de identificar cualquier pr\u00e1ctica que atente contra el inter\u00e9s superior del ni\u00f1o.<\/p>\n\n\n\n<p id=\"m14497-14496-14498\">Por instrucci\u00f3n de la procuradora general de la Rep\u00fablica, Yeni Berenice Reynoso, la investigaci\u00f3n del hecho est\u00e1 a cargo del procurador adjunto Wilson Camacho y la procuradora de corte Olga Din\u00e1 Llaver\u00edas, responsables de la Direcci\u00f3n General de Persecuci\u00f3n del Ministerio P\u00fablico y de la Direcci\u00f3n Nacional de Ni\u00f1os, Ni\u00f1as, Adolescentes y Familia (Dinnaf).<\/p>\n","protected":false},"excerpt":{"rendered":"<p>El Ministerio P\u00fablico establece que se evidenci\u00f3 en el v\u00eddeo que \u201chubo negligencia extrema con<\/p>\n","protected":false},"author":1,"featured_media":21676,"comment_status":"open","ping_status":"open","sticky":false,"template":"","format":"standard","meta":{"footnotes":""},"categories":[12],"tags":[],"class_list":["post-21675","post","type-post","status-publish","format-standard","has-post-thumbnail","hentry","category-nacionales"],"_links":{"self":[{"href":"https:\/\/samantharadionline.com\/index.php\/wp-json\/wp\/v2\/posts\/21675","targetHints":{"allow":["GET"]}}],"collection":[{"href":"https:\/\/samantharadionline.com\/index.php\/wp-json\/wp\/v2\/posts"}],"about":[{"href":"https:\/\/samantharadionline.com\/index.php\/wp-json\/wp\/v2\/types\/post"}],"author":[{"embeddable":true,"href":"https:\/\/samantharadionline.com\/index.php\/wp-json\/wp\/v2\/users\/1"}],"replies":[{"embeddable":true,"href":"https:\/\/samantharadionline.com\/index.php\/wp-json\/wp\/v2\/comments?post=21675"}],"version-history":[{"count":1,"href":"https:\/\/samantharadionline.com\/index.php\/wp-json\/wp\/v2\/posts\/21675\/revisions"}],"predecessor-version":[{"id":21677,"href":"https:\/\/samantharadionline.com\/index.php\/wp-json\/wp\/v2\/posts\/21675\/revisions\/21677"}],"wp:featuredmedia":[{"embeddable":true,"href":"https:\/\/samantharadionline.com\/index.php\/wp-json\/wp\/v2\/media\/21676"}],"wp:attachment":[{"href":"https:\/\/samantharadionline.com\/index.php\/wp-json\/wp\/v2\/media?parent=21675"}],"wp:term":[{"taxonomy":"category","embeddable":true,"href":"https:\/\/samantharadionline.com\/index.php\/wp-json\/wp\/v2\/categories?post=21675"},{"taxonomy":"post_tag","embeddable":true,"href":"https:\/\/samantharadionline.com\/index.php\/wp-json\/wp\/v2\/tags?post=21675"}],"curies":[{"name":"wp","href":"https:\/\/api.w.org\/{rel}","templated":true}]}}