{"id":21672,"date":"2025-12-07T09:51:28","date_gmt":"2025-12-07T13:51:28","guid":{"rendered":"https:\/\/samantharadionline.com\/?p=21672"},"modified":"2025-12-07T09:51:29","modified_gmt":"2025-12-07T13:51:29","slug":"mure-el-fundador-de-el-gran-combo-de-puerto-rico","status":"publish","type":"post","link":"https:\/\/samantharadionline.com\/index.php\/2025\/12\/07\/mure-el-fundador-de-el-gran-combo-de-puerto-rico\/","title":{"rendered":"Mure el fundador de El Gran Combo de Puerto Rico"},"content":{"rendered":"\n<p class=\"has-medium-font-size\"><em>El deceso del \u00edcono ocurrido este s\u00e1bado fue confirmado por V\u00edctor Rivera, abogado de la familia, a la emisora radial WKAQ<\/em><\/p>\n\n\n\n<figure class=\"wp-block-image\"><img decoding=\"async\" src=\"https:\/\/listindiario.com\/files\/image_60_60\/uploads\/2024\/12\/24\/676b124fa2875.png\" alt=\"Avatar del El Nuevo D\u00eda | GDA\"\/><\/figure>\n\n\n\n<p><strong><em>\u00a0<\/em>El Nuevo D\u00eda | GDA, San Juan, Puerto Rico<\/strong><\/p>\n\n\n\n<p id=\"m56436-56435-56437\"><strong>Muri\u00f3 Rafael Ithier Natal<\/strong>, el maestro indiscutible detr\u00e1s de El Gran Combo de Puerto Rico.<\/p>\n\n\n\n<p id=\"m56441-56440-56442\">El maestro de la salsa ha silenciado su piano por \u00faltima vez a los 99 a\u00f1os<\/p>\n\n\n\n<p id=\"m56446-56445-56447\">El deceso del \u00edcono ocurrido este s\u00e1bado fue confirmado por&nbsp;<strong>V\u00edctor Rivera<\/strong>, abogado de la familia, a la emisora radial&nbsp;<strong>WKAQ<\/strong>. Igualmente, la clase art\u00edstica se desbord\u00f3 en reacciones casi inmediatamente, entre ellas las de los salseros&nbsp;<strong>V\u00edctor Manuelle y Richie Ray.<\/strong><\/p>\n\n\n\n<p id=\"m56451-56450-56452\">Su partida no solo marca el fin de una era para la orquesta que fund\u00f3 en 1962, sino que tambi\u00e9n deja un vac\u00edo irremplazable en la banda sonora de la cultura puertorrique\u00f1a y latina en general.<\/p>\n\n\n\n<p>PUBLICIDAD<\/p>\n\n\n\n<p id=\"m56456-56455-56457\">Al m\u00fasico le sobreviven su esposa Carmen Soto y sus hijos Carlos, Pedro, M\u00e9rida, Maritza e Ivonne.<\/p>\n\n\n\n<p id=\"m56461-56460-56462\">Adem\u00e1s de ser director musical, Ithier fue arreglista, pianista y compositor. La discograf\u00eda de El Gran Combo de Puerto Rico sobrepasa las 70 producciones. La m\u00e1s reciente, sin embargo, es \u201cEn Cuarentena\u201d, lanzada en el 2021.<\/p>\n\n\n\n<p id=\"m56466-56465-56467\">Desde el 1962 al momento de su fallecimiento, el hijo de los mayag\u00fcezanos Nicol\u00e1s \u201cMacaco\u201d Ithier y M\u00e9rida Natal fue la fuerza que mantuvo a la que es considerada una bandera musical, narradores de historias de corte cotidiano y popular, muchas de las que se han tornado en \u00e9xitos y referentes de la idiosincrasia boricua.<\/p>\n\n\n\n<p id=\"m56471-56470-56472\">Bajo su mando, El Gran Combo se convirti\u00f3 en la \u00fanica orquesta puertorrique\u00f1a en presentarse en los cinco continentes.<\/p>\n\n\n\n<p id=\"m56476-56475-56477\">El reconocido m\u00fasico Rafael Ithier Natal, fundador de El Gran Combo, obtuvo el 15 de marzo de 2024 un doctorado honoris causa en Estudios Generales de la Universidad de Puerto Rico, Recinto de R\u00edo Piedras, en una ceremonia que se llev\u00f3 a cabo en el emblem\u00e1tico teatro del campus.<\/p>\n\n\n\n<p id=\"m56481-56480-56482\">Los compa\u00f1eros de la agrupaci\u00f3n lo acompa\u00f1aron en este momento importante.<\/p>\n\n\n\n<p id=\"m56486-56485-56487\">Ithier Natal se destac\u00f3 como estandarte de la cultura puertorrique\u00f1a a trav\u00e9s de la m\u00fasica. En 1962, fund\u00f3 El Gran Combo de Puerto Rico y -desde entonces- ha fungido como su director art\u00edstico.&nbsp;<\/p>\n","protected":false},"excerpt":{"rendered":"<p>El deceso del \u00edcono ocurrido este s\u00e1bado fue confirmado por V\u00edctor Rivera, abogado de la<\/p>\n","protected":false},"author":1,"featured_media":21673,"comment_status":"open","ping_status":"open","sticky":false,"template":"","format":"standard","meta":{"footnotes":""},"categories":[11],"tags":[],"class_list":["post-21672","post","type-post","status-publish","format-standard","has-post-thumbnail","hentry","category-entretenimiento"],"_links":{"self":[{"href":"https:\/\/samantharadionline.com\/index.php\/wp-json\/wp\/v2\/posts\/21672","targetHints":{"allow":["GET"]}}],"collection":[{"href":"https:\/\/samantharadionline.com\/index.php\/wp-json\/wp\/v2\/posts"}],"about":[{"href":"https:\/\/samantharadionline.com\/index.php\/wp-json\/wp\/v2\/types\/post"}],"author":[{"embeddable":true,"href":"https:\/\/samantharadionline.com\/index.php\/wp-json\/wp\/v2\/users\/1"}],"replies":[{"embeddable":true,"href":"https:\/\/samantharadionline.com\/index.php\/wp-json\/wp\/v2\/comments?post=21672"}],"version-history":[{"count":1,"href":"https:\/\/samantharadionline.com\/index.php\/wp-json\/wp\/v2\/posts\/21672\/revisions"}],"predecessor-version":[{"id":21674,"href":"https:\/\/samantharadionline.com\/index.php\/wp-json\/wp\/v2\/posts\/21672\/revisions\/21674"}],"wp:featuredmedia":[{"embeddable":true,"href":"https:\/\/samantharadionline.com\/index.php\/wp-json\/wp\/v2\/media\/21673"}],"wp:attachment":[{"href":"https:\/\/samantharadionline.com\/index.php\/wp-json\/wp\/v2\/media?parent=21672"}],"wp:term":[{"taxonomy":"category","embeddable":true,"href":"https:\/\/samantharadionline.com\/index.php\/wp-json\/wp\/v2\/categories?post=21672"},{"taxonomy":"post_tag","embeddable":true,"href":"https:\/\/samantharadionline.com\/index.php\/wp-json\/wp\/v2\/tags?post=21672"}],"curies":[{"name":"wp","href":"https:\/\/api.w.org\/{rel}","templated":true}]}}