{"id":2112,"date":"2024-03-04T20:43:50","date_gmt":"2024-03-04T19:43:50","guid":{"rendered":"https:\/\/samantharadionline.com\/?p=2112"},"modified":"2024-03-04T20:44:36","modified_gmt":"2024-03-04T19:44:36","slug":"trasladan-presos-colombianos-en-haiti-por-magnicidio-de-moise-a-otra-prision","status":"publish","type":"post","link":"https:\/\/samantharadionline.com\/index.php\/2024\/03\/04\/trasladan-presos-colombianos-en-haiti-por-magnicidio-de-moise-a-otra-prision\/","title":{"rendered":"Trasladan presos colombianos en Hait\u00ed por magnicidio de Moise a otra prisi\u00f3n"},"content":{"rendered":"\n<p><strong>El ataque de las bandas a la prisi\u00f3n permiti\u00f3 la fuga de 3,597 presos, de un total de 3,696<\/strong><\/p>\n\n\n\n<p><img decoding=\"async\" width=\"60px\" height=\"60px\" src=\"https:\/\/listindiario.com\/files\/image_60_60\/uploads\/2023\/05\/23\/646cd02f4f53e.jpeg\" alt=\"Avatar del Agencia EFE\"><em>\u00a0<\/em>AGENCIA EFE<\/p>\n\n\n\n<p><strong>Puerto Pr\u00edncipe<\/strong><\/p>\n\n\n\n<p>Los 17&nbsp;<strong>colombianos presos<\/strong>&nbsp;en&nbsp;<strong>Hait\u00ed&nbsp;<\/strong>por el magnicidio del presidente<strong>&nbsp;Jovenel Moise<\/strong>&nbsp;en 2021, que estaban en la prisi\u00f3n civil de&nbsp;<strong>Puerto Pr\u00edncipe<\/strong>&nbsp;donde al menos una quincena de personas muri\u00f3 anoche en un&nbsp;<strong>ataque de bandas<\/strong>, fueron trasladados a \u00abotras instalaciones\u00bb este domingo, confirmaron fuentes oficiales.<\/p>\n\n\n\n<p>La&nbsp;<strong>Canciller\u00eda de Colombia&nbsp;<\/strong>detall\u00f3 en un&nbsp;<strong>comunicado&nbsp;<\/strong>que \u00abel traslado de los colombianos&nbsp;<strong>privados de la libertad&nbsp;<\/strong>se produjo despu\u00e9s\u00bb de enviar \u00abuna nota diplom\u00e1tica al&nbsp;<strong>Gobierno de la Rep\u00fablica de Hait\u00ed<\/strong>, en la que le solicitaba que se brinde especial protecci\u00f3n a la integridad f\u00edsica y seguridad de los nacionales colombianos privados de la libertad en ese pa\u00eds\u00bb.<\/p>\n\n\n\n<p>El<strong>&nbsp;ataque de las bandas&nbsp;<\/strong>a la prisi\u00f3n permiti\u00f3 la fuga de 3,597 presos, de un total de 3,696, lo que supone algo m\u00e1s del 97 % de los reclusos de la que es la mayor c\u00e1rcel de la capital haitiana.<\/p>\n","protected":false},"excerpt":{"rendered":"<p>El ataque de las bandas a la prisi\u00f3n permiti\u00f3 la fuga de 3,597 presos, de<\/p>\n","protected":false},"author":1,"featured_media":2115,"comment_status":"open","ping_status":"open","sticky":false,"template":"","format":"standard","meta":{"footnotes":""},"categories":[4],"tags":[],"class_list":["post-2112","post","type-post","status-publish","format-standard","has-post-thumbnail","hentry","category-mundiales"],"_links":{"self":[{"href":"https:\/\/samantharadionline.com\/index.php\/wp-json\/wp\/v2\/posts\/2112","targetHints":{"allow":["GET"]}}],"collection":[{"href":"https:\/\/samantharadionline.com\/index.php\/wp-json\/wp\/v2\/posts"}],"about":[{"href":"https:\/\/samantharadionline.com\/index.php\/wp-json\/wp\/v2\/types\/post"}],"author":[{"embeddable":true,"href":"https:\/\/samantharadionline.com\/index.php\/wp-json\/wp\/v2\/users\/1"}],"replies":[{"embeddable":true,"href":"https:\/\/samantharadionline.com\/index.php\/wp-json\/wp\/v2\/comments?post=2112"}],"version-history":[{"count":1,"href":"https:\/\/samantharadionline.com\/index.php\/wp-json\/wp\/v2\/posts\/2112\/revisions"}],"predecessor-version":[{"id":2114,"href":"https:\/\/samantharadionline.com\/index.php\/wp-json\/wp\/v2\/posts\/2112\/revisions\/2114"}],"wp:featuredmedia":[{"embeddable":true,"href":"https:\/\/samantharadionline.com\/index.php\/wp-json\/wp\/v2\/media\/2115"}],"wp:attachment":[{"href":"https:\/\/samantharadionline.com\/index.php\/wp-json\/wp\/v2\/media?parent=2112"}],"wp:term":[{"taxonomy":"category","embeddable":true,"href":"https:\/\/samantharadionline.com\/index.php\/wp-json\/wp\/v2\/categories?post=2112"},{"taxonomy":"post_tag","embeddable":true,"href":"https:\/\/samantharadionline.com\/index.php\/wp-json\/wp\/v2\/tags?post=2112"}],"curies":[{"name":"wp","href":"https:\/\/api.w.org\/{rel}","templated":true}]}}