{"id":2109,"date":"2024-03-04T20:24:25","date_gmt":"2024-03-04T19:24:25","guid":{"rendered":"https:\/\/samantharadionline.com\/?p=2109"},"modified":"2024-03-04T20:24:27","modified_gmt":"2024-03-04T19:24:27","slug":"oea-insta-a-la-onu-a-impulsar-esfuerzos-para-restablecer-seguridad-en-haiti","status":"publish","type":"post","link":"https:\/\/samantharadionline.com\/index.php\/2024\/03\/04\/oea-insta-a-la-onu-a-impulsar-esfuerzos-para-restablecer-seguridad-en-haiti\/","title":{"rendered":"OEA insta a la ONU a impulsar esfuerzos para restablecer seguridad en Hait\u00ed"},"content":{"rendered":"\n<p><strong>\u00abEs irresponsable que se sigan demorando las medidas y las acciones necesarias\u00bb, se\u00f1al\u00f3 en un comunicado de prensa el \u00f3rgano central de la OEA, ante los ultimos actos violentos en el pa\u00eds m\u00e1s pobre de Latinoam\u00e9rica.<\/strong><\/p>\n\n\n\n<p><strong>Santo Domingo, RD<\/strong><\/p>\n\n\n\n<p>La Secretar\u00eda General de la Organizaci\u00f3n de los Estados Americanos (OEA) expres\u00f3 su profunda preocupaci\u00f3n por el actual estado de violencia e inseguridad que atraviesa en Hait\u00ed.&nbsp;<\/p>\n\n\n\n<p>El \u00f3rgano central de la OEA dijo que \u00abes m\u00e1s necesario que nunca\u00bb impulsar los esfuerzos de cooperaci\u00f3n en la Organizaci\u00f3n de las Naciones Unidas para restablecer la seguridad en el pa\u00eds.<\/p>\n\n\n\n<p>\u00abEs irresponsable que se sigan demorando las medidas y las acciones necesarias\u00bb, se\u00f1al\u00f3 en un comunicado de prensa.&nbsp;<\/p>\n\n\n\n<p>La Secretar\u00eda General, adem\u00e1s, manifest\u00f3 que sin seguridad no habr\u00e1 democracia, por lo que reafirmaron su apoyo al pueblo haitiano, dentro del pa\u00eds y en la di\u00e1spora, as\u00ed como su compromiso de continuar colaborando para impulsar una soluci\u00f3n que avance en el proceso de democratizaci\u00f3n en el pa\u00eds.&nbsp;<\/p>\n\n\n\n<p>Dijo que procurar\u00e1 garant\u00edas en los derechos humanos, protecci\u00f3n para todos y un contexto pac\u00edfico para celebrar elecciones libres y justas en Hait\u00ed.<\/p>\n\n\n\n<p>\u00abLa Secretar\u00eda General de la OEA est\u00e1 decidida a fortalecer su cooperaci\u00f3n con Hait\u00ed para enfrentar los desaf\u00edos actuales de inestabilidad democr\u00e1tica, desempleo, inseguridad alimentaria, analfabetismo, inseguridad sanitaria, corrupci\u00f3n y otros problemas sociopol\u00edticos y socioecon\u00f3micos que afectan al pa\u00eds y que son exacerbados por la perpetua violencia de los elementos criminales que tienen secuestrado al pa\u00eds\u00bb, se\u00f1ala el comunicado.&nbsp;<\/p>\n\n\n\n<p>Tras un ataque en dos centros penitenciarios por bandas criminales, en el que murieron decenas de personas, el Gobierno de Hait\u00ed declar\u00f3 en estado de emergencia todo el lado Oeste de ese pa\u00eds y estableci\u00f3 un toque de queda que inici\u00f3 el domingo 6.<\/p>\n\n\n\n<p>Un comunicado firmado por el primer ministro interino, Patricio Michel Boivert, en la ausencia de Ariel Henry, establece un toque de queda desde las 6:00 de la tarde hasta las 5:00 de la ma\u00f1ana, desde el lunes 4 hasta el mi\u00e9rcoles 6 en Puerto Pr\u00edncipe.<\/p>\n","protected":false},"excerpt":{"rendered":"<p>\u00abEs irresponsable que se sigan demorando las medidas y las acciones necesarias\u00bb, se\u00f1al\u00f3 en un<\/p>\n","protected":false},"author":1,"featured_media":2110,"comment_status":"open","ping_status":"open","sticky":false,"template":"","format":"standard","meta":{"footnotes":""},"categories":[12],"tags":[],"class_list":["post-2109","post","type-post","status-publish","format-standard","has-post-thumbnail","hentry","category-nacionales"],"_links":{"self":[{"href":"https:\/\/samantharadionline.com\/index.php\/wp-json\/wp\/v2\/posts\/2109","targetHints":{"allow":["GET"]}}],"collection":[{"href":"https:\/\/samantharadionline.com\/index.php\/wp-json\/wp\/v2\/posts"}],"about":[{"href":"https:\/\/samantharadionline.com\/index.php\/wp-json\/wp\/v2\/types\/post"}],"author":[{"embeddable":true,"href":"https:\/\/samantharadionline.com\/index.php\/wp-json\/wp\/v2\/users\/1"}],"replies":[{"embeddable":true,"href":"https:\/\/samantharadionline.com\/index.php\/wp-json\/wp\/v2\/comments?post=2109"}],"version-history":[{"count":1,"href":"https:\/\/samantharadionline.com\/index.php\/wp-json\/wp\/v2\/posts\/2109\/revisions"}],"predecessor-version":[{"id":2111,"href":"https:\/\/samantharadionline.com\/index.php\/wp-json\/wp\/v2\/posts\/2109\/revisions\/2111"}],"wp:featuredmedia":[{"embeddable":true,"href":"https:\/\/samantharadionline.com\/index.php\/wp-json\/wp\/v2\/media\/2110"}],"wp:attachment":[{"href":"https:\/\/samantharadionline.com\/index.php\/wp-json\/wp\/v2\/media?parent=2109"}],"wp:term":[{"taxonomy":"category","embeddable":true,"href":"https:\/\/samantharadionline.com\/index.php\/wp-json\/wp\/v2\/categories?post=2109"},{"taxonomy":"post_tag","embeddable":true,"href":"https:\/\/samantharadionline.com\/index.php\/wp-json\/wp\/v2\/tags?post=2109"}],"curies":[{"name":"wp","href":"https:\/\/api.w.org\/{rel}","templated":true}]}}