{"id":2096,"date":"2024-03-04T14:15:25","date_gmt":"2024-03-04T13:15:25","guid":{"rendered":"https:\/\/samantharadionline.com\/?p=2096"},"modified":"2024-03-04T14:15:26","modified_gmt":"2024-03-04T13:15:26","slug":"toque-de-queda-en-haiti-hasta-el-miercoles","status":"publish","type":"post","link":"https:\/\/samantharadionline.com\/index.php\/2024\/03\/04\/toque-de-queda-en-haiti-hasta-el-miercoles\/","title":{"rendered":"Toque de queda en Hait\u00ed hasta el mi\u00e9rcoles"},"content":{"rendered":"\n<p><strong>Un comunicado firmado por el primer ministro interino, Patricio Michel Boivert, en la ausencia de Ariel Henry, establece un toque de queda<\/strong><\/p>\n\n\n\n<p><em>\u00a0<\/em>YUDELKA DOM\u00cdNGUEZ<\/p>\n\n\n\n<p><strong>Santo Domingo, RD.<\/strong><\/p>\n\n\n\n<p>El&nbsp;<strong>Gobierno de Hait\u00ed<\/strong>&nbsp;emiti\u00f3 este domingo un comunicado en el que declara en&nbsp;<strong>estado de emergencia<\/strong>&nbsp;todo el lado Oeste de ese pa\u00eds y establece un toque de queda que inici\u00f3 este domingo.<\/p>\n\n\n\n<p>Un comunicado firmado por el primer ministro interino,&nbsp;<strong>Patricio Michel Boivert<\/strong>, en la ausencia de&nbsp;<strong>Ariel Henry<\/strong>, establece un&nbsp;<strong>toque de queda<\/strong>&nbsp;desde las 6:00 de la tarde hasta las 5:00 de la ma\u00f1ana, desde el lunes 4 hasta el mi\u00e9rcoles 6 en&nbsp;<strong>Puerto Pr\u00edncipe<\/strong>.<\/p>\n\n\n\n<figure class=\"wp-block-image\" id=\"m53600-53599-53601\"><img decoding=\"async\" src=\"https:\/\/listindiario.com\/files\/vertical_main_image\/uploads\/2024\/03\/03\/65e4d5baecce8.jpeg\" alt=\"Los reclusos se re\u00fanen dentro de la Penitenciar\u00eda Nacional en el centro de Puerto Pr\u00edncipe, Hait\u00ed, el domingo 3 de marzo de 2024. Cientos de reclusos huyeron de la prisi\u00f3n principal de Hait\u00ed despu\u00e9s de que bandas armadas irrumpieran en las instalaciones durante la noche.\"\/><figcaption class=\"wp-element-caption\">Los reclusos se re\u00fanen dentro de la Penitenciar\u00eda Nacional en el centro de Puerto Pr\u00edncipe, Hait\u00ed, el domingo 3 de marzo de 2024AP\/ODELYN JOSEPH<\/figcaption><\/figure>\n\n\n\n<p>Asimismo, se estableci\u00f3 que el&nbsp;<strong>toque de queda<\/strong>&nbsp;iniciaba este domingo a las 8:00 de la noche hasta las 5: de la ma\u00f1ana, con el fin de restablecer el orden.<\/p>\n\n\n\n<p>\u201cEsta medida no se aplica a los agentes del orden en servicio, bomberos, conductores de ambulancias, personal sanitario y periodistas debidamente identificados\u201d, dice el&nbsp;<strong>comunicado&nbsp;<\/strong>que establece que la medida puede ser renovada.&nbsp;<\/p>\n\n\n\n<p>El&nbsp;<strong>gobierno<\/strong>, a trav\u00e9s del comunicado, orden\u00f3 a la&nbsp;<strong>Polic\u00eda haitiana<\/strong>&nbsp;\u201cutilizar todos los medios legales para hacer cumplir el toque de queda y detener a todos los infractores\u201d.<\/p>\n\n\n\n<p>De acuerdo a los considerandos de esta orden, se tom\u00f3 la decisi\u00f3n debido al deterioro de la seguridad, en particular en el \u00e1rea&nbsp;<strong>metropolitana de Puerto Pr\u00edncipe,<\/strong>&nbsp;caracterizada por actos criminales cada vez m\u00e1s violentos perpetrados por bandas armadas, que provocan desplazamientos masivos de poblaci\u00f3n y que consisten, en particular, en secuestros y asesinatos de ciudadanos pac\u00edficos, violencia contra mujeres y ni\u00f1os, saqueo y robo de&nbsp;<strong>propiedad p\u00fablica y privada<\/strong>.<\/p>\n\n\n\n<p>Adem\u00e1s de los ataques que se realizaron este s\u00e1bado en contra los dos mayores<strong>&nbsp;centros penitenciarios&nbsp;<\/strong>del pa\u00eds, concretamente en la capital y en&nbsp;<strong>Croix des Bouquets<\/strong>, que provocaron muertos y heridos entre la polic\u00eda y el personal penitenciario, la fuga de&nbsp;<strong>presos peligrosos&nbsp;<\/strong>y el&nbsp;<strong>vandalismo&nbsp;<\/strong>de estos lugares.<\/p>\n","protected":false},"excerpt":{"rendered":"<p>Un comunicado firmado por el primer ministro interino, Patricio Michel Boivert, en la ausencia de<\/p>\n","protected":false},"author":1,"featured_media":2097,"comment_status":"open","ping_status":"open","sticky":false,"template":"","format":"standard","meta":{"footnotes":""},"categories":[12],"tags":[],"class_list":["post-2096","post","type-post","status-publish","format-standard","has-post-thumbnail","hentry","category-nacionales"],"_links":{"self":[{"href":"https:\/\/samantharadionline.com\/index.php\/wp-json\/wp\/v2\/posts\/2096","targetHints":{"allow":["GET"]}}],"collection":[{"href":"https:\/\/samantharadionline.com\/index.php\/wp-json\/wp\/v2\/posts"}],"about":[{"href":"https:\/\/samantharadionline.com\/index.php\/wp-json\/wp\/v2\/types\/post"}],"author":[{"embeddable":true,"href":"https:\/\/samantharadionline.com\/index.php\/wp-json\/wp\/v2\/users\/1"}],"replies":[{"embeddable":true,"href":"https:\/\/samantharadionline.com\/index.php\/wp-json\/wp\/v2\/comments?post=2096"}],"version-history":[{"count":1,"href":"https:\/\/samantharadionline.com\/index.php\/wp-json\/wp\/v2\/posts\/2096\/revisions"}],"predecessor-version":[{"id":2098,"href":"https:\/\/samantharadionline.com\/index.php\/wp-json\/wp\/v2\/posts\/2096\/revisions\/2098"}],"wp:featuredmedia":[{"embeddable":true,"href":"https:\/\/samantharadionline.com\/index.php\/wp-json\/wp\/v2\/media\/2097"}],"wp:attachment":[{"href":"https:\/\/samantharadionline.com\/index.php\/wp-json\/wp\/v2\/media?parent=2096"}],"wp:term":[{"taxonomy":"category","embeddable":true,"href":"https:\/\/samantharadionline.com\/index.php\/wp-json\/wp\/v2\/categories?post=2096"},{"taxonomy":"post_tag","embeddable":true,"href":"https:\/\/samantharadionline.com\/index.php\/wp-json\/wp\/v2\/tags?post=2096"}],"curies":[{"name":"wp","href":"https:\/\/api.w.org\/{rel}","templated":true}]}}